{"id":8920,"date":"2024-06-23T14:16:34","date_gmt":"2024-06-23T17:16:34","guid":{"rendered":"https:\/\/guialimeira.com.br\/2024\/06\/23\/grandes-usinas-solares-igualam-capacidade-da-hidreletrica-de-itaipu\/"},"modified":"2024-06-23T14:16:34","modified_gmt":"2024-06-23T17:16:34","slug":"grandes-usinas-solares-igualam-capacidade-da-hidreletrica-de-itaipu","status":"publish","type":"post","link":"https:\/\/guialimeira.com.br\/news\/grandes-usinas-solares-igualam-capacidade-da-hidreletrica-de-itaipu\/","title":{"rendered":"Grandes usinas solares igualam capacidade da hidrel\u00e9trica de Itaipu"},"content":{"rendered":"<p> <br \/>\n<\/p>\n<div>\n<p>As usinas solares de maior porte no pa\u00eds ultrapassaram em junho a marca de 14 gigawatts (GW) de pot\u00eancia operacional, informou esta semana a Associa\u00e7\u00e3o Brasileira de Energia Solar Fotovoltaica (Absolar). A pot\u00eancia iguala a capacidade instalada de Itaipu, a segunda maior usina hidrel\u00e9trica do planeta.<img data-recalc-dims=\"1\" decoding=\"async\" src=\"https:\/\/i0.wp.com\/agenciabrasil.ebc.com.br\/ebc.png?w=696&#038;ssl=1\" style=\"width:1px; height:1px; display:inline;\"\/><img data-recalc-dims=\"1\" decoding=\"async\" src=\"https:\/\/i0.wp.com\/agenciabrasil.ebc.com.br\/ebc.gif?w=696&#038;ssl=1\" style=\"width:1px; height:1px; display:inline;\"\/><\/p>\n<p>Atualmente, todas as unidades da federa\u00e7\u00e3o t\u00eam usinas solares de grande porte. Na divis\u00e3o por regi\u00f5es, o Nordeste ocupa a lideran\u00e7a, com 59,8% de pot\u00eancia instalada. Em seguida, v\u00eam o Sudeste, com 39,1%, e o Sul, com 0,5%. Completam a lista o Norte e o Centro-Oeste, com 0,3% cada.<\/p>\n<p>Segundo a Absolar, mesmo com a depend\u00eancia da luz solar, \u00e9 plenamente poss\u00edvel aumentar significativamente a participa\u00e7\u00e3o das fontes renov\u00e1veis na matriz el\u00e9trica brasileira. A amplia\u00e7\u00e3o, alega a entidade, pode assegurar a confiabilidade, a seguran\u00e7a e a estabilidade do sistema el\u00e9trico do pa\u00eds, mantendo o equil\u00edbrio t\u00e9cnico e econ\u00f4mico dos contratos de todos os produtores de energia.<\/p>\n<h2>Varia\u00e7\u00e3o de ventos<\/h2>\n<p>Um estudo realizado de 2019 a 2021 pelo Minist\u00e9rio de Minas e Energia, pela Empresa de Pesquisa Energ\u00e9tica (EPE), pelo Operador Nacional do Sistema El\u00e9trico (ONS) e a GIZ, entidade de coopera\u00e7\u00e3o internacional do governo alem\u00e3o, constatou sinergia entre as matrizes de energia renov\u00e1vel no Brasil. Quando h\u00e1 varia\u00e7\u00f5es nos ventos e no Sol, as hidrel\u00e9tricas garantem o equil\u00edbrio do sistema, n\u00e3o as termel\u00e9tricas f\u00f3sseis. Atualmente, o estudo est\u00e1 na terceira fase.<\/p>\n<p>Ao considerar as unidades de produ\u00e7\u00e3o de energia solar de todos os portes, da produ\u00e7\u00e3o dom\u00e9stica \u00e0s usinas grandes, o Brasil alcan\u00e7ou, em 2023, 15,7 gigawatts de pot\u00eancia m\u00e1xima de energia fotovoltaica. Com 4% do mercado global, o pa\u00eds firmou-se como a terceiro maior produtor de energia solar, atr\u00e1s apenas da China e dos Estados Unidos.<\/p>\n<div class=\"dnd-widget-wrapper context-cheio_8colunas type-image\">\n<div class=\"dnd-atom-rendered\"><!-- scald=54542:cheio_8colunas --><\/p>\n<div class=\"shadow overflow-hidden rounded-lg d-block w-100\">\n            <img data-recalc-dims=\"1\" decoding=\"async\" src=\"https:\/\/i0.wp.com\/agenciabrasil.ebc.com.br\/sites\/default\/files\/thumbnails\/image\/loading_v2.gif?w=696&#038;ssl=1\" data-echo=\"https:\/\/imagens.ebc.com.br\/NvcEPJxSJ_VRJ-KJgUo5EKaBWJ4=\/754x0\/smart\/https:\/\/agenciabrasil.ebc.com.br\/sites\/default\/files\/atoms\/image\/placas_energia_solar.jpg?itok=2ZLd61qg\" alt=\"Placas para gera\u00e7\u00e3o de energia solar\" title=\"Soninha Vill\/GIZ\" class=\"flex-fill img-cover\"\/><br \/>\n        <img data-recalc-dims=\"1\" decoding=\"async\" src=\"https:\/\/i0.wp.com\/imagens.ebc.com.br\/NvcEPJxSJ_VRJ-KJgUo5EKaBWJ4%3D\/754x0\/smart\/https%3A\/\/agenciabrasil.ebc.com.br\/sites\/default\/files\/atoms\/image\/placas_energia_solar.jpg?w=696&#038;ssl=1\" alt=\"Placas para gera\u00e7\u00e3o de energia solar\" title=\"Soninha Vill\/GIZ\" class=\"flex-fill img-cover\"\/>\n    <\/div>\n<p><!-- END scald=54542 --><\/div>\n<div class=\"dnd-caption-wrapper\">\n<p><!--copyright=54542-->Placas para gera\u00e7\u00e3o de energia solar t\u00eam utiliza\u00e7\u00e3o crescente no Brasil &#8211;<strong> foto <\/strong>&#8211; <strong>Soninha Vill\/GIZ<\/strong><!--END copyright=54542--><\/p>\n<\/div>\n<\/div>\n<p>A conclus\u00e3o consta do relat\u00f3rio Perspectiva Global para a Pot\u00eancia Solar 2024-2028, elaborado pela organiza\u00e7\u00e3o <em>SolarPower Europe<\/em> e divulgado na Alemanha. Tanto no levantamento da Absolar como no relat\u00f3rio europeu, a metodologia considera a pot\u00eancia m\u00e1xima de produ\u00e7\u00e3o, nos cen\u00e1rios de maior insola\u00e7\u00e3o, n\u00e3o a pot\u00eancia nominal instalada,<\/p>\n<p>Segundo a Absolar, desde 2012, o setor foi respons\u00e1vel por R$ 60,7 bilh\u00f5es em investimentos e gerou mais de 424 mil empregos verdes. No mesmo per\u00edodo, a produ\u00e7\u00e3o de energia solar proporcionou R$ 20 bilh\u00f5es em arrecada\u00e7\u00e3o aos cofres p\u00fablicos.<\/p>\n<\/p><\/div>\n<p><br \/>\n<br \/><a href=\"https:\/\/agenciabrasil.ebc.com.br\/economia\/noticia\/2024-06\/grandes-usinas-solares-igualam-capacidade-da-hidreletrica-de-itaipu\" rel=\"noopener\">Ag\u00eancia Brasil<\/a><\/p>\n","protected":false},"excerpt":{"rendered":"<p>As usinas solares de maior porte no pa\u00eds ultrapassaram em junho a marca de 14 gigawatts (GW) de pot\u00eancia operacional, informou esta semana a Associa\u00e7\u00e3o Brasileira de Energia Solar Fotovoltaica (Absolar). A pot\u00eancia iguala a capacidade instalada de Itaipu, a segunda maior usina hidrel\u00e9trica do planeta. Atualmente, todas as unidades da federa\u00e7\u00e3o t\u00eam usinas solares [&hellip;]<\/p>\n","protected":false},"author":1,"featured_media":8921,"comment_status":"open","ping_status":"open","sticky":false,"template":"","format":"standard","meta":{"_jetpack_newsletter_access":"","_jetpack_dont_email_post_to_subs":false,"_jetpack_newsletter_tier_id":0,"_jetpack_memberships_contains_paywalled_content":false,"_mbp_banners":[],"_jetpack_feature_clip_id":0,"_jetpack_memberships_contains_paid_content":false,"footnotes":"","jetpack_publicize_message":"","jetpack_publicize_feature_enabled":true,"jetpack_social_post_already_shared":true,"jetpack_social_options":{"image_generator_settings":{"template":"highway","default_image_id":0,"font":"","enabled":false},"version":2},"jetpack_post_was_ever_published":false},"categories":[24],"tags":[],"class_list":["post-8920","post","type-post","status-publish","format-standard","has-post-thumbnail","category-economia"],"jetpack_publicize_connections":[],"jetpack-related-posts":[],"jetpack_shortlink":"https:\/\/wp.me\/p7Eq1F-2jS","jetpack_sharing_enabled":true,"jetpack_featured_media_url":"https:\/\/i0.wp.com\/guialimeira.com.br\/news\/wp-content\/uploads\/2024\/06\/placas_energia_solar_1.jpg?fit=1600%2C800&ssl=1","_links":{"self":[{"href":"https:\/\/guialimeira.com.br\/news\/wp-json\/wp\/v2\/posts\/8920","targetHints":{"allow":["GET"]}}],"collection":[{"href":"https:\/\/guialimeira.com.br\/news\/wp-json\/wp\/v2\/posts"}],"about":[{"href":"https:\/\/guialimeira.com.br\/news\/wp-json\/wp\/v2\/types\/post"}],"author":[{"embeddable":true,"href":"https:\/\/guialimeira.com.br\/news\/wp-json\/wp\/v2\/users\/1"}],"replies":[{"embeddable":true,"href":"https:\/\/guialimeira.com.br\/news\/wp-json\/wp\/v2\/comments?post=8920"}],"version-history":[{"count":0,"href":"https:\/\/guialimeira.com.br\/news\/wp-json\/wp\/v2\/posts\/8920\/revisions"}],"wp:featuredmedia":[{"embeddable":true,"href":"https:\/\/guialimeira.com.br\/news\/wp-json\/wp\/v2\/media\/8921"}],"wp:attachment":[{"href":"https:\/\/guialimeira.com.br\/news\/wp-json\/wp\/v2\/media?parent=8920"}],"wp:term":[{"taxonomy":"category","embeddable":true,"href":"https:\/\/guialimeira.com.br\/news\/wp-json\/wp\/v2\/categories?post=8920"},{"taxonomy":"post_tag","embeddable":true,"href":"https:\/\/guialimeira.com.br\/news\/wp-json\/wp\/v2\/tags?post=8920"}],"curies":[{"name":"wp","href":"https:\/\/api.w.org\/{rel}","templated":true}]}}