{"id":8897,"date":"2024-06-22T18:58:47","date_gmt":"2024-06-22T21:58:47","guid":{"rendered":"https:\/\/guialimeira.com.br\/2024\/06\/22\/joia-do-palmeiras-de-17-anos-estevao-e-contratado-pelo-chelsea\/"},"modified":"2024-06-22T18:58:47","modified_gmt":"2024-06-22T21:58:47","slug":"joia-do-palmeiras-de-17-anos-estevao-e-contratado-pelo-chelsea","status":"publish","type":"post","link":"https:\/\/guialimeira.com.br\/news\/joia-do-palmeiras-de-17-anos-estevao-e-contratado-pelo-chelsea\/","title":{"rendered":"Joia do Palmeiras de 17 anos, Est\u00eav\u00e3o \u00e9 contratado pelo Chelsea"},"content":{"rendered":"<p> <br \/>\n<\/p>\n<div>\n<p>O Chelsea (Inglaterra) anunciou neste s\u00e1bado (22) a contrata\u00e7\u00e3o do jovem atacante Est\u00eav\u00e3o, j\u00f3ia do Palmeiras, que tem despontado no Campeonato Brasileiro. O jogador canhoto, de 17 anos, assinou hoje com o clube ingl\u00eas, ap\u00f3s passar por exames m\u00e9dicos. Ele se juntar\u00e1 ao elenco do Chelsea em julho de 2025, ap\u00f3s o Mundial de Clubes da Fifa. Estev\u00e3o chegar\u00e1 ao Chelsea com 18 anos \u2013 ele completar\u00e1 a maioridade em abril do ano que vem &#8211; para disputar a primeira divis\u00e3o do futebol ingl\u00eas, a Premier League.<img data-recalc-dims=\"1\" decoding=\"async\" src=\"https:\/\/i0.wp.com\/agenciabrasil.ebc.com.br\/ebc.png?w=696&#038;ssl=1\" style=\"width:1px; height:1px; display:inline;\"\/><img data-recalc-dims=\"1\" decoding=\"async\" src=\"https:\/\/i0.wp.com\/agenciabrasil.ebc.com.br\/ebc.gif?w=696&#038;ssl=1\" style=\"width:1px; height:1px; display:inline;\"\/><\/p>\n<blockquote class=\"twitter-tweet\">\n<p dir=\"ltr\" lang=\"en\" xml:lang=\"en\">Chelsea Football Club has agreed a deal to sign teenage forward Estevao Willian from Palmeiras, with the Brazilian to officially join Chelsea next summer. \ud83e\udd1d <a href=\"https:\/\/t.co\/SHLVRaD4gi\">pic.twitter.com\/SHLVRaD4gi<\/a><\/p>\n<p>\u2014 Chelsea FC (@ChelseaFC) <a href=\"https:\/\/twitter.com\/ChelseaFC\/status\/1804530075531960446?ref_src=twsrc%5Etfw\" rel=\"noopener\">June 22, 2024<\/a><\/p><\/blockquote>\n<p>A estimativa \u00e9 de que a negocia\u00e7\u00e3o do atleta tenha superado US$ 60 milh\u00f5es (quase R$ 350 milh\u00f5es).\u00a0Tamb\u00e9m pelas redes sociais o Verd\u00e3o comunicou a oficializa\u00e7\u00e3o do acordo fechado com o Chelsea.<\/p>\n<blockquote class=\"twitter-tweet\">\n<p dir=\"ltr\" lang=\"pt\" xml:lang=\"pt\">A Sociedade Esportiva Palmeiras informa que concluiu acordo com o Chelsea-ING para a transfer\u00eancia do atacante Est\u00eav\u00e3o. O atleta de 17 anos se apresentar\u00e1 \u00e0 equipe de Londres em julho de 2025, ap\u00f3s disputar a Copa do Mundo de Clubes da Fifa pelo <a href=\"https:\/\/twitter.com\/hashtag\/MaiorCampe%C3%A3oDoBrasil?src=hash&amp;ref_src=twsrc%5Etfw\" rel=\"noopener\">#MaiorCampe\u00e3oDoBrasil<\/a>. <a href=\"https:\/\/t.co\/NZb7IsNzd6\">pic.twitter.com\/NZb7IsNzd6<\/a><\/p>\n<p>\u2014 SE Palmeiras (@Palmeiras) <a href=\"https:\/\/twitter.com\/Palmeiras\/status\/1804530160412074471?ref_src=twsrc%5Etfw\" rel=\"noopener\">June 22, 2024<\/a><\/p><\/blockquote>\n<p>Estev\u00e3o estreou como jogador profissional do Palmeiras na \u00faltima partida do Brasileir\u00e3o do ano passado, na conquista do t\u00edtulo. O desempenho em campo lhe valeu o apelido de \u201cMessinho\u201d e compara\u00e7\u00f5es com Neymar. O jovem atacante j\u00e1 atuou em 10 jogos do Brasileir\u00e3o, somando dois gols e duas assist\u00eancias. Estev\u00e3o tamb\u00e9m j\u00e1 entrou em campo cinco vezes com a sele\u00e7\u00e3o brasileira Sub 17 e anotou tr\u00eas gols.<\/p>\n<\/p><\/div>\n<p><script async src=\"\/\/platform.twitter.com\/widgets.js\" charset=\"utf-8\"><\/script><br \/>\n<br \/><br \/>\n<br \/><a href=\"https:\/\/agenciabrasil.ebc.com.br\/esportes\/noticia\/2024-06\/joia-do-palmeiras-de-17-anos-estevao-e-contratado-pelo-chelsea\" rel=\"noopener\">Ag\u00eancia Brasil<\/a><\/p>\n","protected":false},"excerpt":{"rendered":"<p>O Chelsea (Inglaterra) anunciou neste s\u00e1bado (22) a contrata\u00e7\u00e3o do jovem atacante Est\u00eav\u00e3o, j\u00f3ia do Palmeiras, que tem despontado no Campeonato Brasileiro. O jogador canhoto, de 17 anos, assinou hoje com o clube ingl\u00eas, ap\u00f3s passar por exames m\u00e9dicos. Ele se juntar\u00e1 ao elenco do Chelsea em julho de 2025, ap\u00f3s o Mundial de Clubes [&hellip;]<\/p>\n","protected":false},"author":1,"featured_media":8898,"comment_status":"open","ping_status":"open","sticky":false,"template":"","format":"standard","meta":{"_jetpack_newsletter_access":"","_jetpack_dont_email_post_to_subs":false,"_jetpack_newsletter_tier_id":0,"_jetpack_memberships_contains_paywalled_content":false,"_mbp_banners":[],"_jetpack_feature_clip_id":0,"_jetpack_memberships_contains_paid_content":false,"footnotes":"","jetpack_publicize_message":"","jetpack_publicize_feature_enabled":true,"jetpack_social_post_already_shared":true,"jetpack_social_options":{"image_generator_settings":{"template":"highway","default_image_id":0,"font":"","enabled":false},"version":2},"jetpack_post_was_ever_published":false},"categories":[23],"tags":[],"class_list":["post-8897","post","type-post","status-publish","format-standard","has-post-thumbnail","category-esportes"],"jetpack_publicize_connections":[],"jetpack-related-posts":[],"jetpack_shortlink":"https:\/\/wp.me\/p7Eq1F-2jv","jetpack_sharing_enabled":true,"jetpack_featured_media_url":"https:\/\/i0.wp.com\/guialimeira.com.br\/news\/wp-content\/uploads\/2024\/06\/estevao_palmeiras.jpg?fit=1600%2C800&ssl=1","_links":{"self":[{"href":"https:\/\/guialimeira.com.br\/news\/wp-json\/wp\/v2\/posts\/8897","targetHints":{"allow":["GET"]}}],"collection":[{"href":"https:\/\/guialimeira.com.br\/news\/wp-json\/wp\/v2\/posts"}],"about":[{"href":"https:\/\/guialimeira.com.br\/news\/wp-json\/wp\/v2\/types\/post"}],"author":[{"embeddable":true,"href":"https:\/\/guialimeira.com.br\/news\/wp-json\/wp\/v2\/users\/1"}],"replies":[{"embeddable":true,"href":"https:\/\/guialimeira.com.br\/news\/wp-json\/wp\/v2\/comments?post=8897"}],"version-history":[{"count":0,"href":"https:\/\/guialimeira.com.br\/news\/wp-json\/wp\/v2\/posts\/8897\/revisions"}],"wp:featuredmedia":[{"embeddable":true,"href":"https:\/\/guialimeira.com.br\/news\/wp-json\/wp\/v2\/media\/8898"}],"wp:attachment":[{"href":"https:\/\/guialimeira.com.br\/news\/wp-json\/wp\/v2\/media?parent=8897"}],"wp:term":[{"taxonomy":"category","embeddable":true,"href":"https:\/\/guialimeira.com.br\/news\/wp-json\/wp\/v2\/categories?post=8897"},{"taxonomy":"post_tag","embeddable":true,"href":"https:\/\/guialimeira.com.br\/news\/wp-json\/wp\/v2\/tags?post=8897"}],"curies":[{"name":"wp","href":"https:\/\/api.w.org\/{rel}","templated":true}]}}