{"id":8884,"date":"2024-06-22T13:49:38","date_gmt":"2024-06-22T16:49:38","guid":{"rendered":"https:\/\/guialimeira.com.br\/2024\/06\/22\/distrito-federal-tem-quase-50-pontos-de-vacinacao-neste-sabado\/"},"modified":"2024-06-22T13:49:38","modified_gmt":"2024-06-22T16:49:38","slug":"distrito-federal-tem-quase-50-pontos-de-vacinacao-neste-sabado","status":"publish","type":"post","link":"https:\/\/guialimeira.com.br\/news\/distrito-federal-tem-quase-50-pontos-de-vacinacao-neste-sabado\/","title":{"rendered":"Distrito Federal tem quase 50 pontos de vacina\u00e7\u00e3o neste s\u00e1bado"},"content":{"rendered":"<p> <br \/>\n<\/p>\n<div>\n<p>A Secretaria de Sa\u00fade do Distrito Federal disponibiliza neste s\u00e1bado (22) imuniza\u00e7\u00e3o para diversos grupos e faixas et\u00e1rias em 48 pontos de vacina\u00e7\u00e3o. A pasta destaca a\u00e7\u00f5es em eventos como o GDF Mais Perto do Cidad\u00e3o, em Sobradinho II, e em locais de grande circula\u00e7\u00e3o, como a administra\u00e7\u00e3o de S\u00e3o Sebasti\u00e3o e o Shopping Popular de Ceil\u00e2ndia.<img data-recalc-dims=\"1\" decoding=\"async\" src=\"https:\/\/i0.wp.com\/agenciabrasil.ebc.com.br\/ebc.png?w=696&#038;ssl=1\" style=\"width:1px; height:1px; display:inline;\"\/><img data-recalc-dims=\"1\" decoding=\"async\" src=\"https:\/\/i0.wp.com\/agenciabrasil.ebc.com.br\/ebc.gif?w=696&#038;ssl=1\" style=\"width:1px; height:1px; display:inline;\"\/><\/p>\n<p>Para moradores de Sobradinho II, a a\u00e7\u00e3o\u00a0oferece vacina\u00e7\u00e3o contra a covid-19 e contra a influenza, al\u00e9m de outras doen\u00e7as. Na administra\u00e7\u00e3o de S\u00e3o Sebasti\u00e3o, ser\u00e3o ofertadas doses contra a influenza para beb\u00eas acima de 6 meses, crian\u00e7as, adolescentes, adultos e idosos, assim como outras doses previstas no calend\u00e1rio.<\/p>\n<p>Entre os pontos de vacina\u00e7\u00e3o em locais de grande circula\u00e7\u00e3o est\u00e3o o Atacad\u00e3o Dia-a-Dia da BR-070, o Shopping Popular de Ceil\u00e2ndia e o Fort Atacadista, no Sol Nascente. Em todos locais, a imuniza\u00e7\u00e3o estar\u00e1 dispon\u00edvel at\u00e9 as 17h. A lista completa, com endere\u00e7os e hor\u00e1rios dos pontos de vacina\u00e7\u00e3o, <a href=\"https:\/\/www.saude.df.gov.br\/locaisdevacinacao\" target=\"_blank\" rel=\"noopener\">est\u00e1 dispon\u00edvel no site da secretaria<\/a>.<\/p>\n<h2>Documentos necess\u00e1rios<\/h2>\n<p>A orienta\u00e7\u00e3o da pasta \u00e9 que as pessoas compare\u00e7am aos pontos de imuniza\u00e7\u00e3o com o documento de identidade, o CPF e, se poss\u00edvel, a caderneta de vacina\u00e7\u00e3o. Os profissionais de sa\u00fade v\u00e3o analisar o hist\u00f3rico do paciente e atualizar os esquemas vacinais necess\u00e1rios. \u201cDuas doses poder\u00e3o ser aplicadas na mesma ocasi\u00e3o, caso necess\u00e1rio\u201d, destacou a secretaria.<\/p>\n<\/p><\/div>\n<p><br \/>\n<br \/><a href=\"https:\/\/agenciabrasil.ebc.com.br\/saude\/noticia\/2024-06\/distrito-federal-tem-quase-50-pontos-de-vacinacao-neste-sabado\" rel=\"noopener\">Ag\u00eancia Brasil <\/a><\/p>\n","protected":false},"excerpt":{"rendered":"<p>A Secretaria de Sa\u00fade do Distrito Federal disponibiliza neste s\u00e1bado (22) imuniza\u00e7\u00e3o para diversos grupos e faixas et\u00e1rias em 48 pontos de vacina\u00e7\u00e3o. A pasta destaca a\u00e7\u00f5es em eventos como o GDF Mais Perto do Cidad\u00e3o, em Sobradinho II, e em locais de grande circula\u00e7\u00e3o, como a administra\u00e7\u00e3o de S\u00e3o Sebasti\u00e3o e o Shopping Popular [&hellip;]<\/p>\n","protected":false},"author":1,"featured_media":8885,"comment_status":"open","ping_status":"open","sticky":false,"template":"","format":"standard","meta":{"_jetpack_newsletter_access":"","_jetpack_dont_email_post_to_subs":false,"_jetpack_newsletter_tier_id":0,"_jetpack_memberships_contains_paywalled_content":false,"_mbp_banners":[],"_jetpack_feature_clip_id":0,"_jetpack_memberships_contains_paid_content":false,"footnotes":"","jetpack_publicize_message":"","jetpack_publicize_feature_enabled":true,"jetpack_social_post_already_shared":true,"jetpack_social_options":{"image_generator_settings":{"template":"highway","default_image_id":0,"font":"","enabled":false},"version":2},"jetpack_post_was_ever_published":false},"categories":[15],"tags":[],"class_list":["post-8884","post","type-post","status-publish","format-standard","has-post-thumbnail","category-saude"],"jetpack_publicize_connections":[],"jetpack-related-posts":[],"jetpack_shortlink":"https:\/\/wp.me\/p7Eq1F-2ji","jetpack_sharing_enabled":true,"jetpack_featured_media_url":"https:\/\/i0.wp.com\/guialimeira.com.br\/news\/wp-content\/uploads\/2024\/06\/pzzb8873.jpeg?fit=1600%2C800&ssl=1","_links":{"self":[{"href":"https:\/\/guialimeira.com.br\/news\/wp-json\/wp\/v2\/posts\/8884","targetHints":{"allow":["GET"]}}],"collection":[{"href":"https:\/\/guialimeira.com.br\/news\/wp-json\/wp\/v2\/posts"}],"about":[{"href":"https:\/\/guialimeira.com.br\/news\/wp-json\/wp\/v2\/types\/post"}],"author":[{"embeddable":true,"href":"https:\/\/guialimeira.com.br\/news\/wp-json\/wp\/v2\/users\/1"}],"replies":[{"embeddable":true,"href":"https:\/\/guialimeira.com.br\/news\/wp-json\/wp\/v2\/comments?post=8884"}],"version-history":[{"count":0,"href":"https:\/\/guialimeira.com.br\/news\/wp-json\/wp\/v2\/posts\/8884\/revisions"}],"wp:featuredmedia":[{"embeddable":true,"href":"https:\/\/guialimeira.com.br\/news\/wp-json\/wp\/v2\/media\/8885"}],"wp:attachment":[{"href":"https:\/\/guialimeira.com.br\/news\/wp-json\/wp\/v2\/media?parent=8884"}],"wp:term":[{"taxonomy":"category","embeddable":true,"href":"https:\/\/guialimeira.com.br\/news\/wp-json\/wp\/v2\/categories?post=8884"},{"taxonomy":"post_tag","embeddable":true,"href":"https:\/\/guialimeira.com.br\/news\/wp-json\/wp\/v2\/tags?post=8884"}],"curies":[{"name":"wp","href":"https:\/\/api.w.org\/{rel}","templated":true}]}}