{"id":888,"date":"2024-04-04T09:11:48","date_gmt":"2024-04-04T12:11:48","guid":{"rendered":"https:\/\/guialimeira.com.br\/2024\/04\/04\/cobertura-florestal-mundial-perde-37-milhoes-de-hectares-em-2023\/"},"modified":"2024-04-04T09:11:48","modified_gmt":"2024-04-04T12:11:48","slug":"cobertura-florestal-mundial-perde-37-milhoes-de-hectares-em-2023","status":"publish","type":"post","link":"https:\/\/guialimeira.com.br\/news\/cobertura-florestal-mundial-perde-37-milhoes-de-hectares-em-2023\/","title":{"rendered":"Cobertura florestal mundial perde 3,7 milh\u00f5es de hectares em 2023"},"content":{"rendered":"<p> <br \/>\n<\/p>\n<div>\n<p>Em 2023, os tr\u00f3picos perderam 3,7 milh\u00f5es de hectares de floresta prim\u00e1ria, o que corresponde, em m\u00e9dia, \u00e0 destrui\u00e7\u00e3o de dez campos de futebol por minuto ou a uma \u00e1rea do tamanho do But\u00e3o.<img data-recalc-dims=\"1\" decoding=\"async\" src=\"https:\/\/i0.wp.com\/agenciabrasil.ebc.com.br\/ebc.png?w=696&#038;ssl=1\" style=\"width:1px; height:1px; display:inline;\"\/><img data-recalc-dims=\"1\" decoding=\"async\" src=\"https:\/\/i0.wp.com\/agenciabrasil.ebc.com.br\/ebc.gif?w=696&#038;ssl=1\" style=\"width:1px; height:1px; display:inline;\"\/><\/p>\n<p>Tanto para autoridades locais como para a comunidade internacional, que tem metas estabelecidas em acordos, o Brasil representa um desafio, j\u00e1 que ainda lidera a lista dos pa\u00edses com os piores cen\u00e1rios, embora tenha tido uma queda de 36% no \u00edndice, puxada, sobretudo, pela melhora na Amaz\u00f4nia.<\/p>\n<p>Os dados constam de relat\u00f3rio produzido anualmente pelo Laborat\u00f3rio de An\u00e1lise e Descoberta de Terras Globais (Glad), da Universidade de Maryland, que toma como refer\u00eancia o <a href=\"https:\/\/www.globalforestwatch.org\/\" target=\"_top\" rel=\"noopener\">monitoramento da plataforma<\/a> Global Forest Watch (GFW), do World Resources Institute (WRI). A GFW est\u00e1 no ar desde 2014 e exibe dados praticamente em tempo real sobre prote\u00e7\u00e3o das florestas.<\/p>\n<p>De acordo com o levantamento, enquanto Brasil e Col\u00f4mbia apresentaram desempenhos positivos na conserva\u00e7\u00e3o das florestas, houve retrocessos nas pol\u00edticas da Bol\u00edvia, Laos, Nicar\u00e1gua e outros cantos do globo.<\/p>\n<p>No caso do Brasil, o que os especialistas pontuam \u00e9 que as diretrizes ambientais do governo Lula, de modo geral, s\u00e3o o que \u00e9 capaz de transformar os indicadores. Como exemplos, listam a promessa que o presidente Luiz In\u00e1cio Lula da Silva fez de demarcar terras ind\u00edgenas e a import\u00e2ncia da aplica\u00e7\u00e3o da lei e da revoga\u00e7\u00e3o de medidas que iam na contram\u00e3o da preserva\u00e7\u00e3o ambiental.<\/p>\n<p>O que se recomenda ao Brasil \u00e9 que se olhe para os diferentes biomas com o mesmo cuidado. A an\u00e1lise evidencia que, ao mesmo tempo que na Amaz\u00f4nia houve queda de 39% no desmatamento de floresta prim\u00e1ria do que em 2022, o Cerrado teve um aumento de 6%, mantendo a tend\u00eancia de aumento de cinco anos, e o Pantanal sofreu as consequ\u00eancias de perda florestal por queimadas que t\u00eam se alastrado por grandes per\u00edmetros.<\/p>\n<p>Na Bol\u00edvia, a perda de floresta prim\u00e1ria subiu 27% em 2023. O pa\u00eds vizinho registrou alta pelo terceiro ano consecutivo e ficou em destaque por ter a terceira maior perda de floresta prim\u00e1ria dos pa\u00edses tropicais. O dado chama a aten\u00e7\u00e3o porque sua \u00e1rea de florestas j\u00e1 \u00e9 menor do que a metade das existentes na Rep\u00fablica Democr\u00e1tica do Congo e na Indon\u00e9sia.<\/p>\n<h2>Metas<\/h2>\n<p>De 2022 para 2023, a perda de floresta prim\u00e1ria no Brasil caiu de 43% para 30%. Apesar disso, atualmente, o pa\u00eds tem um quadro mais grave do que o da Rep\u00fablica Democr\u00e1tica do Congo e o da Bol\u00edvia.<\/p>\n<p>Em linhas gerais, o relat\u00f3rio demonstra que, ao se confrontar dados de 2023, 2019 e 2021, observa-se pouca varia\u00e7\u00e3o no grau de perda florestal, o que significa que tamb\u00e9m n\u00e3o tem havido grandes saltos em dire\u00e7\u00e3o \u00e0 Declara\u00e7\u00e3o dos L\u00edderes de Glasgow, que estabelece como meta o comprometimento dos pa\u00edses com a causa.<\/p>\n<p>O tempo para alcan\u00e7\u00e1-la, alertam os pesquisadores, vai se extinguindo, uma vez que o prazo fixado \u00e9 o ano de 2030 e, a cada ano, nas \u00faltimas duas d\u00e9cadas, o mundo perdeu de 3 a 4 milh\u00f5es de hectares de floresta tropical.<\/p>\n<p>O Canad\u00e1 tamb\u00e9m \u00e9 mencionado pela equipe de pesquisadores, lembrado pelos in\u00fameros focos de inc\u00eandio que teve de debelar recentemente. O pa\u00eds, que est\u00e1 fora dos tr\u00f3picos, mas d\u00e1 tamb\u00e9m mostras do que acontece neles, conforme ressaltam os acad\u00eamicos, viu a perda de cobertura florestal ocasionada por inc\u00eandios quintuplicar entre 2022 e 2023.<\/p>\n<p>A Indon\u00e9sia registrou um aumento de 27% na perda de floresta prim\u00e1ria, no ano passado, quando houve a passagem do fen\u00f4meno El Ni\u00f1o na regi\u00e3o, algo que gerou especula\u00e7\u00e3o sobre a possibilidade de o pa\u00eds assistir a uma reprise da temporada de inc\u00eandios de 2015. O relat\u00f3rio frisa que tal taxa segue historicamente baixa, em compara\u00e7\u00e3o com a daquela \u00e9poca.<\/p>\n<\/p><\/div>\n<p><br \/>\n<br \/><a href=\"https:\/\/agenciabrasil.ebc.com.br\/geral\/noticia\/2024-04\/cobertura-florestal-mundial-perde-37-milhoes-de-hectares-em-2023\" rel=\"noopener\">Ag\u00eancia Brasil<\/a><\/p>\n","protected":false},"excerpt":{"rendered":"<p>Em 2023, os tr\u00f3picos perderam 3,7 milh\u00f5es de hectares de floresta prim\u00e1ria, o que corresponde, em m\u00e9dia, \u00e0 destrui\u00e7\u00e3o de dez campos de futebol por minuto ou a uma \u00e1rea do tamanho do But\u00e3o. Tanto para autoridades locais como para a comunidade internacional, que tem metas estabelecidas em acordos, o Brasil representa um desafio, j\u00e1 [&hellip;]<\/p>\n","protected":false},"author":1,"featured_media":889,"comment_status":"open","ping_status":"open","sticky":false,"template":"","format":"standard","meta":{"_jetpack_newsletter_access":"","_jetpack_dont_email_post_to_subs":false,"_jetpack_newsletter_tier_id":0,"_jetpack_memberships_contains_paywalled_content":false,"_mbp_banners":[],"_jetpack_feature_clip_id":0,"_jetpack_memberships_contains_paid_content":false,"footnotes":"","jetpack_publicize_message":"","jetpack_publicize_feature_enabled":true,"jetpack_social_post_already_shared":true,"jetpack_social_options":{"image_generator_settings":{"template":"highway","default_image_id":0,"font":"","enabled":false},"version":2},"jetpack_post_was_ever_published":false},"categories":[22],"tags":[],"class_list":["post-888","post","type-post","status-publish","format-standard","has-post-thumbnail","category-nacional"],"jetpack_publicize_connections":[],"jetpack-related-posts":[],"jetpack_shortlink":"https:\/\/wp.me\/p7Eq1F-ek","jetpack_sharing_enabled":true,"jetpack_featured_media_url":"https:\/\/i0.wp.com\/guialimeira.com.br\/news\/wp-content\/uploads\/2024\/04\/2024-03-01t131838z_944586073_rc20d6aq22m1_rtrmadp_3_brazil-fires.jpg?fit=1600%2C800&ssl=1","_links":{"self":[{"href":"https:\/\/guialimeira.com.br\/news\/wp-json\/wp\/v2\/posts\/888","targetHints":{"allow":["GET"]}}],"collection":[{"href":"https:\/\/guialimeira.com.br\/news\/wp-json\/wp\/v2\/posts"}],"about":[{"href":"https:\/\/guialimeira.com.br\/news\/wp-json\/wp\/v2\/types\/post"}],"author":[{"embeddable":true,"href":"https:\/\/guialimeira.com.br\/news\/wp-json\/wp\/v2\/users\/1"}],"replies":[{"embeddable":true,"href":"https:\/\/guialimeira.com.br\/news\/wp-json\/wp\/v2\/comments?post=888"}],"version-history":[{"count":0,"href":"https:\/\/guialimeira.com.br\/news\/wp-json\/wp\/v2\/posts\/888\/revisions"}],"wp:featuredmedia":[{"embeddable":true,"href":"https:\/\/guialimeira.com.br\/news\/wp-json\/wp\/v2\/media\/889"}],"wp:attachment":[{"href":"https:\/\/guialimeira.com.br\/news\/wp-json\/wp\/v2\/media?parent=888"}],"wp:term":[{"taxonomy":"category","embeddable":true,"href":"https:\/\/guialimeira.com.br\/news\/wp-json\/wp\/v2\/categories?post=888"},{"taxonomy":"post_tag","embeddable":true,"href":"https:\/\/guialimeira.com.br\/news\/wp-json\/wp\/v2\/tags?post=888"}],"curies":[{"name":"wp","href":"https:\/\/api.w.org\/{rel}","templated":true}]}}