{"id":8878,"date":"2024-06-22T12:48:38","date_gmt":"2024-06-22T15:48:38","guid":{"rendered":"https:\/\/guialimeira.com.br\/2024\/06\/22\/com-doses-proximas-do-vencimento-saude-amplia-vacinacao-contra-dengue-2\/"},"modified":"2024-06-22T12:48:38","modified_gmt":"2024-06-22T15:48:38","slug":"com-doses-proximas-do-vencimento-saude-amplia-vacinacao-contra-dengue-2","status":"publish","type":"post","link":"https:\/\/guialimeira.com.br\/news\/com-doses-proximas-do-vencimento-saude-amplia-vacinacao-contra-dengue-2\/","title":{"rendered":"Com doses pr\u00f3ximas do vencimento, Sa\u00fade amplia vacina\u00e7\u00e3o contra dengue"},"content":{"rendered":"<p> <br \/>\n<\/p>\n<div>\n<p>O Minist\u00e9rio da Sa\u00fade voltou a ampliar o p\u00fablico-alvo da vacina\u00e7\u00e3o contra a dengue para evitar perdas de estoques de vacinas que est\u00e3o pr\u00f3ximas do vencimento. Doses com validade at\u00e9 30 de junho e 31 de julho poder\u00e3o ser aplicadas, preferencialmente, em crian\u00e7as e adolescentes de 6 a 16 anos e n\u00e3o apenas de 10 a 14 anos.<img data-recalc-dims=\"1\" decoding=\"async\" src=\"https:\/\/i0.wp.com\/agenciabrasil.ebc.com.br\/ebc.png?w=696&#038;ssl=1\" style=\"width:1px; height:1px; display:inline;\"\/><img data-recalc-dims=\"1\" decoding=\"async\" src=\"https:\/\/i0.wp.com\/agenciabrasil.ebc.com.br\/ebc.gif?w=696&#038;ssl=1\" style=\"width:1px; height:1px; display:inline;\"\/><\/p>\n<p>Em nota t\u00e9cnica, a pasta orienta que estados com munic\u00edpios que ainda n\u00e3o foram contemplados com a vacina da dengue realizem, preferencialmente, o remanejamento das doses com vencimento pr\u00f3ximo para essas localidades. J\u00e1 nos estados onde todos os munic\u00edpios foram contemplados, as doses poder\u00e3o ser aplicadas na faixa et\u00e1ria de 6 a 16 anos.<\/p>\n<p>No documento, o minist\u00e9rio destaca ainda que, em casos onde os dois procedimentos forem comprovadamente insuficientes para esgotar as doses pr\u00f3ximas do vencimento, a crit\u00e9rio dos gestores municipais, a vacina\u00e7\u00e3o contra a dengue poder\u00e1 ser estendida a pessoas de 4 a 59 anos, limite et\u00e1rio especificado na bula do imunizante Qdenga.<\/p>\n<p>Para garantir a segunda dose, aplicada com intervalo de 90 dias, \u00e0s pessoas que forem vacinadas com vacinas remanejadas dentro das recomenda\u00e7\u00f5es feitas pela pasta, estados e munic\u00edpios devem oficializar a estrat\u00e9gia escolhida por meio dos e-mails :\u00a0dengue.cgici@saude.gov.br;\u00a0pni@saude.gov.br;\u00a0cgici@saude.gov.br.<\/p>\n<p>\u201cO Minist\u00e9rio da Sa\u00fade refor\u00e7a que esta \u00e9 uma estrat\u00e9gia tempor\u00e1ria e excepcional, aplicada apenas para as vacinas que possuem prazo de validade at\u00e9 30 de junho e 31 de julho de 2024\u201d.<\/p>\n<\/p><\/div>\n<p><br \/>\n<br \/><a href=\"https:\/\/agenciabrasil.ebc.com.br\/saude\/noticia\/2024-06\/com-doses-proximas-do-vencimento-saude-amplia-vacinacao-contra-dengue\" rel=\"noopener\">Ag\u00eancia Brasil <\/a><\/p>\n","protected":false},"excerpt":{"rendered":"<p>O Minist\u00e9rio da Sa\u00fade voltou a ampliar o p\u00fablico-alvo da vacina\u00e7\u00e3o contra a dengue para evitar perdas de estoques de vacinas que est\u00e3o pr\u00f3ximas do vencimento. Doses com validade at\u00e9 30 de junho e 31 de julho poder\u00e3o ser aplicadas, preferencialmente, em crian\u00e7as e adolescentes de 6 a 16 anos e n\u00e3o apenas de 10 [&hellip;]<\/p>\n","protected":false},"author":1,"featured_media":8879,"comment_status":"open","ping_status":"open","sticky":false,"template":"","format":"standard","meta":{"_jetpack_newsletter_access":"","_jetpack_dont_email_post_to_subs":false,"_jetpack_newsletter_tier_id":0,"_jetpack_memberships_contains_paywalled_content":false,"_mbp_banners":[],"_jetpack_feature_clip_id":0,"_jetpack_memberships_contains_paid_content":false,"footnotes":"","jetpack_publicize_message":"","jetpack_publicize_feature_enabled":true,"jetpack_social_post_already_shared":true,"jetpack_social_options":{"image_generator_settings":{"template":"highway","default_image_id":0,"font":"","enabled":false},"version":2},"jetpack_post_was_ever_published":false},"categories":[15],"tags":[],"class_list":["post-8878","post","type-post","status-publish","format-standard","has-post-thumbnail","category-saude"],"jetpack_publicize_connections":[],"jetpack-related-posts":[],"jetpack_shortlink":"https:\/\/wp.me\/p7Eq1F-2jc","jetpack_sharing_enabled":true,"jetpack_featured_media_url":"https:\/\/i0.wp.com\/guialimeira.com.br\/news\/wp-content\/uploads\/2024\/06\/singen-aa_germany_dengue_packaging_36.jpg?fit=1600%2C800&ssl=1","_links":{"self":[{"href":"https:\/\/guialimeira.com.br\/news\/wp-json\/wp\/v2\/posts\/8878","targetHints":{"allow":["GET"]}}],"collection":[{"href":"https:\/\/guialimeira.com.br\/news\/wp-json\/wp\/v2\/posts"}],"about":[{"href":"https:\/\/guialimeira.com.br\/news\/wp-json\/wp\/v2\/types\/post"}],"author":[{"embeddable":true,"href":"https:\/\/guialimeira.com.br\/news\/wp-json\/wp\/v2\/users\/1"}],"replies":[{"embeddable":true,"href":"https:\/\/guialimeira.com.br\/news\/wp-json\/wp\/v2\/comments?post=8878"}],"version-history":[{"count":0,"href":"https:\/\/guialimeira.com.br\/news\/wp-json\/wp\/v2\/posts\/8878\/revisions"}],"wp:featuredmedia":[{"embeddable":true,"href":"https:\/\/guialimeira.com.br\/news\/wp-json\/wp\/v2\/media\/8879"}],"wp:attachment":[{"href":"https:\/\/guialimeira.com.br\/news\/wp-json\/wp\/v2\/media?parent=8878"}],"wp:term":[{"taxonomy":"category","embeddable":true,"href":"https:\/\/guialimeira.com.br\/news\/wp-json\/wp\/v2\/categories?post=8878"},{"taxonomy":"post_tag","embeddable":true,"href":"https:\/\/guialimeira.com.br\/news\/wp-json\/wp\/v2\/tags?post=8878"}],"curies":[{"name":"wp","href":"https:\/\/api.w.org\/{rel}","templated":true}]}}