{"id":8873,"date":"2024-06-22T11:50:41","date_gmt":"2024-06-22T14:50:41","guid":{"rendered":"https:\/\/guialimeira.com.br\/2024\/06\/22\/oferta-publica-de-acoes-da-sabesp-e-aberta\/"},"modified":"2024-06-22T11:50:41","modified_gmt":"2024-06-22T14:50:41","slug":"oferta-publica-de-acoes-da-sabesp-e-aberta","status":"publish","type":"post","link":"https:\/\/guialimeira.com.br\/news\/oferta-publica-de-acoes-da-sabesp-e-aberta\/","title":{"rendered":"Oferta p\u00fablica de a\u00e7\u00f5es da Sabesp \u00e9 aberta"},"content":{"rendered":"<p> <br \/>\n<\/p>\n<div>\n<p>O governo de S\u00e3o Paulo abriu na noite dessa sexta-feira (21) a oferta p\u00fablica das a\u00e7\u00f5es da Companhia de Saneamento do Estado de S\u00e3o Paulo (Sabesp). Com isso, inicia-se a \u00faltima etapa da privatiza\u00e7\u00e3o da empresa. No in\u00edcio do m\u00eas, o governo paulista anunciou que ficar\u00e1 com apenas 18,3% das a\u00e7\u00f5es da companhia. Atualmente, o estado det\u00e9m 50,3% dos papeis; o restante est\u00e1 nas m\u00e3os de empresas ou pessoas f\u00edsicas.\u00a0<img data-recalc-dims=\"1\" decoding=\"async\" src=\"https:\/\/i0.wp.com\/agenciabrasil.ebc.com.br\/ebc.png?w=696&#038;ssl=1\" style=\"width:1px; height:1px; display:inline;\"\/><img data-recalc-dims=\"1\" decoding=\"async\" src=\"https:\/\/i0.wp.com\/agenciabrasil.ebc.com.br\/ebc.gif?w=696&#038;ssl=1\" style=\"width:1px; height:1px; display:inline;\"\/><\/p>\n<p>Segundo o Pal\u00e1cio dos Bandeirantes, a venda de a\u00e7\u00f5es ser\u00e1 dividida em dois lotes: o primeiro, de 15% dos papeis, ser\u00e1 destinado a um investidor de refer\u00eancia; j\u00e1 o segundo, com cerca de 17% das a\u00e7\u00f5es, ser\u00e1 aberto a todo o mercado, inclusive pessoas f\u00edsicas, jur\u00eddicas e funcion\u00e1rios da companhia.<\/p>\n<p>A partir da pr\u00f3xima segunda-feira (24) e at\u00e9 a sexta-feira (28), os investidores profissionais que se credenciaram na Bolsa de Valores (B3) at\u00e9 o \u00faltimo dia 17 poder\u00e3o apresentar suas propostas de pre\u00e7o pelo primeiro lote (15% das a\u00e7\u00f5es da companhia). Dois investidores de refer\u00eancia selecionados ser\u00e3o anunciados no dia 28, ap\u00f3s o fechamento do mercado.<\/p>\n<h2>Disputa<\/h2>\n<p>Os dois investidores de refer\u00eancia far\u00e3o uma nova disputa para determinar quem ficar\u00e1 com os 15% dos papeis. \u201cSe um investidor de refer\u00eancia tiver o melhor pre\u00e7o no livro de mercado, mas estiver gerando menor retorno financeiro ao estado, esse poder\u00e1 recorrer ao <em>right to match<\/em> e cobrir o valor da oferta do concorrente, vencendo a disputa\u201d, explica, em nota, o governo do estado.\u00a0 O vencedor ser\u00e1 divulgado no dia 15 de julho.<\/p>\n<p>J\u00e1 as vendas do segundo lote de a\u00e7\u00f5es (17% dos papeis da companhia) ter\u00e3o in\u00edcio em 1\u00ba de julho e ocorrer\u00e3o at\u00e9 15 de julho. Os interessados, inclusive pessoas f\u00edsicas, poder\u00e3o apresentar ofertas por meio de suas corretoras.<\/p>\n<p>A liquida\u00e7\u00e3o e o encerramento da opera\u00e7\u00e3o de privatiza\u00e7\u00e3o das a\u00e7\u00f5es do estado ocorrer\u00e3o em 22 de julho. A oferta p\u00fablica de a\u00e7\u00f5es da Sabesp est\u00e1 sendo conduzida pelos bancos BTG Pactual, Bank of America, Citi, UBS e Ita\u00fa BBA.\u00a0<\/p>\n<p>De acordo com o Pal\u00e1cio dos Bandeirantes, n\u00e3o haver\u00e1 oferta prim\u00e1ria, o que significa que apenas a\u00e7\u00f5es que atualmente s\u00e3o do Governo de S\u00e3o Paulo ser\u00e3o vendidas.<\/p>\n<h2>Busca no exterior<\/h2>\n<p>O governo do estado de S\u00e3o Paulo tentar\u00e1 encontrar compradores da companhia no exterior a partir de segunda-feira (24), nos Estados Unidos e na Europa.<\/p>\n<p>\u201cO Governo de S\u00e3o Paulo inicia na pr\u00f3xima segunda-feira (24), em Nova Iorque, a terceira miss\u00e3o internacional do ano, que prev\u00ea agendas tamb\u00e9m na Europa. Liderada pelo governador Tarc\u00edsio de Freitas, a comitiva paulista participa de uma s\u00e9rie de encontros com executivos de grupos e fundos globais de investimentos para apresentar o modelo da oferta\u201d, disse o governo, em nota.<\/p>\n<\/p><\/div>\n<p><br \/>\n<br \/><a href=\"https:\/\/agenciabrasil.ebc.com.br\/economia\/noticia\/2024-06\/oferta-publica-de-acoes-da-sabesp-e-aberta\" rel=\"noopener\">Ag\u00eancia Brasil<\/a><\/p>\n","protected":false},"excerpt":{"rendered":"<p>O governo de S\u00e3o Paulo abriu na noite dessa sexta-feira (21) a oferta p\u00fablica das a\u00e7\u00f5es da Companhia de Saneamento do Estado de S\u00e3o Paulo (Sabesp). Com isso, inicia-se a \u00faltima etapa da privatiza\u00e7\u00e3o da empresa. No in\u00edcio do m\u00eas, o governo paulista anunciou que ficar\u00e1 com apenas 18,3% das a\u00e7\u00f5es da companhia. Atualmente, o [&hellip;]<\/p>\n","protected":false},"author":1,"featured_media":1314,"comment_status":"open","ping_status":"open","sticky":false,"template":"","format":"standard","meta":{"_jetpack_newsletter_access":"","_jetpack_dont_email_post_to_subs":false,"_jetpack_newsletter_tier_id":0,"_jetpack_memberships_contains_paywalled_content":false,"_mbp_banners":[],"_jetpack_feature_clip_id":0,"_jetpack_memberships_contains_paid_content":false,"footnotes":"","jetpack_publicize_message":"","jetpack_publicize_feature_enabled":true,"jetpack_social_post_already_shared":true,"jetpack_social_options":{"image_generator_settings":{"template":"highway","default_image_id":0,"font":"","enabled":false},"version":2},"jetpack_post_was_ever_published":false},"categories":[24],"tags":[],"class_list":["post-8873","post","type-post","status-publish","format-standard","has-post-thumbnail","category-economia"],"jetpack_publicize_connections":[],"jetpack-related-posts":[],"jetpack_shortlink":"https:\/\/wp.me\/p7Eq1F-2j7","jetpack_sharing_enabled":true,"jetpack_featured_media_url":"https:\/\/i0.wp.com\/guialimeira.com.br\/news\/wp-content\/uploads\/2024\/04\/2022-06-15t222320z_1_lynxmpei5e114_rtroptp_4_usa-epa-pfas.jpg?fit=1600%2C800&ssl=1","_links":{"self":[{"href":"https:\/\/guialimeira.com.br\/news\/wp-json\/wp\/v2\/posts\/8873","targetHints":{"allow":["GET"]}}],"collection":[{"href":"https:\/\/guialimeira.com.br\/news\/wp-json\/wp\/v2\/posts"}],"about":[{"href":"https:\/\/guialimeira.com.br\/news\/wp-json\/wp\/v2\/types\/post"}],"author":[{"embeddable":true,"href":"https:\/\/guialimeira.com.br\/news\/wp-json\/wp\/v2\/users\/1"}],"replies":[{"embeddable":true,"href":"https:\/\/guialimeira.com.br\/news\/wp-json\/wp\/v2\/comments?post=8873"}],"version-history":[{"count":0,"href":"https:\/\/guialimeira.com.br\/news\/wp-json\/wp\/v2\/posts\/8873\/revisions"}],"wp:featuredmedia":[{"embeddable":true,"href":"https:\/\/guialimeira.com.br\/news\/wp-json\/wp\/v2\/media\/1314"}],"wp:attachment":[{"href":"https:\/\/guialimeira.com.br\/news\/wp-json\/wp\/v2\/media?parent=8873"}],"wp:term":[{"taxonomy":"category","embeddable":true,"href":"https:\/\/guialimeira.com.br\/news\/wp-json\/wp\/v2\/categories?post=8873"},{"taxonomy":"post_tag","embeddable":true,"href":"https:\/\/guialimeira.com.br\/news\/wp-json\/wp\/v2\/tags?post=8873"}],"curies":[{"name":"wp","href":"https:\/\/api.w.org\/{rel}","templated":true}]}}