{"id":8861,"date":"2024-06-22T07:47:21","date_gmt":"2024-06-22T10:47:21","guid":{"rendered":"https:\/\/guialimeira.com.br\/2024\/06\/22\/brasileiro-vasco-e-sao-paulo-medem-forcas-em-sao-januario\/"},"modified":"2024-06-22T07:47:21","modified_gmt":"2024-06-22T10:47:21","slug":"brasileiro-vasco-e-sao-paulo-medem-forcas-em-sao-januario","status":"publish","type":"post","link":"https:\/\/guialimeira.com.br\/news\/brasileiro-vasco-e-sao-paulo-medem-forcas-em-sao-januario\/","title":{"rendered":"Brasileiro: Vasco e S\u00e3o Paulo medem for\u00e7as em S\u00e3o Janu\u00e1rio"},"content":{"rendered":"<p> <br \/>\n<\/p>\n<div>\n<p>O Vasco da Gama recebe o S\u00e3o Paulo, a partir das 21h30 (hor\u00e1rio de Bras\u00edlia) deste s\u00e1bado (21) no est\u00e1dio de S\u00e3o Janu\u00e1rio, com a inten\u00e7\u00e3o de interromper uma sequ\u00eancia de quatro partidas sem vit\u00f3rias (tr\u00eas derrotas e um empate). A <strong>R\u00e1dio Nacional<\/strong> transmite a partida ao vivo.<img data-recalc-dims=\"1\" decoding=\"async\" src=\"https:\/\/i0.wp.com\/agenciabrasil.ebc.com.br\/ebc.png?w=696&#038;ssl=1\" style=\"width:1px; height:1px; display:inline;\"\/><img data-recalc-dims=\"1\" decoding=\"async\" src=\"https:\/\/i0.wp.com\/agenciabrasil.ebc.com.br\/ebc.gif?w=696&#038;ssl=1\" style=\"width:1px; height:1px; display:inline;\"\/><\/p>\n<p>Ocupando a 17\u00aa posi\u00e7\u00e3o com apenas sete pontos, o Cruzmaltino quer a vit\u00f3ria dentro de casa para amenizar um pouco a press\u00e3o da sua torcida, que chegou a protestar em frente ao hotel no qual a equipe est\u00e1 concentrada.<\/p>\n<blockquote class=\"twitter-tweet\">\n<p dir=\"ltr\" lang=\"pt\" xml:lang=\"pt\">Prepara\u00e7\u00e3o para o jogo contra o S\u00e3o Paulo finalizada \u2705\ud83d\udca2<a href=\"https:\/\/twitter.com\/hashtag\/VascoDaGama?src=hash&amp;ref_src=twsrc%5Etfw\" rel=\"noopener\">#VascoDaGama<\/a> <a href=\"https:\/\/t.co\/vDHcO8Shn2\">pic.twitter.com\/vDHcO8Shn2<\/a><\/p>\n<p>\u2014 Vasco da Gama (@VascodaGama) <a href=\"https:\/\/twitter.com\/VascodaGama\/status\/1804267352646709278?ref_src=twsrc%5Etfw\" rel=\"noopener\">June 21, 2024<\/a><\/p><\/blockquote>\n<p>Comandado pelo interino Rafael Paiva, que substitui o t\u00e9cnico portugu\u00eas \u00c1lvaro Pacheco (demitido ap\u00f3s o rev\u00e9s de 2 a 0 para o Juventude na \u00faltima quarta-feira), o Vasco conta com um importante retorno, o do atacante argentino Pablo Vegetti, que cumpriu suspens\u00e3o. Mas o Cruzmaltino ainda tem o desfalque do meio-campista franc\u00eas Dimitri Payet, que est\u00e1 em processo final de recupera\u00e7\u00e3o de uma les\u00e3o na coxa direita.<\/p>\n<p>Desta forma, a equipe de S\u00e3o Janu\u00e1rio deve iniciar a partida com: L\u00e9o Jardim; Paulo Henrique, Maicon, L\u00e9o e Lucas Piton; Hugo Moura, Sforza e Jo\u00e3o Pedro; Adson, David e Vegetti.<\/p>\n<p>O S\u00e3o Paulo tamb\u00e9m chega \u00e0 partida em momento de baixa na temporada. Apesar de ocupar a 7\u00aa posi\u00e7\u00e3o da classifica\u00e7\u00e3o com 15 pontos, o Tricolor vem de tr\u00eas jogos sem vit\u00f3rias (dois empates e um rev\u00e9s, de 1 a 0 para o Cuiab\u00e1 na \u00faltima quarta-feira em pleno Morumbi).<\/p>\n<blockquote class=\"twitter-tweet\">\n<p dir=\"ltr\" lang=\"pt\" xml:lang=\"pt\">\u00daltimo treino antes do embarque para o Rio de Janeiro!<\/p>\n<p>O Tricolor enfrentar\u00e1 o Vasco da Gama neste s\u00e1bado (22), \u00e0s 21h30, em S\u00e3o Janu\u00e1rio, pelo <a href=\"https:\/\/twitter.com\/Brasileirao?ref_src=twsrc%5Etfw\" rel=\"noopener\">@Brasileirao<\/a>. <a href=\"https:\/\/twitter.com\/hashtag\/VamosS%C3%A3oPaulo?src=hash&amp;ref_src=twsrc%5Etfw\" rel=\"noopener\">#VamosS\u00e3oPaulo<\/a> \ud83c\uddfe\ud83c\uddea<\/p>\n<p>\ud83d\udcf8 Erico Leonan \/ saopaulofc <a href=\"https:\/\/t.co\/gSybxQY7sE\">pic.twitter.com\/gSybxQY7sE<\/a><\/p>\n<p>\u2014 S\u00e3o Paulo FC (@SaoPauloFC) <a href=\"https:\/\/twitter.com\/SaoPauloFC\/status\/1804178747194536224?ref_src=twsrc%5Etfw\" rel=\"noopener\">June 21, 2024<\/a><\/p><\/blockquote>\n<p>Uma boa not\u00edcia para o t\u00e9cnico argentino Luis Zubeld\u00eda \u00e9 o retorno do zagueiro Alan Franco, que se recuperou de dores musculares. Al\u00e9m disso, o treinador deve optar pela entrada de Luiz Gustavo, Lucas e Rodrigo Nestor na equipe titular. Com isso, o S\u00e3o Paulo deve iniciar a partida com: Jandrei; Igor Vin\u00edcius, Alan Franco (Diego Costa), Arboleda e Welington; Luiz Gustavo, Galoppo, Lucas Moura, Luciano e Rodrigo Nestor; Calleri.<\/p>\n<h2>Transmiss\u00e3o da R\u00e1dio Nacional<\/h2>\n<p>A <strong>R\u00e1dio Nacional<\/strong> transmite Vasco e S\u00e3o Paulo com a narra\u00e7\u00e3o de Rodrigo Campos, coment\u00e1rios de Waldir Luiz, reportagem de Rodrigo Ricardo e plant\u00e3o de Bruno Mendes. Voc\u00ea acompanha o Show de Bola Nacional aqui:<\/p>\n<p><iframe loading=\"lazy\" allowfullscreen=\"\" frameborder=\"0\" height=\"115\" src=\"https:\/\/aovivo.ebc.com.br\/embed-audio.html?emissora=radio-nacional-do-rio-de-janeiro\" width=\"340\"><\/iframe><\/p>\n<\/p><\/div>\n<p><script async src=\"\/\/platform.twitter.com\/widgets.js\" charset=\"utf-8\"><\/script><br \/>\n<br \/><br \/>\n<br \/><a href=\"https:\/\/agenciabrasil.ebc.com.br\/esportes\/noticia\/2024-06\/brasileiro-vasco-e-sao-paulo-medem-forcas-em-sao-januario\" rel=\"noopener\">Ag\u00eancia Brasil<\/a><\/p>\n","protected":false},"excerpt":{"rendered":"<p>O Vasco da Gama recebe o S\u00e3o Paulo, a partir das 21h30 (hor\u00e1rio de Bras\u00edlia) deste s\u00e1bado (21) no est\u00e1dio de S\u00e3o Janu\u00e1rio, com a inten\u00e7\u00e3o de interromper uma sequ\u00eancia de quatro partidas sem vit\u00f3rias (tr\u00eas derrotas e um empate). A R\u00e1dio Nacional transmite a partida ao vivo. Ocupando a 17\u00aa posi\u00e7\u00e3o com apenas sete [&hellip;]<\/p>\n","protected":false},"author":1,"featured_media":8862,"comment_status":"open","ping_status":"open","sticky":false,"template":"","format":"standard","meta":{"_jetpack_newsletter_access":"","_jetpack_dont_email_post_to_subs":false,"_jetpack_newsletter_tier_id":0,"_jetpack_memberships_contains_paywalled_content":false,"_mbp_banners":[],"_jetpack_feature_clip_id":0,"_jetpack_memberships_contains_paid_content":false,"footnotes":"","jetpack_publicize_message":"","jetpack_publicize_feature_enabled":true,"jetpack_social_post_already_shared":true,"jetpack_social_options":{"image_generator_settings":{"template":"highway","default_image_id":0,"font":"","enabled":false},"version":2},"jetpack_post_was_ever_published":false},"categories":[23],"tags":[],"class_list":["post-8861","post","type-post","status-publish","format-standard","has-post-thumbnail","category-esportes"],"jetpack_publicize_connections":[],"jetpack-related-posts":[],"jetpack_shortlink":"https:\/\/wp.me\/p7Eq1F-2iV","jetpack_sharing_enabled":true,"jetpack_featured_media_url":"https:\/\/i0.wp.com\/guialimeira.com.br\/news\/wp-content\/uploads\/2024\/06\/52912784486_cdee0f8789_o.jpg?fit=1600%2C800&ssl=1","_links":{"self":[{"href":"https:\/\/guialimeira.com.br\/news\/wp-json\/wp\/v2\/posts\/8861","targetHints":{"allow":["GET"]}}],"collection":[{"href":"https:\/\/guialimeira.com.br\/news\/wp-json\/wp\/v2\/posts"}],"about":[{"href":"https:\/\/guialimeira.com.br\/news\/wp-json\/wp\/v2\/types\/post"}],"author":[{"embeddable":true,"href":"https:\/\/guialimeira.com.br\/news\/wp-json\/wp\/v2\/users\/1"}],"replies":[{"embeddable":true,"href":"https:\/\/guialimeira.com.br\/news\/wp-json\/wp\/v2\/comments?post=8861"}],"version-history":[{"count":0,"href":"https:\/\/guialimeira.com.br\/news\/wp-json\/wp\/v2\/posts\/8861\/revisions"}],"wp:featuredmedia":[{"embeddable":true,"href":"https:\/\/guialimeira.com.br\/news\/wp-json\/wp\/v2\/media\/8862"}],"wp:attachment":[{"href":"https:\/\/guialimeira.com.br\/news\/wp-json\/wp\/v2\/media?parent=8861"}],"wp:term":[{"taxonomy":"category","embeddable":true,"href":"https:\/\/guialimeira.com.br\/news\/wp-json\/wp\/v2\/categories?post=8861"},{"taxonomy":"post_tag","embeddable":true,"href":"https:\/\/guialimeira.com.br\/news\/wp-json\/wp\/v2\/tags?post=8861"}],"curies":[{"name":"wp","href":"https:\/\/api.w.org\/{rel}","templated":true}]}}