{"id":8847,"date":"2024-06-21T21:37:09","date_gmt":"2024-06-22T00:37:09","guid":{"rendered":"https:\/\/guialimeira.com.br\/2024\/06\/21\/circuito-mundial-de-surfe-chega-a-praia-de-itauna-em-saquarema\/"},"modified":"2024-06-21T21:37:09","modified_gmt":"2024-06-22T00:37:09","slug":"circuito-mundial-de-surfe-chega-a-praia-de-itauna-em-saquarema","status":"publish","type":"post","link":"https:\/\/guialimeira.com.br\/news\/circuito-mundial-de-surfe-chega-a-praia-de-itauna-em-saquarema\/","title":{"rendered":"Circuito Mundial de Surfe chega \u00e0 praia de Ita\u00fana, em Saquarema"},"content":{"rendered":"<p> <br \/>\n<\/p>\n<div>\n<p>Os principais do surfe mundial est\u00e3o no Brasil, pois, a partir do pr\u00f3ximo s\u00e1bado (22), a praia de Ita\u00fana, em Saquarema, no Rio de Janeiro, ser\u00e1 palco da 8\u00aa etapa do Circuito Mundial de Surfe. Na competi\u00e7\u00e3o, cuja janela de disputas ir\u00e1 at\u00e9 o dia 30 e junho, a equipe brasileira ser\u00e1 formada pelo campe\u00e3o ol\u00edmpico Italo Ferreira, o tricampe\u00e3o mundial Gabriel Medina, al\u00e9m de Yago Dora, Jo\u00e3o Chianca, Samuel Pupo, Tatiana Weston-Webb, Luana Silva, Tain\u00e1 Hinckel e Sophia Medina.<img data-recalc-dims=\"1\" decoding=\"async\" src=\"https:\/\/i0.wp.com\/agenciabrasil.ebc.com.br\/ebc.png?w=696&#038;ssl=1\" style=\"width:1px; height:1px; display:inline;\"\/><img data-recalc-dims=\"1\" decoding=\"async\" src=\"https:\/\/i0.wp.com\/agenciabrasil.ebc.com.br\/ebc.gif?w=696&#038;ssl=1\" style=\"width:1px; height:1px; display:inline;\"\/><\/p>\n<blockquote class=\"twitter-tweet\">\n<p dir=\"ltr\" lang=\"pt\" xml:lang=\"pt\">ESTAMOS MUITO PERTO! O <a href=\"https:\/\/twitter.com\/hashtag\/VIVORIOPRO?src=hash&amp;ref_src=twsrc%5Etfw\" rel=\"noopener\">#VIVORIOPRO<\/a> APRESENTADO POR CORONA \u00c9 AMANH\u00c3! \ud83e\udd29<\/p>\n<p>\ud83d\udea8 A primeira chamada ser\u00e1 as 7h no hor\u00e1rio de Bras\u00edlia! <a href=\"https:\/\/t.co\/Yoq6HAuP85\">pic.twitter.com\/Yoq6HAuP85<\/a><\/p>\n<p>\u2014 WSL Brasil \ud83c\udde7\ud83c\uddf7 (@WSLBrasil) <a href=\"https:\/\/twitter.com\/WSLBrasil\/status\/1804154807071998115?ref_src=twsrc%5Etfw\" rel=\"noopener\">June 21, 2024<\/a><\/p><\/blockquote>\n<p>\u201cSem d\u00favida, \u00e9 o momento que esperamos bastante, de competir no Brasil, poder estar pr\u00f3ximo da nossa torcida, nossa fam\u00edlia, amigos e quero parabenizar toda a equipe que organiza esse evento, porque realmente voc\u00eas fazem um trabalho que eu posso tirar meu chap\u00e9u\u201d, declarou Italo Ferreira em entrevista coletiva concedida na \u00faltima quinta-feira (20) no Centro Cultural Banco do Brasil (CCBB).<\/p>\n<p>Um brasileiro chega com uma pequena vantagem, a de surfar em uma onda que conhece desde a inf\u00e2ncia, Jo\u00e3o Chianca. \u201cAcredito que a vantagem \u00e9 de ser brasileiro, estar no Brasil, em casa, fazendo o que a gente ama. Eu sou uma pessoa nascida e criada em Saquarema, que teve a oportunidade de ver essa etapa quando era novinho, que sentava do lado da grade dos atletas, ver eles surfando as baterias e agora ter a oportunidade de competir naquele palco t\u00e3o incr\u00edvel. Eu fui esse cara, essa criancinha que corria atr\u00e1s dos surfistas e hoje em dia estou podendo competir em casa, ao lado da fam\u00edlia, dos amigos. Eu tor\u00e7o muito para que tenha boas ondas, porque o Circuito Mundial \u00e9 um show \u00e0 parte\u201d, declarou o surfista, que tamb\u00e9m \u00e9 conhecido como Chumbinho.<\/p>\n<blockquote class=\"twitter-tweet\">\n<p dir=\"ltr\" lang=\"pt\" xml:lang=\"pt\">Lar doce lar&#8230; \ud83c\udfe0<\/p>\n<p>Faltam TR\u00caS dias para o <a href=\"https:\/\/twitter.com\/hashtag\/VivoRioPro?src=hash&amp;ref_src=twsrc%5Etfw\" rel=\"noopener\">#VivoRioPro<\/a> apresentado por Corona! \ud83d\udd25 <a href=\"https:\/\/twitter.com\/hashtag\/WSLBrasil?src=hash&amp;ref_src=twsrc%5Etfw\" rel=\"noopener\">#WSLBrasil<\/a> <a href=\"https:\/\/t.co\/eP8GDmEBJ3\">pic.twitter.com\/eP8GDmEBJ3<\/a><\/p>\n<p>\u2014 WSL Brasil \ud83c\udde7\ud83c\uddf7 (@WSLBrasil) <a href=\"https:\/\/twitter.com\/WSLBrasil\/status\/1803533217229840880?ref_src=twsrc%5Etfw\" rel=\"noopener\">June 19, 2024<\/a><\/p><\/blockquote>\n<p>Na disputa feminina da etapa de Saquarema a equipe brasileira ser\u00e1 formada por quatro nomes: Luana Silva, Tain\u00e1 Hinckel, Sophia Medina e Tatiana Weston-Webb.<\/p>\n<p>\u201cO nosso povo \u00e9 o melhor do mundo, tem muita paix\u00e3o, muita alegria, muito calor na torcida. Isso faz toda a diferen\u00e7a e competir aqui no Brasil, para mim, \u00e9 a melhor etapa, porque n\u00e3o \u00e9 s\u00f3 um campeonato de surfe\u201d, afirmou a surfista ga\u00facha, que \u00e9 uma das representantes do Brasil no torneio ol\u00edmpico de surfe, que ser\u00e1 disputado nos tubos de Teahupo\u00b4o (Taiti).<\/p>\n<\/p><\/div>\n<p><script async src=\"\/\/platform.twitter.com\/widgets.js\" charset=\"utf-8\"><\/script><br \/>\n<br \/><br \/>\n<br \/><a href=\"https:\/\/agenciabrasil.ebc.com.br\/esportes\/noticia\/2024-06\/circuito-mundial-de-surfe-chega-praia-de-itauna-em-saquarema\" rel=\"noopener\">Ag\u00eancia Brasil<\/a><\/p>\n","protected":false},"excerpt":{"rendered":"<p>Os principais do surfe mundial est\u00e3o no Brasil, pois, a partir do pr\u00f3ximo s\u00e1bado (22), a praia de Ita\u00fana, em Saquarema, no Rio de Janeiro, ser\u00e1 palco da 8\u00aa etapa do Circuito Mundial de Surfe. Na competi\u00e7\u00e3o, cuja janela de disputas ir\u00e1 at\u00e9 o dia 30 e junho, a equipe brasileira ser\u00e1 formada pelo campe\u00e3o [&hellip;]<\/p>\n","protected":false},"author":1,"featured_media":8848,"comment_status":"open","ping_status":"open","sticky":false,"template":"","format":"standard","meta":{"_jetpack_newsletter_access":"","_jetpack_dont_email_post_to_subs":false,"_jetpack_newsletter_tier_id":0,"_jetpack_memberships_contains_paywalled_content":false,"_mbp_banners":[],"_jetpack_feature_clip_id":0,"_jetpack_memberships_contains_paid_content":false,"footnotes":"","jetpack_publicize_message":"","jetpack_publicize_feature_enabled":true,"jetpack_social_post_already_shared":true,"jetpack_social_options":{"image_generator_settings":{"template":"highway","default_image_id":0,"font":"","enabled":false},"version":2},"jetpack_post_was_ever_published":false},"categories":[23],"tags":[],"class_list":["post-8847","post","type-post","status-publish","format-standard","has-post-thumbnail","category-esportes"],"jetpack_publicize_connections":[],"jetpack-related-posts":[],"jetpack_shortlink":"https:\/\/wp.me\/p7Eq1F-2iH","jetpack_sharing_enabled":true,"jetpack_featured_media_url":"https:\/\/i0.wp.com\/guialimeira.com.br\/news\/wp-content\/uploads\/2024\/06\/molly_picklum_23rio_diz_0385_thiago_diz.jpg?fit=1600%2C800&ssl=1","_links":{"self":[{"href":"https:\/\/guialimeira.com.br\/news\/wp-json\/wp\/v2\/posts\/8847","targetHints":{"allow":["GET"]}}],"collection":[{"href":"https:\/\/guialimeira.com.br\/news\/wp-json\/wp\/v2\/posts"}],"about":[{"href":"https:\/\/guialimeira.com.br\/news\/wp-json\/wp\/v2\/types\/post"}],"author":[{"embeddable":true,"href":"https:\/\/guialimeira.com.br\/news\/wp-json\/wp\/v2\/users\/1"}],"replies":[{"embeddable":true,"href":"https:\/\/guialimeira.com.br\/news\/wp-json\/wp\/v2\/comments?post=8847"}],"version-history":[{"count":0,"href":"https:\/\/guialimeira.com.br\/news\/wp-json\/wp\/v2\/posts\/8847\/revisions"}],"wp:featuredmedia":[{"embeddable":true,"href":"https:\/\/guialimeira.com.br\/news\/wp-json\/wp\/v2\/media\/8848"}],"wp:attachment":[{"href":"https:\/\/guialimeira.com.br\/news\/wp-json\/wp\/v2\/media?parent=8847"}],"wp:term":[{"taxonomy":"category","embeddable":true,"href":"https:\/\/guialimeira.com.br\/news\/wp-json\/wp\/v2\/categories?post=8847"},{"taxonomy":"post_tag","embeddable":true,"href":"https:\/\/guialimeira.com.br\/news\/wp-json\/wp\/v2\/tags?post=8847"}],"curies":[{"name":"wp","href":"https:\/\/api.w.org\/{rel}","templated":true}]}}