{"id":8839,"date":"2024-06-21T20:31:34","date_gmt":"2024-06-21T23:31:34","guid":{"rendered":"https:\/\/guialimeira.com.br\/2024\/06\/21\/sus-tera-primeiro-medicamento-para-demencia-associada-ao-parkinson\/"},"modified":"2024-06-21T20:31:34","modified_gmt":"2024-06-21T23:31:34","slug":"sus-tera-primeiro-medicamento-para-demencia-associada-ao-parkinson","status":"publish","type":"post","link":"https:\/\/guialimeira.com.br\/news\/sus-tera-primeiro-medicamento-para-demencia-associada-ao-parkinson\/","title":{"rendered":"SUS ter\u00e1 primeiro medicamento para dem\u00eancia associada ao Parkinson"},"content":{"rendered":"<p> <br \/>\n<\/p>\n<div>\n<p>O Minist\u00e9rio da Sa\u00fade publicou nesta sexta-feira (21) a <a href=\"https:\/\/www.in.gov.br\/web\/dou\/-\/portaria-sectics\/ms-n-27-de-19-de-junho-de-2024-567213628\" rel=\"noopener\">portaria de incorpora\u00e7\u00e3o<\/a> da rivastigmina no Sistema \u00danico de Sa\u00fade (SUS). O rem\u00e9dio \u00e9 o \u00fanico com registro em bula no pa\u00eds para tratamento de pacientes com doen\u00e7a de Parkinson e dem\u00eancia.\u00a0<img data-recalc-dims=\"1\" decoding=\"async\" src=\"https:\/\/i0.wp.com\/agenciabrasil.ebc.com.br\/ebc.png?w=696&#038;ssl=1\" style=\"width:1px; height:1px; display:inline;\"\/><img data-recalc-dims=\"1\" decoding=\"async\" src=\"https:\/\/i0.wp.com\/agenciabrasil.ebc.com.br\/ebc.gif?w=696&#038;ssl=1\" style=\"width:1px; height:1px; display:inline;\"\/><\/p>\n<p>Com recomenda\u00e7\u00e3o favor\u00e1vel da Comiss\u00e3o Nacional de Incorpora\u00e7\u00e3o de Tecnologias no Sistema \u00danico de Sa\u00fade (Conitec), o tratamento tem se mostrado eficaz para o controle dos sintomas cognitivos da doen\u00e7a. Cerca de 30% das pessoas que vivem com Parkinson desenvolvem dem\u00eancia por associa\u00e7\u00e3o e, nesse caso, n\u00e3o havia at\u00e9 o momento tratamento medicamentoso dispon\u00edvel no SUS.\u00a0<\/p>\n<p>A dem\u00eancia causa lentid\u00e3o cognitiva, d\u00e9ficits de aten\u00e7\u00e3o e mem\u00f3ria, bem como alucina\u00e7\u00f5es, del\u00edrios e apatia.\u00a0<\/p>\n<p>&#8220;Sabemos que o envelhecimento da nossa popula\u00e7\u00e3o j\u00e1 \u00e9 uma realidade. A doen\u00e7a de Parkinson n\u00e3o tem cura e tem afetado parcela significativa de brasileiros e essas pessoas, seus familiares e cuidadores precisam contar com o SUS para terem acesso a tratamentos que propiciem uma vida melhor\u201d, avalia o secret\u00e1rio de Ci\u00eancia, Tecnologia, Inova\u00e7\u00e3o e Complexo da Sa\u00fade do Minist\u00e9rio da Sa\u00fade, Carlos Gadelha.\u00a0\u00a0<\/p>\n<h2>Parkinson<\/h2>\n<p>O Parkinson \u00e9 a segunda doen\u00e7a neurodegenerativa mais comum no mundo, menos frequente apenas do que a doen\u00e7a de Alzheimer, que j\u00e1 conta com o tratamento com a rivastigmina na rede p\u00fablica de sa\u00fade. Atualmente, h\u00e1 entre 100 e 200 casos de doen\u00e7a de Parkinson para cada 100 mil indiv\u00edduos com mais de 40 anos e essa quantidade aumenta significativamente depois dos 60 anos.\u00a0<\/p>\n<p>Atualmente, o SUS j\u00e1 conta com tratamentos medicamentosos e fisioterap\u00eauticos, implantes de eletrodos e geradores de pulsos para estimula\u00e7\u00e3o cerebral para pessoas que vivem com a doen\u00e7a de Parkinson. Os principais objetivos do tratamento para a doen\u00e7a s\u00e3o deter a progress\u00e3o e diminuir os sintomas.\u00a0<\/p>\n<\/p><\/div>\n<p><br \/>\n<br \/><a href=\"https:\/\/agenciabrasil.ebc.com.br\/saude\/noticia\/2024-06\/sus-tera-primeiro-medicamento-para-demencia-associada-ao-parkinson\" rel=\"noopener\">Ag\u00eancia Brasil <\/a><\/p>\n","protected":false},"excerpt":{"rendered":"<p>O Minist\u00e9rio da Sa\u00fade publicou nesta sexta-feira (21) a portaria de incorpora\u00e7\u00e3o da rivastigmina no Sistema \u00danico de Sa\u00fade (SUS). O rem\u00e9dio \u00e9 o \u00fanico com registro em bula no pa\u00eds para tratamento de pacientes com doen\u00e7a de Parkinson e dem\u00eancia.\u00a0 Com recomenda\u00e7\u00e3o favor\u00e1vel da Comiss\u00e3o Nacional de Incorpora\u00e7\u00e3o de Tecnologias no Sistema \u00danico de [&hellip;]<\/p>\n","protected":false},"author":1,"featured_media":8840,"comment_status":"open","ping_status":"open","sticky":false,"template":"","format":"standard","meta":{"_jetpack_newsletter_access":"","_jetpack_dont_email_post_to_subs":false,"_jetpack_newsletter_tier_id":0,"_jetpack_memberships_contains_paywalled_content":false,"_mbp_banners":[],"_jetpack_feature_clip_id":0,"_jetpack_memberships_contains_paid_content":false,"footnotes":"","jetpack_publicize_message":"","jetpack_publicize_feature_enabled":true,"jetpack_social_post_already_shared":true,"jetpack_social_options":{"image_generator_settings":{"template":"highway","default_image_id":0,"font":"","enabled":false},"version":2},"jetpack_post_was_ever_published":false},"categories":[15],"tags":[],"class_list":["post-8839","post","type-post","status-publish","format-standard","has-post-thumbnail","category-saude"],"jetpack_publicize_connections":[],"jetpack-related-posts":[],"jetpack_shortlink":"https:\/\/wp.me\/p7Eq1F-2iz","jetpack_sharing_enabled":true,"jetpack_featured_media_url":"https:\/\/i0.wp.com\/guialimeira.com.br\/news\/wp-content\/uploads\/2024\/06\/raf05950.jpg?fit=1600%2C800&ssl=1","_links":{"self":[{"href":"https:\/\/guialimeira.com.br\/news\/wp-json\/wp\/v2\/posts\/8839","targetHints":{"allow":["GET"]}}],"collection":[{"href":"https:\/\/guialimeira.com.br\/news\/wp-json\/wp\/v2\/posts"}],"about":[{"href":"https:\/\/guialimeira.com.br\/news\/wp-json\/wp\/v2\/types\/post"}],"author":[{"embeddable":true,"href":"https:\/\/guialimeira.com.br\/news\/wp-json\/wp\/v2\/users\/1"}],"replies":[{"embeddable":true,"href":"https:\/\/guialimeira.com.br\/news\/wp-json\/wp\/v2\/comments?post=8839"}],"version-history":[{"count":0,"href":"https:\/\/guialimeira.com.br\/news\/wp-json\/wp\/v2\/posts\/8839\/revisions"}],"wp:featuredmedia":[{"embeddable":true,"href":"https:\/\/guialimeira.com.br\/news\/wp-json\/wp\/v2\/media\/8840"}],"wp:attachment":[{"href":"https:\/\/guialimeira.com.br\/news\/wp-json\/wp\/v2\/media?parent=8839"}],"wp:term":[{"taxonomy":"category","embeddable":true,"href":"https:\/\/guialimeira.com.br\/news\/wp-json\/wp\/v2\/categories?post=8839"},{"taxonomy":"post_tag","embeddable":true,"href":"https:\/\/guialimeira.com.br\/news\/wp-json\/wp\/v2\/tags?post=8839"}],"curies":[{"name":"wp","href":"https:\/\/api.w.org\/{rel}","templated":true}]}}