{"id":8834,"date":"2024-06-21T19:34:42","date_gmt":"2024-06-21T22:34:42","guid":{"rendered":"https:\/\/guialimeira.com.br\/2024\/06\/21\/dona-celeste-mae-de-pele-morre-em-santos-aos-101-anos-de-idade\/"},"modified":"2024-06-21T19:34:42","modified_gmt":"2024-06-21T22:34:42","slug":"dona-celeste-mae-de-pele-morre-em-santos-aos-101-anos-de-idade","status":"publish","type":"post","link":"https:\/\/guialimeira.com.br\/news\/dona-celeste-mae-de-pele-morre-em-santos-aos-101-anos-de-idade\/","title":{"rendered":"Dona Celeste, m\u00e3e de Pel\u00e9, morre em Santos aos 101 anos de idade"},"content":{"rendered":"<p> <br \/>\n<\/p>\n<div>\n<p>Celeste Arantes, a Dona Celeste, m\u00e3e do craque Pel\u00e9, faleceu nesta sexta-feira (21) em Santos, aos 101 anos de idade. A causa da morte de Celeste, que ficou hospitalizada por oito dias, n\u00e3o foi divulgada.<img data-recalc-dims=\"1\" decoding=\"async\" src=\"https:\/\/i0.wp.com\/agenciabrasil.ebc.com.br\/ebc.png?w=696&#038;ssl=1\" style=\"width:1px; height:1px; display:inline;\"\/><img data-recalc-dims=\"1\" decoding=\"async\" src=\"https:\/\/i0.wp.com\/agenciabrasil.ebc.com.br\/ebc.gif?w=696&#038;ssl=1\" style=\"width:1px; height:1px; display:inline;\"\/><\/p>\n<p>Em comunicado divulgado no site da CBF (Confedera\u00e7\u00e3o Brasileira de Futebol), o presidente da entidade, Ednaldo Rodrigues, lamentou a partida de Dona Celeste.<\/p>\n<p>\u201cHoje \u00e9 um dia triste para os f\u00e3s do futebol. O Pel\u00e9 sempre teve um carinho especial pela Dona Celeste, que nos cativava. Dona Celeste foi uma mulher negra que lutou junto com o seu marido para superar os obst\u00e1culos e criar uma fam\u00edlia com muita honra e dignidade. Gostaria de enviar minhas condol\u00eancias aos familiares e amigos neste momento de pesar\u201d, declarou o dirigente, que est\u00e1 nos Estados Unidos acompanhando a sele\u00e7\u00e3o brasileira que se prepara para disputar a Copa Am\u00e9rica.<\/p>\n<p>Em virtude da morte da m\u00e3e de Pel\u00e9, a CBF determinou que todas as partidas deste fim de semana respeitem um minuto de sil\u00eancio em homenagem a ela.<\/p>\n<p>Dona Celeste, nascida em Tr\u00eas Cora\u00e7\u00f5es, Minas Gerais, teve tr\u00eas filhos: Edson, que se tornou mundialmente conhecido pelo apelido de Pel\u00e9, Jair e Maria L\u00facia. Todos os filhos foram fruto do casamento com Jo\u00e3o Ramos do Nascimento, o Dondinho, com quem foi casada at\u00e9 o falecimento dele, em 1996. Celeste completou 100 anos de vida em 20 de novembro de 2022, pouco mais de um m\u00eas antes da morte de Pel\u00e9, que ocorreu em 29 de dezembro daquele ano.<\/p>\n<blockquote class=\"twitter-tweet\">\n<p dir=\"ltr\" lang=\"pt\" xml:lang=\"pt\">O Santos Futebol Clube lamenta profundamente o falecimento de Celeste Arantes do Nascimento, m\u00e3e do nosso eterno Rei.<\/p>\n<p>Nascida em Tr\u00eas Cora\u00e7\u00f5es, Celeste teve uma inf\u00e2ncia dif\u00edcil ao lado de seu irm\u00e3o Jorge. Ainda jovem, conheceu Dondinho, com quem viveu uma grande hist\u00f3ria de\u2026 <a href=\"https:\/\/t.co\/HWkxRws6Xi\">pic.twitter.com\/HWkxRws6Xi<\/a><\/p>\n<p>\u2014 Santos FC (@SantosFC) <a href=\"https:\/\/twitter.com\/SantosFC\/status\/1804207176753308104?ref_src=twsrc%5Etfw\" rel=\"noopener\">June 21, 2024<\/a><\/p><\/blockquote>\n<p>O Santos, clube pelo qual o ex-camisa 10 brilhou e se tornou uma lenda, decretou luto de tr\u00eas dias, com a bandeira hasteada a meio mastro.<\/p>\n<p>Em mensagem no site oficial do Peixe, Dona Celeste \u00e9 descrita como dona de \u201cuma hist\u00f3ria de vida inspiradora\u201d, al\u00e9m de uma \u201cmulher negra que enfrentou as infinitas adversidades da vida pelo bem de sua fam\u00edlia\u201d.<\/p>\n<\/p><\/div>\n<p><script async src=\"\/\/platform.twitter.com\/widgets.js\" charset=\"utf-8\"><\/script><br \/>\n<br \/><br \/>\n<br \/><a href=\"https:\/\/agenciabrasil.ebc.com.br\/esportes\/noticia\/2024-06\/dona-celeste-mae-de-pele-morre-em-santos-aos-101-anos-de-idade\" rel=\"noopener\">Ag\u00eancia Brasil<\/a><\/p>\n","protected":false},"excerpt":{"rendered":"<p>Celeste Arantes, a Dona Celeste, m\u00e3e do craque Pel\u00e9, faleceu nesta sexta-feira (21) em Santos, aos 101 anos de idade. A causa da morte de Celeste, que ficou hospitalizada por oito dias, n\u00e3o foi divulgada. Em comunicado divulgado no site da CBF (Confedera\u00e7\u00e3o Brasileira de Futebol), o presidente da entidade, Ednaldo Rodrigues, lamentou a partida [&hellip;]<\/p>\n","protected":false},"author":1,"featured_media":8835,"comment_status":"open","ping_status":"open","sticky":false,"template":"","format":"standard","meta":{"_jetpack_newsletter_access":"","_jetpack_dont_email_post_to_subs":false,"_jetpack_newsletter_tier_id":0,"_jetpack_memberships_contains_paywalled_content":false,"_mbp_banners":[],"_jetpack_feature_clip_id":0,"_jetpack_memberships_contains_paid_content":false,"footnotes":"","jetpack_publicize_message":"","jetpack_publicize_feature_enabled":true,"jetpack_social_post_already_shared":true,"jetpack_social_options":{"image_generator_settings":{"template":"highway","default_image_id":0,"font":"","enabled":false},"version":2},"jetpack_post_was_ever_published":false},"categories":[23],"tags":[],"class_list":["post-8834","post","type-post","status-publish","format-standard","has-post-thumbnail","category-esportes"],"jetpack_publicize_connections":[],"jetpack-related-posts":[],"jetpack_shortlink":"https:\/\/wp.me\/p7Eq1F-2iu","jetpack_sharing_enabled":true,"jetpack_featured_media_url":"https:\/\/i0.wp.com\/guialimeira.com.br\/news\/wp-content\/uploads\/2024\/06\/pele_celeste_futebol.jpeg?fit=1600%2C800&ssl=1","_links":{"self":[{"href":"https:\/\/guialimeira.com.br\/news\/wp-json\/wp\/v2\/posts\/8834","targetHints":{"allow":["GET"]}}],"collection":[{"href":"https:\/\/guialimeira.com.br\/news\/wp-json\/wp\/v2\/posts"}],"about":[{"href":"https:\/\/guialimeira.com.br\/news\/wp-json\/wp\/v2\/types\/post"}],"author":[{"embeddable":true,"href":"https:\/\/guialimeira.com.br\/news\/wp-json\/wp\/v2\/users\/1"}],"replies":[{"embeddable":true,"href":"https:\/\/guialimeira.com.br\/news\/wp-json\/wp\/v2\/comments?post=8834"}],"version-history":[{"count":0,"href":"https:\/\/guialimeira.com.br\/news\/wp-json\/wp\/v2\/posts\/8834\/revisions"}],"wp:featuredmedia":[{"embeddable":true,"href":"https:\/\/guialimeira.com.br\/news\/wp-json\/wp\/v2\/media\/8835"}],"wp:attachment":[{"href":"https:\/\/guialimeira.com.br\/news\/wp-json\/wp\/v2\/media?parent=8834"}],"wp:term":[{"taxonomy":"category","embeddable":true,"href":"https:\/\/guialimeira.com.br\/news\/wp-json\/wp\/v2\/categories?post=8834"},{"taxonomy":"post_tag","embeddable":true,"href":"https:\/\/guialimeira.com.br\/news\/wp-json\/wp\/v2\/tags?post=8834"}],"curies":[{"name":"wp","href":"https:\/\/api.w.org\/{rel}","templated":true}]}}