{"id":8821,"date":"2024-06-21T17:34:10","date_gmt":"2024-06-21T20:34:10","guid":{"rendered":"https:\/\/guialimeira.com.br\/2024\/06\/21\/capacitacao-aborda-deteccao-do-cancer-de-colo-de-utero\/"},"modified":"2024-06-21T17:34:10","modified_gmt":"2024-06-21T20:34:10","slug":"capacitacao-aborda-deteccao-do-cancer-de-colo-de-utero","status":"publish","type":"post","link":"https:\/\/guialimeira.com.br\/news\/capacitacao-aborda-deteccao-do-cancer-de-colo-de-utero\/","title":{"rendered":"Capacita\u00e7\u00e3o aborda detec\u00e7\u00e3o do c\u00e2ncer de colo de \u00fatero"},"content":{"rendered":"<p> <br \/>\n<br \/><img data-recalc-dims=\"1\" decoding=\"async\" src=\"https:\/\/i0.wp.com\/ecrie.com.br\/sistema\/conteudos\/imagem\/m_137_0_1_21062024160424.jpeg?w=696&#038;ssl=1\" \/><\/p>\n<p>A Secretaria de Sa&uacute;de de Limeira, por meio da Diretoria de&nbsp;Aten&ccedil;&atilde;o Prim&aacute;ria, realizou nesta sexta-feira (21), no Espa&ccedil;o Elo (P&aacute;tio Limeira&nbsp;Shopping),&nbsp;uma capacita&ccedil;&atilde;o sobre o c&acirc;ncer de colo de &uacute;tero e a coleta do&nbsp;exame citopatol&oacute;gico (Papanicolau).&nbsp;A iniciativa contou com a participa&ccedil;&atilde;o de citopatologistas do Laborat&oacute;rio Municipal&nbsp;e do grupo t&eacute;cnico de Sa&uacute;de da Mulher da Aten&ccedil;&atilde;o B&aacute;sica. Na ocasi&atilde;o, foram&nbsp;esclarecidas d&uacute;vidas relacionadas &agrave; coleta do exame e &agrave; notifica&ccedil;&atilde;o no Sistema de Informa&ccedil;&atilde;o sobre o C&acirc;ncer (Siscan) &#8211; ferramenta do Minist&eacute;rio da Sa&uacute;de.&nbsp;<\/p>\n<p>Al&eacute;m dos servidores municipais, a capacita&ccedil;&atilde;o contou com a presen&ccedil;a de enfermeiros de Cordeir&oacute;polis, Engenheiro Coelho e Iracem&aacute;polis. De acordo com a diretora da Aten&ccedil;&atilde;o Prim&aacute;ria &agrave; Sa&uacute;de, Faedra Rosada, a forma&ccedil;&atilde;o continuada dos profissionais &eacute; fundamental para aprimorar a detec&ccedil;&atilde;o precoce do c&acirc;ncer de colo de &uacute;tero&nbsp;e o atendimento &agrave; popula&ccedil;&atilde;o.<\/p>\n<p>&nbsp;<\/p>\n<p><br \/>\n<br \/><a href=\"https:\/\/limeira.sp.gov.br\/capacitacao-aborda-deteccao-do-cancer-de-colo-de-utero\" rel=\"noopener\">Informa\u00e7\u00f5es da PML <\/a><\/p>\n","protected":false},"excerpt":{"rendered":"<p>A Secretaria de Sa&uacute;de de Limeira, por meio da Diretoria de&nbsp;Aten&ccedil;&atilde;o Prim&aacute;ria, realizou nesta sexta-feira (21), no Espa&ccedil;o Elo (P&aacute;tio Limeira&nbsp;Shopping),&nbsp;uma capacita&ccedil;&atilde;o sobre o c&acirc;ncer de colo de &uacute;tero e a coleta do&nbsp;exame citopatol&oacute;gico (Papanicolau).&nbsp;A iniciativa contou com a participa&ccedil;&atilde;o de citopatologistas do Laborat&oacute;rio Municipal&nbsp;e do grupo t&eacute;cnico de Sa&uacute;de da Mulher da Aten&ccedil;&atilde;o B&aacute;sica. [&hellip;]<\/p>\n","protected":false},"author":1,"featured_media":8822,"comment_status":"open","ping_status":"open","sticky":false,"template":"","format":"standard","meta":{"_jetpack_newsletter_access":"","_jetpack_dont_email_post_to_subs":false,"_jetpack_newsletter_tier_id":0,"_jetpack_memberships_contains_paywalled_content":false,"_mbp_banners":[],"_jetpack_feature_clip_id":0,"_jetpack_memberships_contains_paid_content":false,"footnotes":"","jetpack_publicize_message":"","jetpack_publicize_feature_enabled":true,"jetpack_social_post_already_shared":true,"jetpack_social_options":{"image_generator_settings":{"template":"highway","default_image_id":0,"font":"","enabled":false},"version":2},"jetpack_post_was_ever_published":false},"categories":[16],"tags":[],"class_list":["post-8821","post","type-post","status-publish","format-standard","has-post-thumbnail","category-local"],"jetpack_publicize_connections":[],"jetpack-related-posts":[],"jetpack_shortlink":"https:\/\/wp.me\/p7Eq1F-2ih","jetpack_sharing_enabled":true,"jetpack_featured_media_url":"https:\/\/i0.wp.com\/guialimeira.com.br\/news\/wp-content\/uploads\/2024\/06\/m_137_0_1_21062024160424.jpeg?fit=900%2C674&ssl=1","_links":{"self":[{"href":"https:\/\/guialimeira.com.br\/news\/wp-json\/wp\/v2\/posts\/8821","targetHints":{"allow":["GET"]}}],"collection":[{"href":"https:\/\/guialimeira.com.br\/news\/wp-json\/wp\/v2\/posts"}],"about":[{"href":"https:\/\/guialimeira.com.br\/news\/wp-json\/wp\/v2\/types\/post"}],"author":[{"embeddable":true,"href":"https:\/\/guialimeira.com.br\/news\/wp-json\/wp\/v2\/users\/1"}],"replies":[{"embeddable":true,"href":"https:\/\/guialimeira.com.br\/news\/wp-json\/wp\/v2\/comments?post=8821"}],"version-history":[{"count":0,"href":"https:\/\/guialimeira.com.br\/news\/wp-json\/wp\/v2\/posts\/8821\/revisions"}],"wp:featuredmedia":[{"embeddable":true,"href":"https:\/\/guialimeira.com.br\/news\/wp-json\/wp\/v2\/media\/8822"}],"wp:attachment":[{"href":"https:\/\/guialimeira.com.br\/news\/wp-json\/wp\/v2\/media?parent=8821"}],"wp:term":[{"taxonomy":"category","embeddable":true,"href":"https:\/\/guialimeira.com.br\/news\/wp-json\/wp\/v2\/categories?post=8821"},{"taxonomy":"post_tag","embeddable":true,"href":"https:\/\/guialimeira.com.br\/news\/wp-json\/wp\/v2\/tags?post=8821"}],"curies":[{"name":"wp","href":"https:\/\/api.w.org\/{rel}","templated":true}]}}