{"id":8815,"date":"2024-06-21T16:32:37","date_gmt":"2024-06-21T19:32:37","guid":{"rendered":"https:\/\/guialimeira.com.br\/2024\/06\/21\/trecho-da-avenida-assis-brasil-e-liberado-apos-interdicao-para-reparo-em-afundamento\/"},"modified":"2024-06-21T16:32:37","modified_gmt":"2024-06-21T19:32:37","slug":"trecho-da-avenida-assis-brasil-e-liberado-apos-interdicao-para-reparo-em-afundamento","status":"publish","type":"post","link":"https:\/\/guialimeira.com.br\/news\/trecho-da-avenida-assis-brasil-e-liberado-apos-interdicao-para-reparo-em-afundamento\/","title":{"rendered":"Trecho da Avenida Assis Brasil \u00e9 liberado ap\u00f3s interdi\u00e7\u00e3o para reparo\u00a0em afundamento"},"content":{"rendered":"<p> <br \/>\n<br \/><img data-recalc-dims=\"1\" decoding=\"async\" src=\"https:\/\/i0.wp.com\/ecrie.com.br\/sistema\/conteudos\/imagem\/m_137_0_1_21062024162153.jpeg?w=696&#038;ssl=1\" \/><\/p>\n<p style=\"text-align: justify\">O trecho da Av. Assis Brasil, entre a Rua Santa In&ecirc;s e a Av. S&atilde;o Sebasti&atilde;o, j&aacute; foi liberado para o tr&acirc;nsito. A informa&ccedil;&atilde;o &eacute; da Secretaria de Obras e Servi&ccedil;os P&uacute;blicos. A interdi&ccedil;&atilde;o ocorreu hoje (21), no per&iacute;odo da manh&atilde;, para a inspe&ccedil;&atilde;o em um afundamento registrado na via, sobre a vala de drenagem de &aacute;guas pluviais.<\/p>\n<p style=\"text-align: justify\">De acordo com o Departamento de Saneamento e Drenagem da pasta, na inspe&ccedil;&atilde;o foi detectado que a rede de &aacute;guas pluviais est&aacute; intacta. O afundamento na pavimenta&ccedil;&atilde;o pode ter ocorrido devido &agrave; infiltra&ccedil;&otilde;es de &aacute;gua no local.<\/p>\n<p style=\"text-align: justify\">Na segunda-feira (24), a equipe de manuten&ccedil;&atilde;o far&aacute; o recapeamento do trecho que recebeu os servi&ccedil;os.<\/p>\n<p><br \/>\n<br \/><a href=\"https:\/\/limeira.sp.gov.br\/trecho-da-avenida-assis-brasil-e-liberado-apos-interdicao-para-reparoem-afundamento\" rel=\"noopener\">Informa\u00e7\u00f5es da PML <\/a><\/p>\n","protected":false},"excerpt":{"rendered":"<p>O trecho da Av. Assis Brasil, entre a Rua Santa In&ecirc;s e a Av. S&atilde;o Sebasti&atilde;o, j&aacute; foi liberado para o tr&acirc;nsito. A informa&ccedil;&atilde;o &eacute; da Secretaria de Obras e Servi&ccedil;os P&uacute;blicos. A interdi&ccedil;&atilde;o ocorreu hoje (21), no per&iacute;odo da manh&atilde;, para a inspe&ccedil;&atilde;o em um afundamento registrado na via, sobre a vala de drenagem [&hellip;]<\/p>\n","protected":false},"author":1,"featured_media":8816,"comment_status":"open","ping_status":"open","sticky":false,"template":"","format":"standard","meta":{"_jetpack_newsletter_access":"","_jetpack_dont_email_post_to_subs":false,"_jetpack_newsletter_tier_id":0,"_jetpack_memberships_contains_paywalled_content":false,"_mbp_banners":[],"_jetpack_feature_clip_id":0,"_jetpack_memberships_contains_paid_content":false,"footnotes":"","jetpack_publicize_message":"","jetpack_publicize_feature_enabled":true,"jetpack_social_post_already_shared":true,"jetpack_social_options":{"image_generator_settings":{"template":"highway","default_image_id":0,"font":"","enabled":false},"version":2},"jetpack_post_was_ever_published":false},"categories":[16],"tags":[],"class_list":["post-8815","post","type-post","status-publish","format-standard","has-post-thumbnail","category-local"],"jetpack_publicize_connections":[],"jetpack-related-posts":[],"jetpack_shortlink":"https:\/\/wp.me\/p7Eq1F-2ib","jetpack_sharing_enabled":true,"jetpack_featured_media_url":"https:\/\/i0.wp.com\/guialimeira.com.br\/news\/wp-content\/uploads\/2024\/06\/m_137_0_1_21062024162153.jpeg?fit=900%2C674&ssl=1","_links":{"self":[{"href":"https:\/\/guialimeira.com.br\/news\/wp-json\/wp\/v2\/posts\/8815","targetHints":{"allow":["GET"]}}],"collection":[{"href":"https:\/\/guialimeira.com.br\/news\/wp-json\/wp\/v2\/posts"}],"about":[{"href":"https:\/\/guialimeira.com.br\/news\/wp-json\/wp\/v2\/types\/post"}],"author":[{"embeddable":true,"href":"https:\/\/guialimeira.com.br\/news\/wp-json\/wp\/v2\/users\/1"}],"replies":[{"embeddable":true,"href":"https:\/\/guialimeira.com.br\/news\/wp-json\/wp\/v2\/comments?post=8815"}],"version-history":[{"count":0,"href":"https:\/\/guialimeira.com.br\/news\/wp-json\/wp\/v2\/posts\/8815\/revisions"}],"wp:featuredmedia":[{"embeddable":true,"href":"https:\/\/guialimeira.com.br\/news\/wp-json\/wp\/v2\/media\/8816"}],"wp:attachment":[{"href":"https:\/\/guialimeira.com.br\/news\/wp-json\/wp\/v2\/media?parent=8815"}],"wp:term":[{"taxonomy":"category","embeddable":true,"href":"https:\/\/guialimeira.com.br\/news\/wp-json\/wp\/v2\/categories?post=8815"},{"taxonomy":"post_tag","embeddable":true,"href":"https:\/\/guialimeira.com.br\/news\/wp-json\/wp\/v2\/tags?post=8815"}],"curies":[{"name":"wp","href":"https:\/\/api.w.org\/{rel}","templated":true}]}}