{"id":8811,"date":"2024-06-21T15:31:44","date_gmt":"2024-06-21T18:31:44","guid":{"rendered":"https:\/\/guialimeira.com.br\/2024\/06\/21\/exposicao-celebra-patrimonio-historico-de-limeira\/"},"modified":"2024-06-21T15:31:44","modified_gmt":"2024-06-21T18:31:44","slug":"exposicao-celebra-patrimonio-historico-de-limeira","status":"publish","type":"post","link":"https:\/\/guialimeira.com.br\/news\/exposicao-celebra-patrimonio-historico-de-limeira\/","title":{"rendered":"Exposi\u00e7\u00e3o celebra patrim\u00f4nio hist\u00f3rico de Limeira"},"content":{"rendered":"<p> <br \/>\n<br \/><img data-recalc-dims=\"1\" decoding=\"async\" src=\"https:\/\/i0.wp.com\/ecrie.com.br\/sistema\/conteudos\/imagem\/m_137_0_1_21062024143723.jpg?w=696&#038;ssl=1\" \/><\/p>\n<div>\n<div class=\"nH\">\n<div class=\"nH\">\n<div class=\"nH aqk aql bkL\">\n<div class=\"nH bkK\">\n<div class=\"nH\">\n<div class=\"nH ar4 z\">\n<div class=\"aeI\">\n<div class=\"AO\">\n<div id=\":3\" class=\"Tm aeJ\">\n<div id=\":1\" class=\"aeF\">\n<div class=\"nH\">\n<div class=\"nH\" role=\"main\">\n<div class=\"nH g\">\n<div class=\"nH a98 iY\">\n<div class=\"nH\">\n<div class=\"aHU hx\">\n<div class=\"bh\" role=\"list\">\n<div class=\"h7 bg ie\" role=\"listitem\" aria-expanded=\"true\">\n<div class=\"Bk\">\n<div class=\"G3 G2\">\n<div id=\":1w7\">\n<div class=\"adn ads\" data-message-id=\"#msg-f:1802492493201430636\" data-legacy-message-id=\"1903bd5f5f94586c\">\n<div class=\"gs\">\n<div class=\"\">\n<div id=\":1s2\" class=\"ii gt\">\n<div id=\":1w5\" class=\"a3s aiL \">\n<div>\n<div>\n<div>\n<div>\n<div>\n<div dir=\"ltr\">\n<p dir=\"ltr\" style=\"text-align: justify\">Na pr&oacute;xima segunda-feira (24), acontece a abertura da exposi&ccedil;&atilde;o &ldquo;Capturando a Ess&ecirc;ncia de Limeira&rdquo;, no Palacete Levy, &agrave;s 19h. A mostra encerra a Oficina de Fotografia do Patrim&ocirc;nio Cultural, ministrada pelo fot&oacute;grafo Jo&atilde;o Batista Gimenez. O projeto &eacute; contemplado pela&nbsp;Lei Paulo Gustavo do Minist&eacute;rio da Cultura do Governo Federal e Prefeitura de Limeira, atrav&eacute;s da Secretaria de Cultura.<\/p>\n<p dir=\"ltr\" style=\"text-align: justify\">A exposi&ccedil;&atilde;o celebra a riqueza hist&oacute;rica de Limeira atrav&eacute;s da arte da fotografia, promovendo o patrim&ocirc;nio cultural. O objetivo do projeto &eacute; proporcionar uma nova perspectiva sobre a cidade, destacando e valorizando sua beleza e import&acirc;ncia hist&oacute;rica.<\/p>\n<p dir=\"ltr\" style=\"text-align: justify\">Para a abertura haver&aacute; int&eacute;rprete de Libras e entrega de certificados a todos os participantes da oficina. A comunidade &eacute; convidada para prestigiar a exposi&ccedil;&atilde;o, que &eacute; fruto de talento e dedica&ccedil;&atilde;o.&nbsp;<\/p>\n<p dir=\"ltr\" style=\"text-align: justify\">A exposi&ccedil;&atilde;o estar&aacute; aberta para visita&ccedil;&atilde;o de segunda a sexta, das 9h &agrave;s 17h, at&eacute; o dia 28 de junho. O Palacete Levy fica no Largo da Boa Morte, 11 &#8211; Centro.<\/p>\n<\/div>\n<\/div>\n<\/div>\n<\/div>\n<\/div>\n<\/div>\n<\/div>\n<\/div>\n<\/div>\n<\/div>\n<\/div>\n<\/div>\n<\/div>\n<\/div>\n<\/div>\n<\/div>\n<\/div>\n<\/div>\n<\/div>\n<\/div>\n<\/div>\n<\/div>\n<\/div>\n<\/div>\n<\/div>\n<\/div>\n<\/div>\n<\/div>\n<\/div>\n<div class=\"nH\" style=\"text-align: justify\">\n<div class=\"aUx\">\n<div class=\"bAw bcf tRcrsc\">\n<div class=\"brC-aT5-aOt-Jw\" role=\"complementary\" aria-label=\"Painel lateral\">\n<div class=\"brC-aT5-aOt-bsf-Jw\">\n<div class=\"brC-bsf-aT5-aOt\" role=\"tablist\">\n<div id=\"gsc-gab-6\" class=\"bse-bvF-I aT5-aOt-I bse-bvF-aLp\" role=\"tab\" data-guest-app-id=\"6\" aria-label=\"Agenda\">\n<div class=\"aT5-aOt-I-JX-atM aT5-aOt-I-JX-atM-Kv\">&nbsp;<\/div>\n<div class=\"aT5-aOt-I-JX-atM aT5-aOt-I-JX-atM-J6\">&nbsp;<\/div>\n<div class=\"aT5-aOt-I-JX-Jw\">&nbsp;<\/div>\n<\/div>\n<div id=\"gsc-gab-2\" class=\"bse-bvF-I aT5-aOt-I bse-bvF-a9p\" role=\"tab\" data-guest-app-id=\"2\" aria-label=\"Keep\">\n<div class=\"aT5-aOt-I-JX-atM aT5-aOt-I-JX-atM-Kv\">&nbsp;<\/div>\n<div class=\"aT5-aOt-I-JX-atM aT5-aOt-I-JX-atM-J6\">&nbsp;<\/div>\n<div class=\"aT5-aOt-I-JX-Jw\">&nbsp;<\/div>\n<\/div>\n<div id=\"gsc-gab-4\" class=\"bse-bvF-I aT5-aOt-I bse-bvF-aLp\" role=\"tab\" data-guest-app-id=\"4\" aria-label=\"Tarefas\">\n<div class=\"aT5-aOt-I-JX-atM aT5-aOt-I-JX-atM-Kv\">&nbsp;<\/div>\n<div class=\"aT5-aOt-I-JX-atM aT5-aOt-I-JX-atM-J6\">&nbsp;<\/div>\n<div class=\"aT5-aOt-I-JX-Jw\">&nbsp;<\/div>\n<\/div>\n<div id=\"gsc-gab-9\" class=\"bse-bvF-I aT5-aOt-I bse-bvF-aLp\" role=\"tab\" data-guest-app-id=\"9\" aria-label=\"Contatos\">\n<div class=\"aT5-aOt-I-JX-atM aT5-aOt-I-JX-atM-Kv\">&nbsp;<\/div>\n<div class=\"aT5-aOt-I-JX-atM aT5-aOt-I-JX-atM-J6\">&nbsp;<\/div>\n<div class=\"aT5-aOt-I-JX-Jw\">&nbsp;<\/div>\n<\/div>\n<div id=\":mr\" class=\"brC-aT5-aOt-axR\" role=\"separator\" aria-hidden=\"false\">&nbsp;<\/div>\n<div id=\"qJTzr\" class=\"bse-bvF-I aT5-aOt-I\" role=\"tab\" aria-label=\"Instalar complementos\">\n<div class=\"aT5-aOt-I-JX-atM aT5-aOt-I-JX-atM-Kv\">&nbsp;<\/div>\n<div class=\"aT5-aOt-I-JX-atM aT5-aOt-I-JX-atM-J6\">&nbsp;<\/div>\n<div class=\"aT5-aOt-I-JX-Jw\">&nbsp;<\/div>\n<\/div>\n<\/div>\n<\/div>\n<\/div>\n<div class=\"brC-dA-I-Jw\">\n<div class=\"aT5-aOt-I brC-dA-I\" role=\"button\" aria-label=\"Esconder painel lateral\">\n<div class=\"aT5-aOt-I-JX-atM\">&nbsp;<\/div>\n<div class=\"aT5-aOt-I-JX-Jw\">&nbsp;<\/div>\n<\/div>\n<\/div>\n<\/div>\n<\/div>\n<\/div>\n<\/div>\n<\/div>\n<\/div>\n<\/div>\n<div class=\"vY nq\" style=\"text-align: justify\">&nbsp;<\/div>\n<div style=\"text-align: justify\">\n<div>&nbsp;<\/div>\n<\/div>\n<div class=\"T-ays T-ays-avH\" style=\"text-align: justify\" role=\"tooltip\">\n<div class=\"T-ays-iP\">&nbsp;<\/div>\n<\/div>\n<div class=\"dw np\">\n<div>\n<div class=\"nH\">\n<div class=\"nH\">\n<div class=\"no\" style=\"text-align: justify\">\n<div class=\"nH nn\">&nbsp;<\/div>\n<div class=\"nH nn\">&nbsp;<\/div>\n<\/div>\n<div class=\"dJ\" style=\"text-align: justify\">&nbsp;<\/div>\n<\/div>\n<\/div>\n<\/div>\n<\/div>\n<p><br \/>\n<br \/><a href=\"https:\/\/limeira.sp.gov.br\/exposicao-celebra-patrimonio-historico-de-limeira\" rel=\"noopener\">Informa\u00e7\u00f5es da PML <\/a><\/p>\n","protected":false},"excerpt":{"rendered":"<p>Na pr&oacute;xima segunda-feira (24), acontece a abertura da exposi&ccedil;&atilde;o &ldquo;Capturando a Ess&ecirc;ncia de Limeira&rdquo;, no Palacete Levy, &agrave;s 19h. A mostra encerra a Oficina de Fotografia do Patrim&ocirc;nio Cultural, ministrada pelo fot&oacute;grafo Jo&atilde;o Batista Gimenez. O projeto &eacute; contemplado pela&nbsp;Lei Paulo Gustavo do Minist&eacute;rio da Cultura do Governo Federal e Prefeitura de Limeira, atrav&eacute;s da [&hellip;]<\/p>\n","protected":false},"author":1,"featured_media":8812,"comment_status":"open","ping_status":"open","sticky":false,"template":"","format":"standard","meta":{"_jetpack_newsletter_access":"","_jetpack_dont_email_post_to_subs":false,"_jetpack_newsletter_tier_id":0,"_jetpack_memberships_contains_paywalled_content":false,"_mbp_banners":[],"_jetpack_feature_clip_id":0,"_jetpack_memberships_contains_paid_content":false,"footnotes":"","jetpack_publicize_message":"","jetpack_publicize_feature_enabled":true,"jetpack_social_post_already_shared":true,"jetpack_social_options":{"image_generator_settings":{"template":"highway","default_image_id":0,"font":"","enabled":false},"version":2},"jetpack_post_was_ever_published":false},"categories":[16],"tags":[],"class_list":["post-8811","post","type-post","status-publish","format-standard","has-post-thumbnail","category-local"],"jetpack_publicize_connections":[],"jetpack-related-posts":[],"jetpack_shortlink":"https:\/\/wp.me\/p7Eq1F-2i7","jetpack_sharing_enabled":true,"jetpack_featured_media_url":"https:\/\/i0.wp.com\/guialimeira.com.br\/news\/wp-content\/uploads\/2024\/06\/m_137_0_1_21062024143723.jpg?fit=531%2C746&ssl=1","_links":{"self":[{"href":"https:\/\/guialimeira.com.br\/news\/wp-json\/wp\/v2\/posts\/8811","targetHints":{"allow":["GET"]}}],"collection":[{"href":"https:\/\/guialimeira.com.br\/news\/wp-json\/wp\/v2\/posts"}],"about":[{"href":"https:\/\/guialimeira.com.br\/news\/wp-json\/wp\/v2\/types\/post"}],"author":[{"embeddable":true,"href":"https:\/\/guialimeira.com.br\/news\/wp-json\/wp\/v2\/users\/1"}],"replies":[{"embeddable":true,"href":"https:\/\/guialimeira.com.br\/news\/wp-json\/wp\/v2\/comments?post=8811"}],"version-history":[{"count":0,"href":"https:\/\/guialimeira.com.br\/news\/wp-json\/wp\/v2\/posts\/8811\/revisions"}],"wp:featuredmedia":[{"embeddable":true,"href":"https:\/\/guialimeira.com.br\/news\/wp-json\/wp\/v2\/media\/8812"}],"wp:attachment":[{"href":"https:\/\/guialimeira.com.br\/news\/wp-json\/wp\/v2\/media?parent=8811"}],"wp:term":[{"taxonomy":"category","embeddable":true,"href":"https:\/\/guialimeira.com.br\/news\/wp-json\/wp\/v2\/categories?post=8811"},{"taxonomy":"post_tag","embeddable":true,"href":"https:\/\/guialimeira.com.br\/news\/wp-json\/wp\/v2\/tags?post=8811"}],"curies":[{"name":"wp","href":"https:\/\/api.w.org\/{rel}","templated":true}]}}