{"id":8800,"date":"2024-06-21T12:26:48","date_gmt":"2024-06-21T15:26:48","guid":{"rendered":"https:\/\/guialimeira.com.br\/2024\/06\/21\/intencao-de-consumo-das-familias-cresce-pelo-terceiro-mes\/"},"modified":"2024-06-21T12:26:48","modified_gmt":"2024-06-21T15:26:48","slug":"intencao-de-consumo-das-familias-cresce-pelo-terceiro-mes","status":"publish","type":"post","link":"https:\/\/guialimeira.com.br\/news\/intencao-de-consumo-das-familias-cresce-pelo-terceiro-mes\/","title":{"rendered":"Inten\u00e7\u00e3o de consumo das fam\u00edlias cresce pelo terceiro m\u00eas"},"content":{"rendered":"<p> <br \/>\n<\/p>\n<div>\n<p>A Inten\u00e7\u00e3o de Consumo das Fam\u00edlias (ICF) cresceu 0,5% em junho deste ano, em rela\u00e7\u00e3o ao m\u00eas anterior. \u00c9 a terceira alta consecutiva do indicador, neste tipo de compara\u00e7\u00e3o, apesar de ter sido a menos intensa, segundo pesquisa divulgada nesta sexta-feira (21) pela Confedera\u00e7\u00e3o Nacional de Bens, Servi\u00e7os e Turismo (CNC).<img data-recalc-dims=\"1\" decoding=\"async\" src=\"https:\/\/i0.wp.com\/agenciabrasil.ebc.com.br\/ebc.png?w=696&#038;ssl=1\" style=\"width:1px; height:1px; display:inline;\"\/><img data-recalc-dims=\"1\" decoding=\"async\" src=\"https:\/\/i0.wp.com\/agenciabrasil.ebc.com.br\/ebc.gif?w=696&#038;ssl=1\" style=\"width:1px; height:1px; display:inline;\"\/><\/p>\n<p>Na compara\u00e7\u00e3o com junho do ano passado, o crescimento da inten\u00e7\u00e3o de consumo chegou a 5,1%, de acordo com a CNC.<\/p>\n<p>Na compara\u00e7\u00e3o com maio, o crescimento do indicador foi puxado principalmente pelos componentes n\u00edvel de consumo atual (1,7%) e renda atual (1,5%). Tamb\u00e9m apresentaram alta perspectiva de consumo (0,9%), perspectiva profissional e momento para a compra de bens dur\u00e1veis (ambos com 0,5%), al\u00e9m de emprego atual (0,2%). O acesso ao cr\u00e9dito foi o \u00fanico componente que n\u00e3o cresceu e ficou est\u00e1vel.<\/p>\n<p>Em rela\u00e7\u00e3o a junho de 2023, a maior alta foi observada no momento para a compra de dur\u00e1veis (13,4%), seguido por renda atual (8,2%), n\u00edvel de consumo atual (8%), acesso ao cr\u00e9dito (5,9%), perspectiva de consumo (3,8%) e emprego atual (3,6%). A perspectiva profissional foi o \u00fanico componente a apresentar queda nesse tipo de compara\u00e7\u00e3o (-2,3%).<\/p>\n<p>No Rio Grande do Sul, a ICF apresentou quedas de 3,4% em rela\u00e7\u00e3o a maio e de 23,3% na compara\u00e7\u00e3o com junho do ano passado, devido ao evento clim\u00e1tico extremo que atingiu o estado recentemente. Todos os componentes apresentaram quedas nas duas compara\u00e7\u00f5es temporais.<\/p>\n<\/p><\/div>\n<p><br \/>\n<br \/><a href=\"https:\/\/agenciabrasil.ebc.com.br\/economia\/noticia\/2024-06\/intencao-de-consumo-das-familias-cresce-pelo-terceiro-mes\" rel=\"noopener\">Ag\u00eancia Brasil<\/a><\/p>\n","protected":false},"excerpt":{"rendered":"<p>A Inten\u00e7\u00e3o de Consumo das Fam\u00edlias (ICF) cresceu 0,5% em junho deste ano, em rela\u00e7\u00e3o ao m\u00eas anterior. \u00c9 a terceira alta consecutiva do indicador, neste tipo de compara\u00e7\u00e3o, apesar de ter sido a menos intensa, segundo pesquisa divulgada nesta sexta-feira (21) pela Confedera\u00e7\u00e3o Nacional de Bens, Servi\u00e7os e Turismo (CNC). Na compara\u00e7\u00e3o com junho [&hellip;]<\/p>\n","protected":false},"author":1,"featured_media":8801,"comment_status":"open","ping_status":"open","sticky":false,"template":"","format":"standard","meta":{"_jetpack_newsletter_access":"","_jetpack_dont_email_post_to_subs":false,"_jetpack_newsletter_tier_id":0,"_jetpack_memberships_contains_paywalled_content":false,"_mbp_banners":[],"_jetpack_feature_clip_id":0,"_jetpack_memberships_contains_paid_content":false,"footnotes":"","jetpack_publicize_message":"","jetpack_publicize_feature_enabled":true,"jetpack_social_post_already_shared":true,"jetpack_social_options":{"image_generator_settings":{"template":"highway","default_image_id":0,"font":"","enabled":false},"version":2},"jetpack_post_was_ever_published":false},"categories":[24],"tags":[],"class_list":["post-8800","post","type-post","status-publish","format-standard","has-post-thumbnail","category-economia"],"jetpack_publicize_connections":[],"jetpack-related-posts":[],"jetpack_shortlink":"https:\/\/wp.me\/p7Eq1F-2hW","jetpack_sharing_enabled":true,"jetpack_featured_media_url":"https:\/\/i0.wp.com\/guialimeira.com.br\/news\/wp-content\/uploads\/2024\/06\/1064929-edit_04214.jpg?fit=1600%2C800&ssl=1","_links":{"self":[{"href":"https:\/\/guialimeira.com.br\/news\/wp-json\/wp\/v2\/posts\/8800","targetHints":{"allow":["GET"]}}],"collection":[{"href":"https:\/\/guialimeira.com.br\/news\/wp-json\/wp\/v2\/posts"}],"about":[{"href":"https:\/\/guialimeira.com.br\/news\/wp-json\/wp\/v2\/types\/post"}],"author":[{"embeddable":true,"href":"https:\/\/guialimeira.com.br\/news\/wp-json\/wp\/v2\/users\/1"}],"replies":[{"embeddable":true,"href":"https:\/\/guialimeira.com.br\/news\/wp-json\/wp\/v2\/comments?post=8800"}],"version-history":[{"count":0,"href":"https:\/\/guialimeira.com.br\/news\/wp-json\/wp\/v2\/posts\/8800\/revisions"}],"wp:featuredmedia":[{"embeddable":true,"href":"https:\/\/guialimeira.com.br\/news\/wp-json\/wp\/v2\/media\/8801"}],"wp:attachment":[{"href":"https:\/\/guialimeira.com.br\/news\/wp-json\/wp\/v2\/media?parent=8800"}],"wp:term":[{"taxonomy":"category","embeddable":true,"href":"https:\/\/guialimeira.com.br\/news\/wp-json\/wp\/v2\/categories?post=8800"},{"taxonomy":"post_tag","embeddable":true,"href":"https:\/\/guialimeira.com.br\/news\/wp-json\/wp\/v2\/tags?post=8800"}],"curies":[{"name":"wp","href":"https:\/\/api.w.org\/{rel}","templated":true}]}}