{"id":8772,"date":"2024-06-20T23:12:39","date_gmt":"2024-06-21T02:12:39","guid":{"rendered":"https:\/\/guialimeira.com.br\/2024\/06\/20\/flamengo-arranca-vitoria-sobre-o-bahia-para-liderar-o-brasileiro\/"},"modified":"2024-06-20T23:12:39","modified_gmt":"2024-06-21T02:12:39","slug":"flamengo-arranca-vitoria-sobre-o-bahia-para-liderar-o-brasileiro","status":"publish","type":"post","link":"https:\/\/guialimeira.com.br\/news\/flamengo-arranca-vitoria-sobre-o-bahia-para-liderar-o-brasileiro\/","title":{"rendered":"Flamengo arranca vit\u00f3ria sobre o Bahia para liderar o Brasileiro"},"content":{"rendered":"<p> <br \/>\n<\/p>\n<div>\n<p>O Flamengo derrotou o Bahia por 2 a 1 de virada, na noite desta quinta-feira (20) no est\u00e1dio do Maracan\u00e3, e assumiu a lideran\u00e7a da S\u00e9rie A do Campeonato Brasileiro. O confronto, v\u00e1lido pela 10\u00aa da competi\u00e7\u00e3o nacional, teve transmiss\u00e3o da <strong>R\u00e1dio Nacional<\/strong>.<img data-recalc-dims=\"1\" decoding=\"async\" src=\"https:\/\/i0.wp.com\/agenciabrasil.ebc.com.br\/ebc.png?w=696&#038;ssl=1\" style=\"width:1px; height:1px; display:inline;\"\/><img data-recalc-dims=\"1\" decoding=\"async\" src=\"https:\/\/i0.wp.com\/agenciabrasil.ebc.com.br\/ebc.gif?w=696&#038;ssl=1\" style=\"width:1px; height:1px; display:inline;\"\/><\/p>\n<blockquote class=\"twitter-tweet\">\n<p dir=\"ltr\" lang=\"pt\" xml:lang=\"pt\">FFFFFFFFFFFFIIIIIIIIIIIIIIIIIIIIIIIIIIIMMMMMMMMM DE PAAAAPOOOOO NO MARACAN\u00c3! QUE VIT\u00d3RIA! NA RA\u00c7A! NO MANTO SAGRADO! NO FINALZINHO! NO GRITO DA MAIOR TORCIDA DO MUNDO! PELO NOSSO LUGAR: O TOPO! VVVAAAAAMMMMOOOOOOOS, FLAAAAMMMEEEEEEENNNNNNGOOOOOOOOOOOOOOOOOOOOO <a href=\"https:\/\/twitter.com\/hashtag\/VAMOSFLAMENGO?src=hash&amp;ref_src=twsrc%5Etfw\" rel=\"noopener\">#VAMOSFLAMENGO<\/a> <a href=\"https:\/\/twitter.com\/hashtag\/CRF?src=hash&amp;ref_src=twsrc%5Etfw\" rel=\"noopener\">#CRF<\/a> <a href=\"https:\/\/t.co\/bZXjDTDfEE\">pic.twitter.com\/bZXjDTDfEE<\/a><\/p>\n<p>\u2014 Flamengo (@Flamengo) <a href=\"https:\/\/twitter.com\/Flamengo\/status\/1803955980004102338?ref_src=twsrc%5Etfw\" rel=\"noopener\">June 21, 2024<\/a><\/p><\/blockquote>\n<p>Com o triunfo, o Rubro-Negro da G\u00e1vea chegou aos 21 pontos, ultrapassando o Botafogo, que empatou em 1 a 1 com o Athletico-PR na \u00faltima quarta-feira (19). J\u00e1 o Tricolor Baiano permaneceu com 18 pontos, na 5\u00aa coloca\u00e7\u00e3o.<\/p>\n<p>Apesar de atuar fora de casa, o Tricolor apresentou um bom futebol nos primeiros minutos, tendo mais posse de bola e criando oportunidades de marcar com Cauly, aos seis minutos, e com Jean Lucas, aos 14. Por\u00e9m, aos 22 Lorran tocou para Pedro, que apenas rolou para Gerson, que pegou forte da entrada da \u00e1rea para superar o goleiro Marcos Felipe.<\/p>\n<p>Mas a vantagem do Rubro-Negro durou pouco. Aos 34 minutos o volante Jean Lucas enfiou a bola para Everaldo, que se livrou da marca\u00e7\u00e3o de Ayrton Lucas antes de bater por cobertura para superar o goleiro Rossi.<\/p>\n<p>A igualdade permaneceu at\u00e9 os 48 minutos da etapa final, quando Gerson cobrou falta na \u00e1rea, onde David Luiz cabeceou para marcar o gol da vit\u00f3ria e da lideran\u00e7a do Brasileiro.<\/p>\n<blockquote class=\"twitter-tweet\">\n<p dir=\"ltr\" lang=\"pt\" xml:lang=\"pt\">AT\u00c9 O FIM! SEMPRE!<\/p>\n<p>\ud83d\udcf8 GILVAN DE SOUZA \/ CRF<a href=\"https:\/\/twitter.com\/hashtag\/VAMOSFLAMENGO?src=hash&amp;ref_src=twsrc%5Etfw\" rel=\"noopener\">#VAMOSFLAMENGO<\/a> <a href=\"https:\/\/twitter.com\/hashtag\/cRF?src=hash&amp;ref_src=twsrc%5Etfw\" rel=\"noopener\">#cRF<\/a> <a href=\"https:\/\/t.co\/VmBoS0LW9c\">pic.twitter.com\/VmBoS0LW9c<\/a><\/p>\n<p>\u2014 Flamengo (@Flamengo) <a href=\"https:\/\/twitter.com\/Flamengo\/status\/1803956835092701403?ref_src=twsrc%5Etfw\" rel=\"noopener\">June 21, 2024<\/a><\/p><\/blockquote><\/div>\n<p><script async src=\"\/\/platform.twitter.com\/widgets.js\" charset=\"utf-8\"><\/script><br \/>\n<br \/><br \/>\n<br \/><a href=\"https:\/\/agenciabrasil.ebc.com.br\/esportes\/noticia\/2024-06\/flamengo-arranca-vitoria-sobre-o-bahia-para-liderar-o-brasileiro\" rel=\"noopener\">Ag\u00eancia Brasil<\/a><\/p>\n","protected":false},"excerpt":{"rendered":"<p>O Flamengo derrotou o Bahia por 2 a 1 de virada, na noite desta quinta-feira (20) no est\u00e1dio do Maracan\u00e3, e assumiu a lideran\u00e7a da S\u00e9rie A do Campeonato Brasileiro. O confronto, v\u00e1lido pela 10\u00aa da competi\u00e7\u00e3o nacional, teve transmiss\u00e3o da R\u00e1dio Nacional. FFFFFFFFFFFFIIIIIIIIIIIIIIIIIIIIIIIIIIIMMMMMMMMM DE PAAAAPOOOOO NO MARACAN\u00c3! QUE VIT\u00d3RIA! NA RA\u00c7A! NO MANTO SAGRADO! [&hellip;]<\/p>\n","protected":false},"author":1,"featured_media":8773,"comment_status":"open","ping_status":"open","sticky":false,"template":"","format":"standard","meta":{"_jetpack_newsletter_access":"","_jetpack_dont_email_post_to_subs":false,"_jetpack_newsletter_tier_id":0,"_jetpack_memberships_contains_paywalled_content":false,"_mbp_banners":[],"_jetpack_feature_clip_id":0,"_jetpack_memberships_contains_paid_content":false,"footnotes":"","jetpack_publicize_message":"","jetpack_publicize_feature_enabled":true,"jetpack_social_post_already_shared":true,"jetpack_social_options":{"image_generator_settings":{"template":"highway","default_image_id":0,"font":"","enabled":false},"version":2},"jetpack_post_was_ever_published":false},"categories":[23],"tags":[],"class_list":["post-8772","post","type-post","status-publish","format-standard","has-post-thumbnail","category-esportes"],"jetpack_publicize_connections":[],"jetpack-related-posts":[],"jetpack_shortlink":"https:\/\/wp.me\/p7Eq1F-2hu","jetpack_sharing_enabled":true,"jetpack_featured_media_url":"https:\/\/i0.wp.com\/guialimeira.com.br\/news\/wp-content\/uploads\/2024\/06\/2024-06-21t005900z_307942806_up1ek6l02qau6_rtrmadp_3_soccer-brazil-fla-bah-report.jpg?fit=1600%2C800&ssl=1","_links":{"self":[{"href":"https:\/\/guialimeira.com.br\/news\/wp-json\/wp\/v2\/posts\/8772","targetHints":{"allow":["GET"]}}],"collection":[{"href":"https:\/\/guialimeira.com.br\/news\/wp-json\/wp\/v2\/posts"}],"about":[{"href":"https:\/\/guialimeira.com.br\/news\/wp-json\/wp\/v2\/types\/post"}],"author":[{"embeddable":true,"href":"https:\/\/guialimeira.com.br\/news\/wp-json\/wp\/v2\/users\/1"}],"replies":[{"embeddable":true,"href":"https:\/\/guialimeira.com.br\/news\/wp-json\/wp\/v2\/comments?post=8772"}],"version-history":[{"count":0,"href":"https:\/\/guialimeira.com.br\/news\/wp-json\/wp\/v2\/posts\/8772\/revisions"}],"wp:featuredmedia":[{"embeddable":true,"href":"https:\/\/guialimeira.com.br\/news\/wp-json\/wp\/v2\/media\/8773"}],"wp:attachment":[{"href":"https:\/\/guialimeira.com.br\/news\/wp-json\/wp\/v2\/media?parent=8772"}],"wp:term":[{"taxonomy":"category","embeddable":true,"href":"https:\/\/guialimeira.com.br\/news\/wp-json\/wp\/v2\/categories?post=8772"},{"taxonomy":"post_tag","embeddable":true,"href":"https:\/\/guialimeira.com.br\/news\/wp-json\/wp\/v2\/tags?post=8772"}],"curies":[{"name":"wp","href":"https:\/\/api.w.org\/{rel}","templated":true}]}}