{"id":8750,"date":"2024-06-20T19:08:34","date_gmt":"2024-06-20T22:08:34","guid":{"rendered":"https:\/\/guialimeira.com.br\/2024\/06\/20\/brasileira-bate-recorde-das-americas-de-halterofilismo-paralimpico\/"},"modified":"2024-06-20T19:08:34","modified_gmt":"2024-06-20T22:08:34","slug":"brasileira-bate-recorde-das-americas-de-halterofilismo-paralimpico","status":"publish","type":"post","link":"https:\/\/guialimeira.com.br\/news\/brasileira-bate-recorde-das-americas-de-halterofilismo-paralimpico\/","title":{"rendered":"Brasileira bate recorde das Am\u00e9ricas de halterofilismo paral\u00edmpico"},"content":{"rendered":"<p> <br \/>\n<\/p>\n<div>\n<p>A brasileira Lara Lima estabeleceu o novo recorde das Am\u00e9ricas da categoria at\u00e9 41 quilos de halterofilismo paral\u00edmpico ao levantar 107 quilos, nesta quinta-feira (20), na Copa do Mundo da modalidade, que \u00e9 disputada em Tbilisi (Ge\u00f3rgia).<img data-recalc-dims=\"1\" decoding=\"async\" src=\"https:\/\/i0.wp.com\/agenciabrasil.ebc.com.br\/ebc.png?w=696&#038;ssl=1\" style=\"width:1px; height:1px; display:inline;\"\/><img data-recalc-dims=\"1\" decoding=\"async\" src=\"https:\/\/i0.wp.com\/agenciabrasil.ebc.com.br\/ebc.gif?w=696&#038;ssl=1\" style=\"width:1px; height:1px; display:inline;\"\/><\/p>\n<blockquote class=\"twitter-tweet\">\n<p dir=\"ltr\" lang=\"pt\" xml:lang=\"pt\">Lara Lima \u00e9 bronze e estabelece recorde das Am\u00e9ricas na abertura da Copa do Mundo de halterofilismo na Ge\u00f3rgia. \ud83c\udfc6<\/p>\n<p>Saiba mais: <a href=\"https:\/\/t.co\/Iwh5BM60Jf\">https:\/\/t.co\/Iwh5BM60Jf<\/a><a href=\"https:\/\/twitter.com\/hashtag\/LoteriasCaixa?src=hash&amp;ref_src=twsrc%5Etfw\" rel=\"noopener\">#LoteriasCaixa<\/a><\/p>\n<p>\u2014 Comit\u00ea Paral\u00edmpico Brasileiro (@BraParalimpico) <a href=\"https:\/\/twitter.com\/BraParalimpico\/status\/1803844910329520525?ref_src=twsrc%5Etfw\" rel=\"noopener\">June 20, 2024<\/a><\/p><\/blockquote>\n<p>Com este levantamento a mineira conquistou a medalha de bronze da competi\u00e7\u00e3o, ficando atr\u00e1s da chinesa Zhe Cui, ouro com 116 quilos, e da nigeriana Esther Nworgu, prata com 112 quilos.<\/p>\n<p>Segundo o Comit\u00ea Paral\u00edmpico Internacional (IPC, do ingl\u00eas), o recorde das Am\u00e9ricas da categoria anterior, de 103 quilos, pertencia \u00e0 pr\u00f3pria Lara\u00a0e foi alcan\u00e7ado durante a disputa da \u00faltima edi\u00e7\u00e3o dos Jogos Parapan-Americanos, que foram disputados no ano de 2023 em Santiago (Chile).<\/p>\n<p>A Copa do Mundo \u00e9 o \u00faltimo torneio internacional dos halterofilistas brasileiros antes da pr\u00f3xima edi\u00e7\u00e3o dos Jogos Paral\u00edmpicos, que ser\u00e3o disputados em Paris (Fran\u00e7a) a partir do dia 28 de agosto. Esta tamb\u00e9m \u00e9 a \u00faltima oportunidade para que os atletas assegurem sua participa\u00e7\u00e3o no megaevento por meio do ranking espec\u00edfico para a competi\u00e7\u00e3o na capital francesa.<\/p>\n<\/p><\/div>\n<p><script async src=\"\/\/platform.twitter.com\/widgets.js\" charset=\"utf-8\"><\/script><br \/>\n<br \/><br \/>\n<br \/><a href=\"https:\/\/agenciabrasil.ebc.com.br\/esportes\/noticia\/2024-06\/brasileira-bate-recorde-das-americas-de-halterofilismo-paralimpico\" rel=\"noopener\">Ag\u00eancia Brasil<\/a><\/p>\n","protected":false},"excerpt":{"rendered":"<p>A brasileira Lara Lima estabeleceu o novo recorde das Am\u00e9ricas da categoria at\u00e9 41 quilos de halterofilismo paral\u00edmpico ao levantar 107 quilos, nesta quinta-feira (20), na Copa do Mundo da modalidade, que \u00e9 disputada em Tbilisi (Ge\u00f3rgia). Lara Lima \u00e9 bronze e estabelece recorde das Am\u00e9ricas na abertura da Copa do Mundo de halterofilismo na [&hellip;]<\/p>\n","protected":false},"author":1,"featured_media":8751,"comment_status":"open","ping_status":"open","sticky":false,"template":"","format":"standard","meta":{"_jetpack_newsletter_access":"","_jetpack_dont_email_post_to_subs":false,"_jetpack_newsletter_tier_id":0,"_jetpack_memberships_contains_paywalled_content":false,"_mbp_banners":[],"_jetpack_feature_clip_id":0,"_jetpack_memberships_contains_paid_content":false,"footnotes":"","jetpack_publicize_message":"","jetpack_publicize_feature_enabled":true,"jetpack_social_post_already_shared":true,"jetpack_social_options":{"image_generator_settings":{"template":"highway","default_image_id":0,"font":"","enabled":false},"version":2},"jetpack_post_was_ever_published":false},"categories":[23],"tags":[],"class_list":["post-8750","post","type-post","status-publish","format-standard","has-post-thumbnail","category-esportes"],"jetpack_publicize_connections":[],"jetpack-related-posts":[],"jetpack_shortlink":"https:\/\/wp.me\/p7Eq1F-2h8","jetpack_sharing_enabled":true,"jetpack_featured_media_url":"https:\/\/i0.wp.com\/guialimeira.com.br\/news\/wp-content\/uploads\/2024\/06\/52963342640_f2ace41720_o.jpg?fit=1600%2C800&ssl=1","_links":{"self":[{"href":"https:\/\/guialimeira.com.br\/news\/wp-json\/wp\/v2\/posts\/8750","targetHints":{"allow":["GET"]}}],"collection":[{"href":"https:\/\/guialimeira.com.br\/news\/wp-json\/wp\/v2\/posts"}],"about":[{"href":"https:\/\/guialimeira.com.br\/news\/wp-json\/wp\/v2\/types\/post"}],"author":[{"embeddable":true,"href":"https:\/\/guialimeira.com.br\/news\/wp-json\/wp\/v2\/users\/1"}],"replies":[{"embeddable":true,"href":"https:\/\/guialimeira.com.br\/news\/wp-json\/wp\/v2\/comments?post=8750"}],"version-history":[{"count":0,"href":"https:\/\/guialimeira.com.br\/news\/wp-json\/wp\/v2\/posts\/8750\/revisions"}],"wp:featuredmedia":[{"embeddable":true,"href":"https:\/\/guialimeira.com.br\/news\/wp-json\/wp\/v2\/media\/8751"}],"wp:attachment":[{"href":"https:\/\/guialimeira.com.br\/news\/wp-json\/wp\/v2\/media?parent=8750"}],"wp:term":[{"taxonomy":"category","embeddable":true,"href":"https:\/\/guialimeira.com.br\/news\/wp-json\/wp\/v2\/categories?post=8750"},{"taxonomy":"post_tag","embeddable":true,"href":"https:\/\/guialimeira.com.br\/news\/wp-json\/wp\/v2\/tags?post=8750"}],"curies":[{"name":"wp","href":"https:\/\/api.w.org\/{rel}","templated":true}]}}