{"id":875,"date":"2024-04-03T23:38:47","date_gmt":"2024-04-04T02:38:47","guid":{"rendered":"https:\/\/guialimeira.com.br\/2024\/04\/03\/tv-3-0-sera-viabilizada-com-uniao-do-setor-diz-presidente-da-ebc\/"},"modified":"2024-04-03T23:38:47","modified_gmt":"2024-04-04T02:38:47","slug":"tv-3-0-sera-viabilizada-com-uniao-do-setor-diz-presidente-da-ebc","status":"publish","type":"post","link":"https:\/\/guialimeira.com.br\/news\/tv-3-0-sera-viabilizada-com-uniao-do-setor-diz-presidente-da-ebc\/","title":{"rendered":"TV 3.0 ser\u00e1 viabilizada com uni\u00e3o do setor, diz presidente da EBC"},"content":{"rendered":"<p> <br \/>\n<\/p>\n<div>\n<p>O presidente da <strong>Empresa Brasil de Comunica\u00e7\u00e3o (EBC)<\/strong>, Jean Lima, destacou, nesta quarta-feira (3), durante a apresenta\u00e7\u00e3o da TV 3.0 pelo governo federal, a import\u00e2ncia da uni\u00e3o do setor para que a TV Digital possa evoluir e chegar a toda a popula\u00e7\u00e3o brasileira. Durante o evento, o F\u00f3rum Brasileiro de TV Digital apresentou\u00a0inova\u00e7\u00f5es que a\u00a0tecnologia vai disponibilizar aos telespectadores.<img data-recalc-dims=\"1\" decoding=\"async\" src=\"https:\/\/i0.wp.com\/agenciabrasil.ebc.com.br\/ebc.png?w=696&#038;ssl=1\" style=\"width:1px; height:1px; display:inline;\"\/><img data-recalc-dims=\"1\" decoding=\"async\" src=\"https:\/\/i0.wp.com\/agenciabrasil.ebc.com.br\/ebc.gif?w=696&#038;ssl=1\" style=\"width:1px; height:1px; display:inline;\"\/><\/p>\n<p>\u201c\u00c9 importante garantir a perman\u00eancia de todos os canais abertos na TV 3.0 e a perman\u00eancia dos canais p\u00fablicos ou estatais.\u00a0Porque 70% da popula\u00e7\u00e3o brasileira se informa por esse meio de comunica\u00e7\u00e3o. E a\u00ed, \u00e9 preciso\u00a0investimento do Estado brasileiro, do Executivo, do Judici\u00e1rio e Legislativo&#8221;, destacou Jean Lima.<\/p>\n<p>O dado citado \u00e9 da\u00a0pesquisa Kantar Ibope Media, que tamb\u00e9m apontou que os brasileiros assistem, em m\u00e9dia, 5 horas e 17 minutos de televis\u00e3o\u00a0por dia, e cerca de 80% do tempo \u00e9 voltado a TV linear, ou seja, segue a programa\u00e7\u00e3o disponibilizada pelas emissoras.<\/p>\n<p>Os ministros das Comunica\u00e7\u00f5es, Juscelino Filho, e da Secretaria de Comunica\u00e7\u00e3o Social da Presid\u00eancia da Rep\u00fablica (Secom), Paulo Pimenta, e o presidente do F\u00f3rum do Sistema Brasileiro de TV Digital Terrestre (SBTVD), Raymundo Barros, participaram da abertura do evento de\u00a0apresenta\u00e7\u00e3o e debate sobre a TV 3.0 &#8211;\u00a0novo padr\u00e3o tecnol\u00f3gico para evolu\u00e7\u00e3o da TV Digital &#8211;\u00a0no audit\u00f3rio do Minist\u00e9rio das Comunica\u00e7\u00f5es, em Bras\u00edlia.<\/p>\n<h2>TV 3.0<\/h2>\n<div class=\"dnd-widget-wrapper context-grande_6colunas type-image atom-align-left\">\n<div class=\"dnd-atom-rendered\"><!-- scald=379100:grande_6colunas {\"additionalClasses\":\"\"} --><\/p>\n<div class=\"shadow overflow-hidden rounded-lg d-block w-100\">\n            <img data-recalc-dims=\"1\" decoding=\"async\" src=\"https:\/\/i0.wp.com\/agenciabrasil.ebc.com.br\/sites\/default\/files\/thumbnails\/image\/loading_v2.gif?w=696&#038;ssl=1\" data-echo=\"https:\/\/imagens.ebc.com.br\/QI3FYdXkR0hFe76UrOOuBhUeGMI=\/463x0\/smart\/https:\/\/agenciabrasil.ebc.com.br\/sites\/default\/files\/thumbnails\/image\/2024\/04\/03\/pzzb5064.jpg?itok=L1v-hkSJ\" alt=\"Bras\u00edlia (DF) 03\/04\/2024 - O ministro das Comunica\u00e7\u00f5es, Juscelino Filho, durante evento de apresenta\u00e7\u00e3o e debate sobre a TV 3.0  . Foto: Fabio Rodrigues- Pozzebom\/Ag\u00eancia Brasil\" title=\"Fabio Rodrigues-Pozzebom\/ Ag\u00eancia Brasil\" class=\"flex-fill img-cover\"\/><br \/>\n        <img data-recalc-dims=\"1\" decoding=\"async\" src=\"https:\/\/i0.wp.com\/imagens.ebc.com.br\/QI3FYdXkR0hFe76UrOOuBhUeGMI%3D\/463x0\/smart\/https%3A\/\/agenciabrasil.ebc.com.br\/sites\/default\/files\/thumbnails\/image\/2024\/04\/03\/pzzb5064.jpg?w=696&#038;ssl=1\" alt=\"Bras\u00edlia (DF) 03\/04\/2024 - O ministro das Comunica\u00e7\u00f5es, Juscelino Filho, durante evento de apresenta\u00e7\u00e3o e debate sobre a TV 3.0  . Foto: Fabio Rodrigues- Pozzebom\/Ag\u00eancia Brasil\" title=\"Fabio Rodrigues-Pozzebom\/ Ag\u00eancia Brasil\" class=\"flex-fill img-cover\"\/>\n    <\/div>\n<p><!-- END scald=379100 --><\/div>\n<div class=\"dnd-caption-wrapper\">\n<p><!--copyright=379100-->Bras\u00edlia (DF) 03\/04\/2024 &#8211; O ministro das Comunica\u00e7\u00f5es, Juscelino Filho, durante evento de apresenta\u00e7\u00e3o e debate sobre a TV 3.0. <strong>Foto:<\/strong>\u00a0<strong>Fabio Rodrigues-Pozzebom\/ Ag\u00eancia Brasil<\/strong><!--END copyright=379100--><\/p>\n<\/div>\n<\/div>\n<p>Com a TV 3.0, a escolha de canais ser\u00e1 substitu\u00edda por aplicativos, que podem disponibilizar conte\u00fado\u00a0ao vivo\u00a0ou por demanda. A interatividade ser\u00e1 o diferencial.\u00a0Al\u00e9m disso, a nova tecnologia promete qualidade de imagem que pode chegar ao 8K, som imersivo, como no cinema, e ferramentas de seguran\u00e7a e acessibilidade.<\/p>\n<p>\u00a0<\/p>\n<blockquote>\n<p>\u201cN\u00e3o precisa de\u00a0internet para acessar a TV 3.0, que \u00e9\u00a0TV aberta, gratuita para a popula\u00e7\u00e3o brasileira. \u00c9 uma transmiss\u00e3o com melhor qualidade de imagem, de som, que vai ser transmitida para todos. A interatividade \u00e9 um atributo a mais que ser\u00e1 possibilitada para aqueles aparelhos que estiverem conectados com a internet\u201d, explicou o ministro das Comunica\u00e7\u00f5es Juscelino Filho.\u00a0<\/p>\n<\/blockquote>\n<p>De acordo com Jean Lima, a <strong>EBC<\/strong> tem participado de todo o processo de debate sobre a aquisi\u00e7\u00e3o de novas tecnologias para a TV 3.0, com a\u00a0Secretaria de Comunica\u00e7\u00e3o da Presid\u00eancia da Rep\u00fablica (Secom) e o Minist\u00e9rio das Comunica\u00e7\u00f5es, que coordena a iniciativa. A inten\u00e7\u00e3o \u00e9 garantir a isonomia na distribui\u00e7\u00e3o dos canais e deixar a liberdade de escolha aos telespectadores.<\/p>\n<blockquote>\n<p>\u201cPara o campo p\u00fablico, a TV 3.0 representa a possibilidade de incluir novos atores e democratizar a comunica\u00e7\u00e3o&#8221;, afirmou.<\/p>\n<\/blockquote>\n<h2>Rede p\u00fablica<\/h2>\n<p>Durante o evento, o ministro Juscelino Filho assinou duas portarias de consigna\u00e7\u00e3o \u00e0 <strong>EBC<\/strong>, para a execu\u00e7\u00e3o dos servi\u00e7os de radiodifus\u00e3o em frequ\u00eancia modulada (FM) e de som e imagens de TV Digital, em cidades e estados brasileiros, com fins educativos.<\/p>\n<p>\u201cJ\u00e1 s\u00e3o mais de 100 novos canais que poder\u00e3o levar educa\u00e7\u00e3o, ci\u00eancia e informa\u00e7\u00e3o precisa \u00e0s comunidades\u201d, afirmou o presidente da <strong>EBC<\/strong>.<\/p>\n<p>Segundo Jean Lima, desde outubro de 2023, 60 universidades p\u00fablicas e institutos federais assinaram acordo de coopera\u00e7\u00e3o com a <strong>EBC<\/strong>, com a expectativa de operar mais de 150 novas emissoras de TV e de r\u00e1dio FM. \u201cEssa expans\u00e3o tamb\u00e9m gera empregos, melhora as condi\u00e7\u00f5es de forma\u00e7\u00e3o dos nossos profissionais e garante o envolvimento da ind\u00fastria e do mercado local, al\u00e9m de refor\u00e7ar o papel da radiodifus\u00e3o como um dos servi\u00e7os centrais da comunica\u00e7\u00e3o\u201d, ressaltou.<\/p>\n<\/p><\/div>\n<p><br \/>\n<br \/><a href=\"https:\/\/agenciabrasil.ebc.com.br\/geral\/noticia\/2024-04\/tv-30-sera-viabilizada-com-uniao-do-setor-diz-presidente-da-ebc\" rel=\"noopener\">Ag\u00eancia Brasil<\/a><\/p>\n","protected":false},"excerpt":{"rendered":"<p>O presidente da Empresa Brasil de Comunica\u00e7\u00e3o (EBC), Jean Lima, destacou, nesta quarta-feira (3), durante a apresenta\u00e7\u00e3o da TV 3.0 pelo governo federal, a import\u00e2ncia da uni\u00e3o do setor para que a TV Digital possa evoluir e chegar a toda a popula\u00e7\u00e3o brasileira. Durante o evento, o F\u00f3rum Brasileiro de TV Digital apresentou\u00a0inova\u00e7\u00f5es que a\u00a0tecnologia [&hellip;]<\/p>\n","protected":false},"author":1,"featured_media":876,"comment_status":"open","ping_status":"open","sticky":false,"template":"","format":"standard","meta":{"_jetpack_newsletter_access":"","_jetpack_dont_email_post_to_subs":false,"_jetpack_newsletter_tier_id":0,"_jetpack_memberships_contains_paywalled_content":false,"_mbp_banners":[],"_jetpack_feature_clip_id":0,"_jetpack_memberships_contains_paid_content":false,"footnotes":"","jetpack_publicize_message":"","jetpack_publicize_feature_enabled":true,"jetpack_social_post_already_shared":true,"jetpack_social_options":{"image_generator_settings":{"template":"highway","default_image_id":0,"font":"","enabled":false},"version":2},"jetpack_post_was_ever_published":false},"categories":[1],"tags":[],"class_list":["post-875","post","type-post","status-publish","format-standard","has-post-thumbnail","category-geral"],"jetpack_publicize_connections":[],"jetpack-related-posts":[],"jetpack_shortlink":"https:\/\/wp.me\/p7Eq1F-e7","jetpack_sharing_enabled":true,"jetpack_featured_media_url":"https:\/\/i0.wp.com\/guialimeira.com.br\/news\/wp-content\/uploads\/2024\/04\/pzzb4823.jpg?fit=1600%2C800&ssl=1","_links":{"self":[{"href":"https:\/\/guialimeira.com.br\/news\/wp-json\/wp\/v2\/posts\/875","targetHints":{"allow":["GET"]}}],"collection":[{"href":"https:\/\/guialimeira.com.br\/news\/wp-json\/wp\/v2\/posts"}],"about":[{"href":"https:\/\/guialimeira.com.br\/news\/wp-json\/wp\/v2\/types\/post"}],"author":[{"embeddable":true,"href":"https:\/\/guialimeira.com.br\/news\/wp-json\/wp\/v2\/users\/1"}],"replies":[{"embeddable":true,"href":"https:\/\/guialimeira.com.br\/news\/wp-json\/wp\/v2\/comments?post=875"}],"version-history":[{"count":0,"href":"https:\/\/guialimeira.com.br\/news\/wp-json\/wp\/v2\/posts\/875\/revisions"}],"wp:featuredmedia":[{"embeddable":true,"href":"https:\/\/guialimeira.com.br\/news\/wp-json\/wp\/v2\/media\/876"}],"wp:attachment":[{"href":"https:\/\/guialimeira.com.br\/news\/wp-json\/wp\/v2\/media?parent=875"}],"wp:term":[{"taxonomy":"category","embeddable":true,"href":"https:\/\/guialimeira.com.br\/news\/wp-json\/wp\/v2\/categories?post=875"},{"taxonomy":"post_tag","embeddable":true,"href":"https:\/\/guialimeira.com.br\/news\/wp-json\/wp\/v2\/tags?post=875"}],"curies":[{"name":"wp","href":"https:\/\/api.w.org\/{rel}","templated":true}]}}