{"id":8734,"date":"2024-06-20T16:51:38","date_gmt":"2024-06-20T19:51:38","guid":{"rendered":"https:\/\/guialimeira.com.br\/?p=8734"},"modified":"2024-06-20T16:51:40","modified_gmt":"2024-06-20T19:51:40","slug":"suzano-e-instituto-terroa-fomentam-a-agricultura-familiar-em-americana-e-limeira","status":"publish","type":"post","link":"https:\/\/guialimeira.com.br\/news\/suzano-e-instituto-terroa-fomentam-a-agricultura-familiar-em-americana-e-limeira\/","title":{"rendered":"Suzano e Instituto Terro\u00e1 fomentam a agricultura familiar em Americana e Limeira"},"content":{"rendered":"\n<h2 class=\"wp-block-heading\"><em>Projeto Co-Labora recebe inscri\u00e7\u00f5es de produtores(as) rurais interessados at\u00e9 o dia 30 de junho&nbsp;<\/em><\/h2>\n\n\n\n<p class=\"wp-block-paragraph\">A Suzano, maior produtora mundial de celulose e refer\u00eancia global na fabrica\u00e7\u00e3o de bioprodutos desenvolvidos a partir de \u00e1rvores plantadas de eucalipto, em parceria com o Instituto Terro\u00e1, promove o projeto Co-Labora, que tem como objetivo a gera\u00e7\u00e3o de trabalho e renda por meio do fortalecimento da agricultura familiar em Americana e Limeira. A estimativa \u00e9 que sejam beneficiadas 200 pessoas nas cidades onde o projeto ser\u00e1 desenvolvido.<\/p>\n\n\n\n<p class=\"wp-block-paragraph\">&nbsp;<\/p>\n\n\n\n<p class=\"wp-block-paragraph\">A iniciativa est\u00e1 conectada aos Compromissos para Renovar a Vida estabelecidos pela Suzano, que tem como uma das metas ajudar a retirar 200 mil pessoas da linha da pobreza nas suas \u00e1reas de atua\u00e7\u00e3o at\u00e9 2030.<\/p>\n\n\n\n<p class=\"wp-block-paragraph\">&nbsp;<\/p>\n\n\n\n<p class=\"wp-block-paragraph\">\u201cA Suzano refor\u00e7a seu compromisso de contribuir com o desenvolvimento sustent\u00e1vel e com a redu\u00e7\u00e3o das desigualdades sociais investindo em a\u00e7\u00f5es transformadoras nas comunidades onde atua. Em 2023, nosso investimento em projetos sociais alcan\u00e7ou um volume recorde, com a destina\u00e7\u00e3o de R$ 49,3 milh\u00f5es para iniciativas estruturadas nas \u00e1reas de relacionamento, gera\u00e7\u00e3o de renda e educa\u00e7\u00e3o. O projeto Co-Labora, que visa a gera\u00e7\u00e3o de trabalho e renda por meio do fortalecimento do empreendedorismo feminino e da agricultura familiar e que ir\u00e1 beneficiar empreendedores em quatro cidades do Estado de S\u00e3o Paulo, \u00e9 mais um exemplo de nossos esfor\u00e7os cont\u00ednuos para progredir nesse prop\u00f3sito&#8221;, destacou Adriano Silva Martins, coordenador de Relacionamento Social da Suzano.&nbsp;<\/p>\n\n\n\n<p class=\"wp-block-paragraph\">&nbsp;<\/p>\n\n\n\n<p class=\"wp-block-paragraph\">Por meio do projeto Co-Labora, a Suzano e o Instituto Terro\u00e1 ir\u00e3o promover a inclus\u00e3o social e gera\u00e7\u00e3o de renda, atuando na capacita\u00e7\u00e3o de agricultores(as) familiares. O objetivo \u00e9 fortalecer os empreendimentos a partir do entendimento das necessidades individuais e trabalhar em conjunto at\u00e9 o final deste ano, por meio de consultorias e orienta\u00e7\u00f5es para melhorar os neg\u00f3cios, contribuindo para que alcancem autonomia e sucesso. O projeto prev\u00ea ainda articula\u00e7\u00f5es em rede e poss\u00edvel apoio financeiro a alguns empreendimentos selecionados.<\/p>\n\n\n\n<p class=\"wp-block-paragraph\">&nbsp;<\/p>\n\n\n\n<p class=\"wp-block-paragraph\">\u201cN\u00f3s atuamos buscando a melhoria do neg\u00f3cio de maneira geral, desde a apresenta\u00e7\u00e3o do produto, organiza\u00e7\u00e3o e estrutura\u00e7\u00e3o de procedimentos de trabalho e log\u00edstica at\u00e9 a divulga\u00e7\u00e3o e comercializa\u00e7\u00e3o do produto ou servi\u00e7o. Trabalhamos com diversas estrat\u00e9gias para garantir que os empreendedores se tornem independentes e sustent\u00e1veis. A meta \u00e9 que os participantes consigam ampliar suas rendas em cerca de 20% ap\u00f3s passarem pelo projeto\u201d, explica&nbsp;Patr\u00edcia Lacerenza, gestora de projetos do Instituto Terro\u00e1.<\/p>\n\n\n\n<p class=\"wp-block-paragraph\">&nbsp;<\/p>\n\n\n\n<p class=\"wp-block-paragraph\"><strong>Agricultura familiar<\/strong><\/p>\n\n\n\n<p class=\"wp-block-paragraph\">&nbsp;<\/p>\n\n\n\n<p class=\"wp-block-paragraph\">Considerando que o empreendedorismo pode ser uma fonte concreta de gera\u00e7\u00e3o de renda, o projeto Co-Labora est\u00e1 em busca de agricultores(as) locais em Limeira e Americana, que desejam apoio para aumentar a visibilidade da produ\u00e7\u00e3o e conquistar melhores resultados em vendas. O objetivo \u00e9 fortalecer a agricultura familiar em assentamentos rurais, diversificando os canais de comercializa\u00e7\u00e3o dos empreendimentos.<\/p>\n\n\n\n<p class=\"wp-block-paragraph\">&nbsp;<\/p>\n\n\n\n<p class=\"wp-block-paragraph\">Para participar, \u00e9 necess\u00e1rio estar em situa\u00e7\u00e3o de vulnerabilidade socioecon\u00f4mica e j\u00e1 trabalhar no ramo da agricultura, com venda de produtos ou servi\u00e7os. Agricultores(as) interessados(as) em participar do projeto podem se inscrever at\u00e9 o dia 30 de junho. Mais informa\u00e7\u00f5es podem ser obtidas pelo n\u00famero (15) 99768.0628 (Pedro).<\/p>\n\n\n\n<p class=\"wp-block-paragraph\">&nbsp;<\/p>\n\n\n\n<p class=\"wp-block-paragraph\">&nbsp;<\/p>\n\n\n\n<p class=\"wp-block-paragraph\"><strong>Sobre o Instituto Terro\u00e1<\/strong><\/p>\n\n\n\n<p class=\"wp-block-paragraph\"><strong>&nbsp;<\/strong><\/p>\n\n\n\n<p class=\"wp-block-paragraph\">O Instituto Terro\u00e1 \u00e9 uma organiza\u00e7\u00e3o comprometida com o desenvolvimento&nbsp;territorial&nbsp;sustent\u00e1vel e a inclus\u00e3o social,&nbsp;tendo como uma de suas frentes de atua\u00e7\u00e3o o fortalecimento de uma economia sustent\u00e1vel e inclusiva, por meio de estrat\u00e9gias como a promo\u00e7\u00e3o da&nbsp;&nbsp;&nbsp;&nbsp;&nbsp;&nbsp;economia solid\u00e1ria e&nbsp;do empreendedorismo. Atuando principalmente no fortalecimento de comunidades vulner\u00e1veis, o Instituto oferece&nbsp;incuba\u00e7\u00e3o, forma\u00e7\u00e3o&nbsp;&nbsp;&nbsp;&nbsp;&nbsp;,&nbsp;assessoria,&nbsp;mentoria e apoio a empreendedores, com especial aten\u00e7\u00e3o ao empreendedorismo feminino e \u00e0 agricultura familiar. Suas iniciativas buscam gerar impacto positivo nas \u00e1reas de educa\u00e7\u00e3o&nbsp;e juventudes, gera\u00e7\u00e3o de renda e desenvolvimento comunit\u00e1rio, contribuindo para a autonomia e sustentabilidade dos projetos apoiados. Por meio de parcerias estrat\u00e9gicas, o Terro\u00e1 promove a inova\u00e7\u00e3o social e o fortalecimento de redes locais, impulsionando a transforma\u00e7\u00e3o social e econ\u00f4mica. Para mais informa\u00e7\u00f5es, acesse:&nbsp;<a href=\"http:\/\/www.institutoterroa.org\/\" target=\"_blank\" rel=\"noreferrer noopener\">www.institutoterroa.org<\/a>.<\/p>\n\n\n\n<p class=\"wp-block-paragraph\"><strong>&nbsp;<\/strong><\/p>\n\n\n\n<p class=\"wp-block-paragraph\"><strong><u>Sobre a Suzano<\/u><\/strong><\/p>\n\n\n\n<p class=\"wp-block-paragraph\">A Suzano \u00e9 a maior produtora mundial de celulose, uma das maiores produtoras de pap\u00e9is da Am\u00e9rica Latina, l\u00edder no segmento de papel higi\u00eanico no Brasil e refer\u00eancia no desenvolvimento de solu\u00e7\u00f5es sustent\u00e1veis e inovadoras a partir de mat\u00e9ria-prima de fonte renov\u00e1vel. Nossos produtos e solu\u00e7\u00f5es est\u00e3o presentes na vida de mais de 2 bilh\u00f5es de pessoas, abastecem mais de 100 pa\u00edses e incluem celulose; pap\u00e9is para imprimir e escrever; pap\u00e9is para embalagens, copos e canudos; pap\u00e9is sanit\u00e1rios e produtos absorventes; al\u00e9m de novos bioprodutos desenvolvidos para atender a demanda global. A inova\u00e7\u00e3o e a sustentabilidade orientam nosso prop\u00f3sito de \u201cRenovar a vida a partir da \u00e1rvore\u201d e nosso trabalho no enfrentamento dos desafios da sociedade e do planeta. Com 100 anos de hist\u00f3ria, temos a\u00e7\u00f5es nas bolsas do Brasil (SUZB3) e dos Estados Unidos (SUZ). Saiba mais na p\u00e1gina:&nbsp;<a href=\"https:\/\/www.suzano.com.br\/\" target=\"_blank\" rel=\"noreferrer noopener\">https:\/\/www.suzano.com.br\/<\/a><\/p>\n\n\n\n<p class=\"wp-block-paragraph\"><strong><em>&nbsp;<\/em><\/strong><\/p>\n","protected":false},"excerpt":{"rendered":"<p>Projeto Co-Labora recebe inscri\u00e7\u00f5es de produtores(as) rurais interessados at\u00e9 o dia 30 de junho&nbsp; A Suzano, maior produtora mundial de celulose e refer\u00eancia global na fabrica\u00e7\u00e3o de bioprodutos desenvolvidos a partir de \u00e1rvores plantadas de eucalipto, em parceria com o Instituto Terro\u00e1, promove o projeto Co-Labora, que tem como objetivo a gera\u00e7\u00e3o de trabalho e [&hellip;]<\/p>\n","protected":false},"author":2,"featured_media":8735,"comment_status":"open","ping_status":"open","sticky":false,"template":"","format":"standard","meta":{"_jetpack_newsletter_access":"","_jetpack_dont_email_post_to_subs":false,"_jetpack_newsletter_tier_id":0,"_jetpack_memberships_contains_paywalled_content":false,"_mbp_banners":[],"_jetpack_feature_clip_id":0,"_jetpack_memberships_contains_paid_content":false,"footnotes":"","jetpack_publicize_message":"","jetpack_publicize_feature_enabled":true,"jetpack_social_post_already_shared":true,"jetpack_social_options":{"image_generator_settings":{"template":"highway","default_image_id":0,"font":"","enabled":false},"version":2},"jetpack_post_was_ever_published":false},"categories":[16],"tags":[],"class_list":["post-8734","post","type-post","status-publish","format-standard","has-post-thumbnail","category-local"],"jetpack_publicize_connections":[],"jetpack-related-posts":[],"jetpack_shortlink":"https:\/\/wp.me\/p7Eq1F-2gS","jetpack_sharing_enabled":true,"jetpack_featured_media_url":"https:\/\/i0.wp.com\/guialimeira.com.br\/news\/wp-content\/uploads\/2024\/06\/woman-holding-basket-full-different-vegetables-scaled.jpg?fit=2560%2C1920&ssl=1","_links":{"self":[{"href":"https:\/\/guialimeira.com.br\/news\/wp-json\/wp\/v2\/posts\/8734","targetHints":{"allow":["GET"]}}],"collection":[{"href":"https:\/\/guialimeira.com.br\/news\/wp-json\/wp\/v2\/posts"}],"about":[{"href":"https:\/\/guialimeira.com.br\/news\/wp-json\/wp\/v2\/types\/post"}],"author":[{"embeddable":true,"href":"https:\/\/guialimeira.com.br\/news\/wp-json\/wp\/v2\/users\/2"}],"replies":[{"embeddable":true,"href":"https:\/\/guialimeira.com.br\/news\/wp-json\/wp\/v2\/comments?post=8734"}],"version-history":[{"count":1,"href":"https:\/\/guialimeira.com.br\/news\/wp-json\/wp\/v2\/posts\/8734\/revisions"}],"predecessor-version":[{"id":8736,"href":"https:\/\/guialimeira.com.br\/news\/wp-json\/wp\/v2\/posts\/8734\/revisions\/8736"}],"wp:featuredmedia":[{"embeddable":true,"href":"https:\/\/guialimeira.com.br\/news\/wp-json\/wp\/v2\/media\/8735"}],"wp:attachment":[{"href":"https:\/\/guialimeira.com.br\/news\/wp-json\/wp\/v2\/media?parent=8734"}],"wp:term":[{"taxonomy":"category","embeddable":true,"href":"https:\/\/guialimeira.com.br\/news\/wp-json\/wp\/v2\/categories?post=8734"},{"taxonomy":"post_tag","embeddable":true,"href":"https:\/\/guialimeira.com.br\/news\/wp-json\/wp\/v2\/tags?post=8734"}],"curies":[{"name":"wp","href":"https:\/\/api.w.org\/{rel}","templated":true}]}}