{"id":8732,"date":"2024-06-20T16:06:47","date_gmt":"2024-06-20T19:06:47","guid":{"rendered":"https:\/\/guialimeira.com.br\/2024\/06\/20\/plantao-deste-sabado-22-tera-vacinacao-contra-dengue-em-limeira\/"},"modified":"2024-06-20T16:06:47","modified_gmt":"2024-06-20T19:06:47","slug":"plantao-deste-sabado-22-tera-vacinacao-contra-dengue-em-limeira","status":"publish","type":"post","link":"https:\/\/guialimeira.com.br\/news\/plantao-deste-sabado-22-tera-vacinacao-contra-dengue-em-limeira\/","title":{"rendered":"Plant\u00e3o deste s\u00e1bado (22) ter\u00e1 vacina\u00e7\u00e3o contra dengue em Limeira"},"content":{"rendered":"<p> <br \/>\n<br \/><img data-recalc-dims=\"1\" decoding=\"async\" src=\"https:\/\/i0.wp.com\/ecrie.com.br\/sistema\/conteudos\/imagem\/m_137_0_1_04112023092716.jpg?w=696&#038;ssl=1\" \/><\/p>\n<p style=\"text-align: justify\">A Prefeitura de Limeira realiza neste s&aacute;bado (22) um novo plant&atilde;o de vacina&ccedil;&atilde;o. Segundo a Secretaria de Sa&uacute;de, a iniciativa ocorre das 8h &agrave;s 13h, e ter&aacute; a disponibiliza&ccedil;&atilde;o de imunizantes contra Covid-19, gripe, febre amarela, dengue e aqueles previstos no Calend&aacute;rio de Vacina&ccedil;&atilde;o.<\/p>\n<p style=\"text-align: justify\">A vacina&ccedil;&atilde;o contra Covid-19 ser&aacute; na UBS Ab&iacute;lio Pedro, para crian&ccedil;as de seis meses a 11 anos, e na UBS Aeroporto, para maiores de 12 anos. A atualiza&ccedil;&atilde;o vacinal e as doses contra a gripe estar&atilde;o dispon&iacute;veis nas duas unidades. J&aacute; no drive-thru do Parque Cidade ser&aacute; poss&iacute;vel se vacinar contra dengue, gripe, Covid-19 (maiores de 5 anos) e febre amarela.<\/p>\n<p style=\"text-align: justify\">A Secretaria de Sa&uacute;de orienta que &eacute; necess&aacute;rio apresentar os documentos pessoais, Carteira de Vacina&ccedil;&atilde;o, comprovante de resid&ecirc;ncia e Cart&atilde;o SUS. Menores de 18 anos devem estar acompanhados pelos pais ou respons&aacute;veis. A vacina&ccedil;&atilde;o da gripe est&aacute; dispon&iacute;vel para toda popula&ccedil;&atilde;o maior de 6 meses. J&aacute; a da dengue &eacute; direcionada para crian&ccedil;as e adolescentes de 10 a 14 anos.<\/p>\n<p style=\"text-align: justify\"><strong>SERVI&Ccedil;O<\/strong><br \/><strong>Plant&atilde;o de vacina&ccedil;&atilde;o<\/strong><\/p>\n<p style=\"text-align: justify\">S&aacute;bado, 22 de junho, das 8h &agrave;s 13h<\/p>\n<p style=\"text-align: justify\">UBS Ab&iacute;lio Pedro &ndash; Rua Agostinho Gianotto, s\/n&ordm; (Covid-19 &ndash; de seis meses a 11 anos, gripe e atualiza&ccedil;&atilde;o vacinal)<\/p>\n<p style=\"text-align: justify\"><span style=\"font-size: 13.33px\">UBS Jd. Aeroporto &ndash; Rua Ant&ocirc;nio de Luna, s\/n&ordm; (Covid-19 &ndash; maiores de 12 anos, gripe e atualiza&ccedil;&atilde;o vacinal)<\/span><\/p>\n<p style=\"text-align: justify\">Drive-thru do Parque Cidade &ndash; entrada pelo anel vi&aacute;rio (Covid-19 &ndash; maiores de 5 anos, gripe, febre amarela e dengue)<\/p>\n<p><br \/>\n<br \/><a href=\"https:\/\/limeira.sp.gov.br\/plantao-deste-sabado-22-tera-vacinacao-contra-dengue-em-limeira\" rel=\"noopener\">Informa\u00e7\u00f5es da PML <\/a><\/p>\n","protected":false},"excerpt":{"rendered":"<p>A Prefeitura de Limeira realiza neste s&aacute;bado (22) um novo plant&atilde;o de vacina&ccedil;&atilde;o. Segundo a Secretaria de Sa&uacute;de, a iniciativa ocorre das 8h &agrave;s 13h, e ter&aacute; a disponibiliza&ccedil;&atilde;o de imunizantes contra Covid-19, gripe, febre amarela, dengue e aqueles previstos no Calend&aacute;rio de Vacina&ccedil;&atilde;o. A vacina&ccedil;&atilde;o contra Covid-19 ser&aacute; na UBS Ab&iacute;lio Pedro, para crian&ccedil;as [&hellip;]<\/p>\n","protected":false},"author":1,"featured_media":3263,"comment_status":"open","ping_status":"open","sticky":false,"template":"","format":"standard","meta":{"_jetpack_newsletter_access":"","_jetpack_dont_email_post_to_subs":false,"_jetpack_newsletter_tier_id":0,"_jetpack_memberships_contains_paywalled_content":false,"_mbp_banners":[],"_jetpack_feature_clip_id":0,"_jetpack_memberships_contains_paid_content":false,"footnotes":"","jetpack_publicize_message":"","jetpack_publicize_feature_enabled":true,"jetpack_social_post_already_shared":true,"jetpack_social_options":{"image_generator_settings":{"template":"highway","default_image_id":0,"font":"","enabled":false},"version":2},"jetpack_post_was_ever_published":false},"categories":[16],"tags":[],"class_list":["post-8732","post","type-post","status-publish","format-standard","has-post-thumbnail","category-local"],"jetpack_publicize_connections":[],"jetpack-related-posts":[],"jetpack_shortlink":"https:\/\/wp.me\/p7Eq1F-2gQ","jetpack_sharing_enabled":true,"jetpack_featured_media_url":"https:\/\/i0.wp.com\/guialimeira.com.br\/news\/wp-content\/uploads\/2024\/04\/m_137_0_1_04112023092716.jpg?fit=1280%2C852&ssl=1","_links":{"self":[{"href":"https:\/\/guialimeira.com.br\/news\/wp-json\/wp\/v2\/posts\/8732","targetHints":{"allow":["GET"]}}],"collection":[{"href":"https:\/\/guialimeira.com.br\/news\/wp-json\/wp\/v2\/posts"}],"about":[{"href":"https:\/\/guialimeira.com.br\/news\/wp-json\/wp\/v2\/types\/post"}],"author":[{"embeddable":true,"href":"https:\/\/guialimeira.com.br\/news\/wp-json\/wp\/v2\/users\/1"}],"replies":[{"embeddable":true,"href":"https:\/\/guialimeira.com.br\/news\/wp-json\/wp\/v2\/comments?post=8732"}],"version-history":[{"count":0,"href":"https:\/\/guialimeira.com.br\/news\/wp-json\/wp\/v2\/posts\/8732\/revisions"}],"wp:featuredmedia":[{"embeddable":true,"href":"https:\/\/guialimeira.com.br\/news\/wp-json\/wp\/v2\/media\/3263"}],"wp:attachment":[{"href":"https:\/\/guialimeira.com.br\/news\/wp-json\/wp\/v2\/media?parent=8732"}],"wp:term":[{"taxonomy":"category","embeddable":true,"href":"https:\/\/guialimeira.com.br\/news\/wp-json\/wp\/v2\/categories?post=8732"},{"taxonomy":"post_tag","embeddable":true,"href":"https:\/\/guialimeira.com.br\/news\/wp-json\/wp\/v2\/tags?post=8732"}],"curies":[{"name":"wp","href":"https:\/\/api.w.org\/{rel}","templated":true}]}}