{"id":8714,"date":"2024-06-20T12:58:35","date_gmt":"2024-06-20T15:58:35","guid":{"rendered":"https:\/\/guialimeira.com.br\/2024\/06\/20\/com-inicio-do-inverno-saude-reforca-importancia-de-doses-contra-gripe\/"},"modified":"2024-06-20T12:58:35","modified_gmt":"2024-06-20T15:58:35","slug":"com-inicio-do-inverno-saude-reforca-importancia-de-doses-contra-gripe","status":"publish","type":"post","link":"https:\/\/guialimeira.com.br\/news\/com-inicio-do-inverno-saude-reforca-importancia-de-doses-contra-gripe\/","title":{"rendered":"Com in\u00edcio do inverno, Sa\u00fade refor\u00e7a import\u00e2ncia de doses contra gripe"},"content":{"rendered":"<p> <br \/>\n<\/p>\n<div>\n<p>Com a chegada do inverno nesta quinta-feira (20), as temperaturas devem cair ainda mais e o per\u00edodo se torna propenso para doen\u00e7as respirat\u00f3rias como gripe e covid-19. O Minist\u00e9rio da Sa\u00fade, em nota, refor\u00e7ou a import\u00e2ncia da vacina\u00e7\u00e3o contra ambas as doen\u00e7as, sobretudo entre pessoas classificadas como p\u00fablico-alvo.<img data-recalc-dims=\"1\" decoding=\"async\" src=\"https:\/\/i0.wp.com\/agenciabrasil.ebc.com.br\/ebc.png?w=696&#038;ssl=1\" style=\"width:1px; height:1px; display:inline;\"\/><img data-recalc-dims=\"1\" decoding=\"async\" src=\"https:\/\/i0.wp.com\/agenciabrasil.ebc.com.br\/ebc.gif?w=696&#038;ssl=1\" style=\"width:1px; height:1px; display:inline;\"\/><\/p>\n<p>Em 2024, a campanha de vacina\u00e7\u00e3o contra a gripe, tradicionalmente realizada entre os meses de abril e maio, foi antecipada em raz\u00e3o do aumento da circula\u00e7\u00e3o de v\u00edrus respirat\u00f3rios no pa\u00eds. Em 25 de mar\u00e7o, a dose foi disponibilizada para diversos grupos espec\u00edficos, como crian\u00e7as de 6 meses a menores de 6 anos, idosos e gestantes.<\/p>\n<p>J\u00e1 em maio, a pasta passou a recomendar a imuniza\u00e7\u00e3o de todas as pessoas com mais de 6 meses, com destaque para os seguintes p\u00fablicos-alvo:<\/p>\n<p>* Crian\u00e7as de 6 meses a menores de 6 anos;<\/p>\n<p>* Crian\u00e7as ind\u00edgenas de 6 meses a menores de 9 anos;<\/p>\n<p>* Trabalhadores da sa\u00fade;<\/p>\n<p>* Gestantes;<\/p>\n<p>* Pu\u00e9rperas;<\/p>\n<p>* Professores dos ensinos b\u00e1sico e superior;<\/p>\n<p>* Povos ind\u00edgenas;<\/p>\n<p>* Idosos com 60 anos ou mais;<\/p>\n<p>* Pessoas em situa\u00e7\u00e3o de rua;<\/p>\n<p>* Profissionais das for\u00e7as de seguran\u00e7a e de salvamento;<\/p>\n<p>* Profissionais das For\u00e7as Armadas;<\/p>\n<p>* Pessoas com doen\u00e7as cr\u00f4nicas n\u00e3o transmiss\u00edveis e outras condi\u00e7\u00f5es cl\u00ednicas especiais (independentemente da idade);<\/p>\n<p>* Pessoas com defici\u00eancia permanente;<\/p>\n<p>* Caminhoneiros;<\/p>\n<p>* Trabalhadores do transporte rodovi\u00e1rio coletivo (urbano e de longo curso);<\/p>\n<p>* Trabalhadores portu\u00e1rios;<\/p>\n<p>* Funcion\u00e1rios do sistema de priva\u00e7\u00e3o de liberdade;<\/p>\n<p>* Popula\u00e7\u00e3o privada de liberdade, al\u00e9m de adolescentes e jovens sob medidas socioeducativas (entre 12 e 21 anos).<\/p>\n<p>Crian\u00e7as que v\u00e3o receber o imunizante pela primeira vez devem tomar duas doses, com intervalo de 30 dias entre elas.<\/p>\n<p>\u201cA vacina\u00e7\u00e3o contra a gripe \u00e9 a melhor forma para garantir prote\u00e7\u00e3o contra a doen\u00e7a. O imunizante age para estimular a produ\u00e7\u00e3o de anticorpos contra o v\u00edrus Influenza. Quem se imunizou em 2023 ou nos anos anteriores tamb\u00e9m deve receber a vacina atualizada. As vacinas s\u00e3o comprovadamente eficazes e protegem contra as cepas atualizadas, de acordo com determina\u00e7\u00e3o da Organiza\u00e7\u00e3o Mundial da Sa\u00fade (OMS).\u201d<\/p>\n<div class=\"dnd-widget-wrapper context-cheio_8colunas type-image\">\n<div class=\"dnd-atom-rendered\"><!-- scald=374313:cheio_8colunas --><\/p>\n<div class=\"shadow overflow-hidden rounded-lg d-block w-100\">\n            <img data-recalc-dims=\"1\" decoding=\"async\" src=\"https:\/\/i0.wp.com\/agenciabrasil.ebc.com.br\/sites\/default\/files\/thumbnails\/image\/loading_v2.gif?w=696&#038;ssl=1\" data-echo=\"https:\/\/imagens.ebc.com.br\/1xACt_228k0eVrX8QFfzTw69SVw=\/754x0\/smart\/https:\/\/agenciabrasil.ebc.com.br\/sites\/default\/files\/thumbnails\/image\/2024\/03\/01\/gripe_publico_alvo_1.png?itok=tlYChi7U\" alt=\"arte gripe p\u00fablico alvo\" title=\"Arte\/Ag\u00eancia Brasil\" class=\"flex-fill img-cover\"\/><br \/>\n        <img data-recalc-dims=\"1\" decoding=\"async\" src=\"https:\/\/i0.wp.com\/imagens.ebc.com.br\/1xACt_228k0eVrX8QFfzTw69SVw%3D\/754x0\/smart\/https%3A\/\/agenciabrasil.ebc.com.br\/sites\/default\/files\/thumbnails\/image\/2024\/03\/01\/gripe_publico_alvo_1.png?w=696&#038;ssl=1\" alt=\"arte gripe p\u00fablico alvo\" title=\"Arte\/Ag\u00eancia Brasil\" class=\"flex-fill img-cover\"\/>\n    <\/div>\n<p><!-- END scald=374313 --><\/div>\n<\/div>\n<h2>Covid-19<\/h2>\n<p>Desde janeiro, a vacina contra a covid-19 integra o Programa Nacional de Imuniza\u00e7\u00f5es (PNI). A recomenda\u00e7\u00e3o do minist\u00e9rio \u00e9 que estados e munic\u00edpios priorizem crian\u00e7as de 6 meses a menores de 5 anos e grupos com maior risco de desenvolver formas graves da doen\u00e7a, como idosos, imunocomprometidos, gestantes e pu\u00e9rperas.<\/p>\n<p>Em maio, a pasta confirmou a compra de 12,5 milh\u00f5es de doses do imunizante contra a covid-19 SpikeVax, produzido pela farmac\u00eautica Moderna. O processo de aquisi\u00e7\u00e3o emergencial, segundo o minist\u00e9rio, come\u00e7ou em dezembro de 2023, quando a Ag\u00eancia Nacional de Vigil\u00e2ncia Sanit\u00e1ria (Anvisa) aprovou a vers\u00e3o mais atualizada da vacina.<\/p>\n<p>Os grupos classificados como priorit\u00e1rios, neste caso, s\u00e3o:<\/p>\n<p>* Pessoas com 60 anos ou mais;<\/p>\n<p>* Pessoas vivendo em institui\u00e7\u00f5es de longa perman\u00eancia e seus trabalhadores;<\/p>\n<p>* Pessoas imunocomprometidas;<\/p>\n<p>* Ind\u00edgenas vivendo em terra ind\u00edgena;<\/p>\n<p>* Ribeirinhos;<\/p>\n<p>* Quilombolas;<\/p>\n<p>* Gestantes e pu\u00e9rperas;<\/p>\n<p>* Trabalhadores da sa\u00fade;<\/p>\n<p>* Pessoas com defici\u00eancia permanente;<\/p>\n<p>* Pessoas com comorbidades;<\/p>\n<p>* Pessoas privadas de liberdade;<\/p>\n<p>* Funcion\u00e1rios do sistema de priva\u00e7\u00e3o de liberdade;<\/p>\n<p>* Adolescentes e jovens cumprindo medidas socioeducativas;<\/p>\n<p>* Pessoas em situa\u00e7\u00e3o de rua.<\/p>\n<p>Entenda como fica a vacina\u00e7\u00e3o contra a covid-19 por idade e <a href=\"https:\/\/agenciabrasil.ebc.com.br\/saude\/noticia\/2024-06\/covid-19-entenda-como-fica-vacinacao-por-idade-e-grupo-prioritario\" target=\"_blank\" rel=\"noopener\">grupo priorit\u00e1rio aqui<\/a>.<\/p>\n<div class=\"dnd-widget-wrapper context-cheio_8colunas type-image\">\n<div class=\"dnd-atom-rendered\"><!-- scald=389468:cheio_8colunas --><\/p>\n<div class=\"shadow overflow-hidden rounded-lg d-block w-100\">\n            <img data-recalc-dims=\"1\" decoding=\"async\" src=\"https:\/\/i0.wp.com\/agenciabrasil.ebc.com.br\/sites\/default\/files\/thumbnails\/image\/loading_v2.gif?w=696&#038;ssl=1\" data-echo=\"https:\/\/imagens.ebc.com.br\/IYVVKrCx61lNmXo7wnFh9lLr9LE=\/754x0\/smart\/https:\/\/agenciabrasil.ebc.com.br\/sites\/default\/files\/thumbnails\/image\/2024\/06\/19\/vacina_covid_1.png?itok=iCfa10I2\" alt=\"arte vacina covid\" title=\"Arte\/Ag\u00eancia Brasil\" class=\"flex-fill img-cover\"\/><br \/>\n        <img data-recalc-dims=\"1\" decoding=\"async\" src=\"https:\/\/i0.wp.com\/imagens.ebc.com.br\/IYVVKrCx61lNmXo7wnFh9lLr9LE%3D\/754x0\/smart\/https%3A\/\/agenciabrasil.ebc.com.br\/sites\/default\/files\/thumbnails\/image\/2024\/06\/19\/vacina_covid_1.png?w=696&#038;ssl=1\" alt=\"arte vacina covid\" title=\"Arte\/Ag\u00eancia Brasil\" class=\"flex-fill img-cover\"\/>\n    <\/div>\n<p><!-- END scald=389468 --><\/div>\n<\/div>\n<p>\u00a0<\/p>\n<\/p><\/div>\n<p><br \/>\n<br \/><a href=\"https:\/\/agenciabrasil.ebc.com.br\/saude\/noticia\/2024-06\/com-inicio-do-inverno-saude-reforca-importancia-de-doses-contra-gripe\" rel=\"noopener\">Ag\u00eancia Brasil <\/a><\/p>\n","protected":false},"excerpt":{"rendered":"<p>Com a chegada do inverno nesta quinta-feira (20), as temperaturas devem cair ainda mais e o per\u00edodo se torna propenso para doen\u00e7as respirat\u00f3rias como gripe e covid-19. O Minist\u00e9rio da Sa\u00fade, em nota, refor\u00e7ou a import\u00e2ncia da vacina\u00e7\u00e3o contra ambas as doen\u00e7as, sobretudo entre pessoas classificadas como p\u00fablico-alvo. Em 2024, a campanha de vacina\u00e7\u00e3o contra [&hellip;]<\/p>\n","protected":false},"author":1,"featured_media":8715,"comment_status":"open","ping_status":"open","sticky":false,"template":"","format":"standard","meta":{"_jetpack_newsletter_access":"","_jetpack_dont_email_post_to_subs":false,"_jetpack_newsletter_tier_id":0,"_jetpack_memberships_contains_paywalled_content":false,"_mbp_banners":[],"_jetpack_feature_clip_id":0,"_jetpack_memberships_contains_paid_content":false,"footnotes":"","jetpack_publicize_message":"","jetpack_publicize_feature_enabled":true,"jetpack_social_post_already_shared":true,"jetpack_social_options":{"image_generator_settings":{"template":"highway","default_image_id":0,"font":"","enabled":false},"version":2},"jetpack_post_was_ever_published":false},"categories":[15],"tags":[],"class_list":["post-8714","post","type-post","status-publish","format-standard","has-post-thumbnail","category-saude"],"jetpack_publicize_connections":[],"jetpack-related-posts":[],"jetpack_shortlink":"https:\/\/wp.me\/p7Eq1F-2gy","jetpack_sharing_enabled":true,"jetpack_featured_media_url":"https:\/\/i0.wp.com\/guialimeira.com.br\/news\/wp-content\/uploads\/2024\/06\/img_3352.jpg?fit=1600%2C800&ssl=1","_links":{"self":[{"href":"https:\/\/guialimeira.com.br\/news\/wp-json\/wp\/v2\/posts\/8714","targetHints":{"allow":["GET"]}}],"collection":[{"href":"https:\/\/guialimeira.com.br\/news\/wp-json\/wp\/v2\/posts"}],"about":[{"href":"https:\/\/guialimeira.com.br\/news\/wp-json\/wp\/v2\/types\/post"}],"author":[{"embeddable":true,"href":"https:\/\/guialimeira.com.br\/news\/wp-json\/wp\/v2\/users\/1"}],"replies":[{"embeddable":true,"href":"https:\/\/guialimeira.com.br\/news\/wp-json\/wp\/v2\/comments?post=8714"}],"version-history":[{"count":0,"href":"https:\/\/guialimeira.com.br\/news\/wp-json\/wp\/v2\/posts\/8714\/revisions"}],"wp:featuredmedia":[{"embeddable":true,"href":"https:\/\/guialimeira.com.br\/news\/wp-json\/wp\/v2\/media\/8715"}],"wp:attachment":[{"href":"https:\/\/guialimeira.com.br\/news\/wp-json\/wp\/v2\/media?parent=8714"}],"wp:term":[{"taxonomy":"category","embeddable":true,"href":"https:\/\/guialimeira.com.br\/news\/wp-json\/wp\/v2\/categories?post=8714"},{"taxonomy":"post_tag","embeddable":true,"href":"https:\/\/guialimeira.com.br\/news\/wp-json\/wp\/v2\/tags?post=8714"}],"curies":[{"name":"wp","href":"https:\/\/api.w.org\/{rel}","templated":true}]}}