{"id":8708,"date":"2024-06-20T11:57:34","date_gmt":"2024-06-20T14:57:34","guid":{"rendered":"https:\/\/guialimeira.com.br\/2024\/06\/20\/em-5-anos-85-mil-brasileiros-fizeram-cirurgia-para-tratar-glaucoma\/"},"modified":"2024-06-20T11:57:34","modified_gmt":"2024-06-20T14:57:34","slug":"em-5-anos-85-mil-brasileiros-fizeram-cirurgia-para-tratar-glaucoma","status":"publish","type":"post","link":"https:\/\/guialimeira.com.br\/news\/em-5-anos-85-mil-brasileiros-fizeram-cirurgia-para-tratar-glaucoma\/","title":{"rendered":"Em 5 anos, 85 mil brasileiros fizeram cirurgia para tratar glaucoma"},"content":{"rendered":"<p> <br \/>\n<\/p>\n<div>\n<p>Entre 2019 e 2023, cerca de 85 mil brasileiros passaram pela cirurgia de glaucoma a que o cantor Marrone foi submetido esta semana. Na \u00faltima segunda-feira (20), o artista passou por um procedimento de emerg\u00eancia ap\u00f3s ser diagnosticado com est\u00e1gio avan\u00e7ado da doen\u00e7a em ambos os olhos.<img data-recalc-dims=\"1\" decoding=\"async\" src=\"https:\/\/i0.wp.com\/agenciabrasil.ebc.com.br\/ebc.png?w=696&#038;ssl=1\" style=\"width:1px; height:1px; display:inline;\"\/><img data-recalc-dims=\"1\" decoding=\"async\" src=\"https:\/\/i0.wp.com\/agenciabrasil.ebc.com.br\/ebc.gif?w=696&#038;ssl=1\" style=\"width:1px; height:1px; display:inline;\"\/><\/p>\n<p>De acordo com o Conselho Brasileiro de Oftalmologia (CBO), apenas no ano passado, foram realizadas 20.248 cirurgias de glaucoma \u2013 uma m\u00e9dia de 55 opera\u00e7\u00f5es por dia. Os estados que mais realizaram o procedimento foram S\u00e3o Paulo (18.545), Par\u00e1 (15.230), Pernambuco (8.847), Rio de Janeiro (8.809) e Minas Gerais (8.657).<\/p>\n<p>A entidade destaca que a maior parte dos pacientes diagnosticados com glaucoma consegue estabilizar o quadro por meio do uso de medica\u00e7\u00f5es no formato de col\u00edrio. Em alguns casos, entretanto, a cirurgia passa a ser a op\u00e7\u00e3o indicada para tratar a doen\u00e7a, considerada a maior causa de cegueira irrevers\u00edvel no mundo.<\/p>\n<p>Diferentes m\u00e9todos para diagn\u00f3stico e tratamento, segundo o conselho, est\u00e3o dispon\u00edveis, inclusive pelo\u00a0Sistema \u00danico de Sa\u00fade (SUS). \u201cIsso tem ajudado a reduzir significativamente as chances de pacientes desenvolverem quadros graves, com perda de vis\u00e3o irrevers\u00edvel\u201d, refor\u00e7ou. A cirurgia tamb\u00e9m \u00e9 de cobertura obrigat\u00f3ria pelos planos de sa\u00fade.<\/p>\n<p>A entidade alerta que a informa\u00e7\u00e3o \u00e9 considerada a principal arma contra o glaucoma, j\u00e1 que a doen\u00e7a permanece praticamente assintom\u00e1tica at\u00e9 que os danos sejam significativos, resultando em les\u00f5es irrevers\u00edveis no nervo \u00f3ptico e levando \u00e0 perda permanente da vis\u00e3o. Da\u00ed a import\u00e2ncia do diagn\u00f3stico precoce, por meio de consultas rotineiras com m\u00e9dico oftalmologista.<\/p>\n<p>\u201cA detec\u00e7\u00e3o precoce e o acompanhamento m\u00e9dico, com o monitoramento da press\u00e3o intraocular; a realiza\u00e7\u00e3o de exames, como campimetria e tomografia; e o uso de medicamentos adequados e de tratamentos a laser ou cir\u00fargicos s\u00e3o fundamentais para manter a estabilidade da doen\u00e7a e proteger\u00a0a vis\u00e3o em longo prazo.\u201d<\/p>\n<h2>Fatores de risco<\/h2>\n<p>O aumento da press\u00e3o intraocular \u00e9 considerado o principal fator de risco para o glaucoma, mas n\u00e3o o \u00fanico. Antecedentes familiares, alta miopia e alta hipermetropia, segundo o conselho, tamb\u00e9m trazem riscos. O tratamento, medicamentoso ou cir\u00fargico\u00a0visa a estabilizar a doen\u00e7a, mas n\u00e3o reverte a perda visual.<\/p>\n<p>De acordo com a entidade, estimativas apontam que 1,5% da popula\u00e7\u00e3o pode ter glaucoma. A incid\u00eancia do problema aumenta ap\u00f3s os 40 anos (2%), chegando a mais de 6% ap\u00f3s os 70 anos. Estudos demonstram ainda que a preval\u00eancia da doen\u00e7a \u00e9 maior em pretos e pardos (3,8%) quando comparados com brancos (2.1%).<\/p>\n<\/p><\/div>\n<p><br \/>\n<br \/><a href=\"https:\/\/agenciabrasil.ebc.com.br\/saude\/noticia\/2024-06\/em-5-anos-85-mil-brasileiros-fizeram-cirurgia-para-tratar-glaucoma\" rel=\"noopener\">Ag\u00eancia Brasil <\/a><\/p>\n","protected":false},"excerpt":{"rendered":"<p>Entre 2019 e 2023, cerca de 85 mil brasileiros passaram pela cirurgia de glaucoma a que o cantor Marrone foi submetido esta semana. Na \u00faltima segunda-feira (20), o artista passou por um procedimento de emerg\u00eancia ap\u00f3s ser diagnosticado com est\u00e1gio avan\u00e7ado da doen\u00e7a em ambos os olhos. De acordo com o Conselho Brasileiro de Oftalmologia [&hellip;]<\/p>\n","protected":false},"author":1,"featured_media":8709,"comment_status":"open","ping_status":"open","sticky":false,"template":"","format":"standard","meta":{"_jetpack_newsletter_access":"","_jetpack_dont_email_post_to_subs":false,"_jetpack_newsletter_tier_id":0,"_jetpack_memberships_contains_paywalled_content":false,"_mbp_banners":[],"_jetpack_feature_clip_id":0,"_jetpack_memberships_contains_paid_content":false,"footnotes":"","jetpack_publicize_message":"","jetpack_publicize_feature_enabled":true,"jetpack_social_post_already_shared":true,"jetpack_social_options":{"image_generator_settings":{"template":"highway","default_image_id":0,"font":"","enabled":false},"version":2},"jetpack_post_was_ever_published":false},"categories":[15],"tags":[],"class_list":["post-8708","post","type-post","status-publish","format-standard","has-post-thumbnail","category-saude"],"jetpack_publicize_connections":[],"jetpack-related-posts":[],"jetpack_shortlink":"https:\/\/wp.me\/p7Eq1F-2gs","jetpack_sharing_enabled":true,"jetpack_featured_media_url":"https:\/\/i0.wp.com\/guialimeira.com.br\/news\/wp-content\/uploads\/2024\/06\/52644520891_6e9c0d3620_ksecretariadesaude.jpg?fit=1600%2C800&ssl=1","_links":{"self":[{"href":"https:\/\/guialimeira.com.br\/news\/wp-json\/wp\/v2\/posts\/8708","targetHints":{"allow":["GET"]}}],"collection":[{"href":"https:\/\/guialimeira.com.br\/news\/wp-json\/wp\/v2\/posts"}],"about":[{"href":"https:\/\/guialimeira.com.br\/news\/wp-json\/wp\/v2\/types\/post"}],"author":[{"embeddable":true,"href":"https:\/\/guialimeira.com.br\/news\/wp-json\/wp\/v2\/users\/1"}],"replies":[{"embeddable":true,"href":"https:\/\/guialimeira.com.br\/news\/wp-json\/wp\/v2\/comments?post=8708"}],"version-history":[{"count":0,"href":"https:\/\/guialimeira.com.br\/news\/wp-json\/wp\/v2\/posts\/8708\/revisions"}],"wp:featuredmedia":[{"embeddable":true,"href":"https:\/\/guialimeira.com.br\/news\/wp-json\/wp\/v2\/media\/8709"}],"wp:attachment":[{"href":"https:\/\/guialimeira.com.br\/news\/wp-json\/wp\/v2\/media?parent=8708"}],"wp:term":[{"taxonomy":"category","embeddable":true,"href":"https:\/\/guialimeira.com.br\/news\/wp-json\/wp\/v2\/categories?post=8708"},{"taxonomy":"post_tag","embeddable":true,"href":"https:\/\/guialimeira.com.br\/news\/wp-json\/wp\/v2\/tags?post=8708"}],"curies":[{"name":"wp","href":"https:\/\/api.w.org\/{rel}","templated":true}]}}