{"id":8686,"date":"2024-06-20T00:49:36","date_gmt":"2024-06-20T03:49:36","guid":{"rendered":"https:\/\/guialimeira.com.br\/2024\/06\/20\/governo-federal-anuncia-r-16-bilhao-para-o-setor-audiovisual\/"},"modified":"2024-06-20T00:49:36","modified_gmt":"2024-06-20T03:49:36","slug":"governo-federal-anuncia-r-16-bilhao-para-o-setor-audiovisual","status":"publish","type":"post","link":"https:\/\/guialimeira.com.br\/news\/governo-federal-anuncia-r-16-bilhao-para-o-setor-audiovisual\/","title":{"rendered":"Governo federal anuncia R$ 1,6 bilh\u00e3o para o setor audiovisual"},"content":{"rendered":"<p> <br \/>\n<\/p>\n<div>\n<p>O governo federal vai investir R$ 1,6 bilh\u00e3o\u00a0no setor audiovisual, com foco na produ\u00e7\u00e3o de filmes e s\u00e9ries nacionais. O an\u00fancio foi feito hoje (19) em evento no Rio de Janeiro que celebrou o Dia Nacional do Cinema. A data \u00e9 uma refer\u00eancia \u00e0s primeiras imagens cinematogr\u00e1ficas registradas no pa\u00eds, em 19 de junho de 1898, pelo cineasta Afonso Segreto.<img data-recalc-dims=\"1\" decoding=\"async\" src=\"https:\/\/i0.wp.com\/agenciabrasil.ebc.com.br\/ebc.png?w=696&#038;ssl=1\" style=\"width:1px; height:1px; display:inline;\"\/><img data-recalc-dims=\"1\" decoding=\"async\" src=\"https:\/\/i0.wp.com\/agenciabrasil.ebc.com.br\/ebc.gif?w=696&#038;ssl=1\" style=\"width:1px; height:1px; display:inline;\"\/><\/p>\n<p>Na cerim\u00f4nia, o presidente Luiz In\u00e1cio Lula da Silva assinou o decreto que regulamenta a cota de tela em cinema.<\/p>\n<p>A Lei 14.814\/2024 foi sancionada em janeiro deste ano e determina que salas de cinema devem exibir uma cota comercial de obras cinematogr\u00e1ficas brasileiras at\u00e9 31 de dezembro de 2033.<\/p>\n<p>Segundo o governo, o objetivo \u00e9 promover a valoriza\u00e7\u00e3o do cinema nacional. A Ag\u00eancia Nacional do Cinema (Ancine)\u00a0ter\u00e1 a responsabilidade de fiscalizar o cumprimento da lei, com a exibi\u00e7\u00e3o dos filmes de forma proporcional durante o ano.<\/p>\n<p>Lula aproveitou o evento para pedir a regulamenta\u00e7\u00e3o do setor de streaming, discuss\u00e3o que est\u00e1 no Congresso e prev\u00ea taxa\u00e7\u00e3o de plataformas digitais. E para cobrar a valoriza\u00e7\u00e3o das produ\u00e7\u00f5es audiovisuais brasileiras.<\/p>\n<p>\u201cEu acho que a gente tem condi\u00e7\u00f5es de fazer uma regulamenta\u00e7\u00e3o para que esse pa\u00eds seja livre, soberano, dono do seu nariz, da sua arte e do seu futuro\u201d, disse Lula. \u201cUm pa\u00eds que n\u00e3o tem cultura, que n\u00e3o investe nela, o povo n\u00e3o \u00e9 povo, \u00e9 massa de manobra. Porque a cultura politiza e refresca a cabe\u00e7a das pessoas. Por isso que acreditamos muito na cultura e investimos nela\u201d.<\/p>\n<p>Durante a cerim\u00f4nia, o presidente do Banco Nacional de Desenvolvimento Econ\u00f4mico e Social (BNDES), Aloizio Mercadante, anunciou uma linha de cr\u00e9dito direcionada especialmente para a ind\u00fastria audiovisual: o BNDES FSA Audiovisual. Ela foi desenvolvida em conjunto com o Minist\u00e9rio da Cultura e a Ancine. O or\u00e7amento inicial \u00e9 de R$ 400 milh\u00f5es, com recursos do Fundo Setorial do Audiovisual.<\/p>\n<p>O p\u00fablico-alvo s\u00e3o empresas de controle nacional e o intuito \u00e9 aprovar\u00a0projetos com valor m\u00ednimo de R$ 10 milh\u00f5es em custo financeiro b\u00e1sico. Projetos de menor porte ter\u00e3o apoio por meio do Banco Regional de Desenvolvimento do Extremo Sul (BRDE).<\/p>\n<p>Mercadante disse que o objetivo principal \u00e9 investir nos principais gargalos de produ\u00e7\u00e3o e exibi\u00e7\u00e3o: infraestrutura audiovisual, inova\u00e7\u00e3o e acessibilidade.<\/p>\n<p>\u201cVamos levantar o cinema brasileiro. Garantir tela para quem produz a alma e a hist\u00f3ria do povo brasileiro\u201d, disse Mercadante.<\/p>\n<p>\u00a0<\/p>\n<\/p><\/div>\n<p><br \/>\n<br \/><a href=\"https:\/\/agenciabrasil.ebc.com.br\/economia\/noticia\/2024-06\/governo-federal-anuncia-r-16-bilhao-para-o-setor-audiovisual\" rel=\"noopener\">Ag\u00eancia Brasil<\/a><\/p>\n","protected":false},"excerpt":{"rendered":"<p>O governo federal vai investir R$ 1,6 bilh\u00e3o\u00a0no setor audiovisual, com foco na produ\u00e7\u00e3o de filmes e s\u00e9ries nacionais. O an\u00fancio foi feito hoje (19) em evento no Rio de Janeiro que celebrou o Dia Nacional do Cinema. A data \u00e9 uma refer\u00eancia \u00e0s primeiras imagens cinematogr\u00e1ficas registradas no pa\u00eds, em 19 de junho de [&hellip;]<\/p>\n","protected":false},"author":1,"featured_media":8687,"comment_status":"open","ping_status":"open","sticky":false,"template":"","format":"standard","meta":{"_jetpack_newsletter_access":"","_jetpack_dont_email_post_to_subs":false,"_jetpack_newsletter_tier_id":0,"_jetpack_memberships_contains_paywalled_content":false,"_mbp_banners":[],"_jetpack_feature_clip_id":0,"_jetpack_memberships_contains_paid_content":false,"footnotes":"","jetpack_publicize_message":"","jetpack_publicize_feature_enabled":true,"jetpack_social_post_already_shared":true,"jetpack_social_options":{"image_generator_settings":{"template":"highway","default_image_id":0,"font":"","enabled":false},"version":2},"jetpack_post_was_ever_published":false},"categories":[24],"tags":[],"class_list":["post-8686","post","type-post","status-publish","format-standard","has-post-thumbnail","category-economia"],"jetpack_publicize_connections":[],"jetpack-related-posts":[],"jetpack_shortlink":"https:\/\/wp.me\/p7Eq1F-2g6","jetpack_sharing_enabled":true,"jetpack_featured_media_url":"https:\/\/i0.wp.com\/guialimeira.com.br\/news\/wp-content\/uploads\/2024\/06\/20240619155508_d6a2912_1.jpg?fit=1600%2C800&ssl=1","_links":{"self":[{"href":"https:\/\/guialimeira.com.br\/news\/wp-json\/wp\/v2\/posts\/8686","targetHints":{"allow":["GET"]}}],"collection":[{"href":"https:\/\/guialimeira.com.br\/news\/wp-json\/wp\/v2\/posts"}],"about":[{"href":"https:\/\/guialimeira.com.br\/news\/wp-json\/wp\/v2\/types\/post"}],"author":[{"embeddable":true,"href":"https:\/\/guialimeira.com.br\/news\/wp-json\/wp\/v2\/users\/1"}],"replies":[{"embeddable":true,"href":"https:\/\/guialimeira.com.br\/news\/wp-json\/wp\/v2\/comments?post=8686"}],"version-history":[{"count":0,"href":"https:\/\/guialimeira.com.br\/news\/wp-json\/wp\/v2\/posts\/8686\/revisions"}],"wp:featuredmedia":[{"embeddable":true,"href":"https:\/\/guialimeira.com.br\/news\/wp-json\/wp\/v2\/media\/8687"}],"wp:attachment":[{"href":"https:\/\/guialimeira.com.br\/news\/wp-json\/wp\/v2\/media?parent=8686"}],"wp:term":[{"taxonomy":"category","embeddable":true,"href":"https:\/\/guialimeira.com.br\/news\/wp-json\/wp\/v2\/categories?post=8686"},{"taxonomy":"post_tag","embeddable":true,"href":"https:\/\/guialimeira.com.br\/news\/wp-json\/wp\/v2\/tags?post=8686"}],"curies":[{"name":"wp","href":"https:\/\/api.w.org\/{rel}","templated":true}]}}