{"id":8654,"date":"2024-06-19T17:45:33","date_gmt":"2024-06-19T20:45:33","guid":{"rendered":"https:\/\/guialimeira.com.br\/2024\/06\/19\/biblioteca-pedagogica-inicia-acervo-com-foco-em-educacao-ambiental\/"},"modified":"2024-06-19T17:45:33","modified_gmt":"2024-06-19T20:45:33","slug":"biblioteca-pedagogica-inicia-acervo-com-foco-em-educacao-ambiental","status":"publish","type":"post","link":"https:\/\/guialimeira.com.br\/news\/biblioteca-pedagogica-inicia-acervo-com-foco-em-educacao-ambiental\/","title":{"rendered":"Biblioteca Pedag\u00f3gica inicia acervo com foco em educa\u00e7\u00e3o ambiental"},"content":{"rendered":"<p> <br \/>\n<br \/><img data-recalc-dims=\"1\" decoding=\"async\" src=\"https:\/\/i0.wp.com\/ecrie.com.br\/sistema\/conteudos\/imagem\/m_137_0_1_19062024164805.jpeg?w=696&#038;ssl=1\" \/><\/p>\n<p style=\"text-align: justify\"><span style=\"font-family: arial, helvetica, sans-serif;font-size: 14px\">A Biblioteca Pedag&oacute;gica, instrumento da Secretaria de Educa&ccedil;&atilde;o, est&aacute; ampliando o acervo de literatura infantojuvenil com livros sobre o meio ambiente e educa&ccedil;&atilde;o ambiental. A inten&ccedil;&atilde;o &eacute; sensibilizar os estudantes sobre a import&acirc;ncia da natureza, viabilizando meios para expandir as possibilidades de constru&ccedil;&atilde;o de conhecimento.&nbsp;<\/span><\/p>\n<p style=\"text-align: justify\"><span style=\"font-family: arial, helvetica, sans-serif;font-size: 14px\">O objetivo &eacute; formar um acervo voltado para a educa&ccedil;&atilde;o ambiental, possibilitando aos alunos conhecerem assuntos complexos de forma l&uacute;dica, assim como, despert&aacute;-los para a forma&ccedil;&atilde;o cr&iacute;tica e leitora.&nbsp;<\/span><\/p>\n<p style=\"text-align: justify\"><span style=\"font-family: arial, helvetica, sans-serif;font-size: 14px\">Al&eacute;m disso, a biblioteca tem o prop&oacute;sito de garantir ao p&uacute;blico, especialmente &agrave;s crian&ccedil;as e aos adolescentes, maior diversidade liter&aacute;ria, e os livros de literatura s&atilde;o sempre um caminho para a abordagem de temas distintos de forma did&aacute;tica, leve e divertida, facilitando a conscientiza&ccedil;&atilde;o das crian&ccedil;as sobre pautas atuais a fim de oportunizar o aprendizado, colaborando com o desenvolvimento da consci&ecirc;ncia para que compreendam a necessidade de defenderem a sobreviv&ecirc;ncia do planeta. O intuito &eacute; transformar o cuidado com o planeta Terra em parte da vida cotidiana.&nbsp;<\/span><\/p>\n<p style=\"text-align: justify\"><span style=\"font-size: 14px;font-family: arial, helvetica, sans-serif\">O acervo liter&aacute;rio com foco em educa&ccedil;&atilde;o ambiental tem in&iacute;cio com a doa&ccedil;&atilde;o de 300 livros da cole&ccedil;&atilde;o Manual dos Bichos, uma s&eacute;rie que tem a inten&ccedil;&atilde;o de apresentar 27 animais de cada bioma nacional. Os livros, com autoria e ilustra&ccedil;&otilde;es de Manu Alves e Rafa Mayer, apresentam a riqueza da fauna e dos biomas brasileiros: Pantanal, Mata Atl&acirc;ntica, Caatinga e Cerrado. O primeiro livro publicado foi o Manual dos Bichos &#8211; Pantanal, seguido dos outros t&iacute;tulos Mata Atl&acirc;ntica, Caatinga e, em julho deste ano, ser&aacute; publicado o Manual dos Bichos &ndash; Cerrado. A colet&acirc;nea ainda ter&aacute; as obras dos demais biomas: Pampa, com previs&atilde;o para novembro de 2024, e Amaz&ocirc;nia, para o primeiro semestre de 2025.<\/span><\/p>\n<p style=\"text-align: justify\"><span style=\"font-family: arial, helvetica, sans-serif;font-size: 14px\">Os livros apresentam uma diversidade de animais desconhecidos da fauna brasileira como, por exemplo, o colhereiro, ave pantaneira que tem esse nome devido ao bico em formato de colher. A proposta dos livros &eacute; possibilitar o acesso &agrave;s informa&ccedil;&otilde;es, a partir de ampla pesquisa cient&iacute;fica e refer&ecirc;ncias visuais, sobretudo, fotografias da fauna e flora dos diferentes biomas brasileiros.<\/span><\/p>\n<p><span style=\"font-family: arial, helvetica, sans-serif;font-size: 14px\">A Emeief Prof&ordf; Maria Ap. De Luca Moore foi contemplada, por meio deste projeto de aquisi&ccedil;&atilde;o da cole&ccedil;&atilde;o Manual dos Bichos, com 180 livros com os t&iacute;tulos dos biomas Pantanal, Mata Atl&acirc;ntica e Caatinga. As obras est&atilde;o sendo trabalhadas em projetos de leitura na escola e na biblioteca e, a partir da amplia&ccedil;&atilde;o de repert&oacute;rio, os estudantes est&atilde;o produzindo material para a Feira do Conhecimento, que acontecer&aacute; nos dias 28 e 29 de junho na unidade escolar, bem como, todo o material da 3&ordf; edi&ccedil;&atilde;o do jornal da Biblioteca Pedag&oacute;gica, publica&ccedil;&atilde;o especial sobre o meio ambiente.<\/span><br \/><span style=\"font-family: arial, helvetica, sans-serif;font-size: 14px\">&nbsp;<\/span><br \/><span style=\"font-family: arial, helvetica, sans-serif;font-size: 14px\"><strong>SOBRE OS ARTISTAS<\/strong><\/span><br \/><span style=\"font-family: arial, helvetica, sans-serif;font-size: 14px\"><strong>Manu Alves<\/strong><\/span><br \/><span style=\"font-family: arial, helvetica, sans-serif;font-size: 14px\">Manu &eacute; artista visual e escritora, cursou a Escola de Belas Artes da UFRJ, entre 2008 e 2011. Al&eacute;m de ser uma contadora de hist&oacute;rias nata, &eacute; autora dos livros da cole&ccedil;&atilde;o Manual dos Bichos e de outros que ainda lan&ccedil;ar&aacute;. Desde 2017, atende clientes em seu est&uacute;dio de cria&ccedil;&atilde;o chamado Manual Design, oferecendo pinturas art&iacute;sticas, ilustra&ccedil;&otilde;es e pap&eacute;is de parede para os mais diversos projetos. Quando cresceu, Manu levou consigo algumas coisas de quando era pequena: o amor pela natureza, a imagina&ccedil;&atilde;o de crian&ccedil;a e uma vontade enorme de fazer coisas pra compartilhar conhecimento e felicidade.<\/span><br \/><span style=\"font-family: arial, helvetica, sans-serif;font-size: 14px\">&nbsp;<\/span><br \/><span style=\"font-family: arial, helvetica, sans-serif;font-size: 14px\"><strong>Rafael Mayer<\/strong><\/span><br \/><span style=\"font-family: arial, helvetica, sans-serif;font-size: 14px\">&Eacute; artista visual, mestrando no Programa de P&oacute;s-Gradua&ccedil;&atilde;o em Estudos Contempor&acirc;neos das Artes da UFF. Engenheiro florestal, formado pela UFRRJ, artista hiperativo, cheio de emo&ccedil;&atilde;o, e designer de cora&ccedil;&atilde;o. Desenvolve trabalhos em ilustra&ccedil;&atilde;o e design no est&uacute;dio de cria&ccedil;&atilde;o Manual Design, ao lado de Manu Alves. Juntos, publicaram os livros da cole&ccedil;&atilde;o Manual dos Bichos.&nbsp;<\/span><\/p>\n<p><br \/>\n<br \/><a href=\"https:\/\/limeira.sp.gov.br\/biblioteca-pedagogica-inicia-acervo-com-foco-em-educacao-ambiental\" rel=\"noopener\">Informa\u00e7\u00f5es da PML <\/a><\/p>\n","protected":false},"excerpt":{"rendered":"<p>A Biblioteca Pedag&oacute;gica, instrumento da Secretaria de Educa&ccedil;&atilde;o, est&aacute; ampliando o acervo de literatura infantojuvenil com livros sobre o meio ambiente e educa&ccedil;&atilde;o ambiental. A inten&ccedil;&atilde;o &eacute; sensibilizar os estudantes sobre a import&acirc;ncia da natureza, viabilizando meios para expandir as possibilidades de constru&ccedil;&atilde;o de conhecimento.&nbsp; O objetivo &eacute; formar um acervo voltado para a educa&ccedil;&atilde;o [&hellip;]<\/p>\n","protected":false},"author":1,"featured_media":8655,"comment_status":"open","ping_status":"open","sticky":false,"template":"","format":"standard","meta":{"_jetpack_newsletter_access":"","_jetpack_dont_email_post_to_subs":false,"_jetpack_newsletter_tier_id":0,"_jetpack_memberships_contains_paywalled_content":false,"_mbp_banners":[],"_jetpack_feature_clip_id":0,"_jetpack_memberships_contains_paid_content":false,"footnotes":"","jetpack_publicize_message":"","jetpack_publicize_feature_enabled":true,"jetpack_social_post_already_shared":true,"jetpack_social_options":{"image_generator_settings":{"template":"highway","default_image_id":0,"font":"","enabled":false},"version":2},"jetpack_post_was_ever_published":false},"categories":[16],"tags":[],"class_list":["post-8654","post","type-post","status-publish","format-standard","has-post-thumbnail","category-local"],"jetpack_publicize_connections":[],"jetpack-related-posts":[],"jetpack_shortlink":"https:\/\/wp.me\/p7Eq1F-2fA","jetpack_sharing_enabled":true,"jetpack_featured_media_url":"https:\/\/i0.wp.com\/guialimeira.com.br\/news\/wp-content\/uploads\/2024\/06\/m_137_0_1_19062024164805.jpeg?fit=900%2C900&ssl=1","_links":{"self":[{"href":"https:\/\/guialimeira.com.br\/news\/wp-json\/wp\/v2\/posts\/8654","targetHints":{"allow":["GET"]}}],"collection":[{"href":"https:\/\/guialimeira.com.br\/news\/wp-json\/wp\/v2\/posts"}],"about":[{"href":"https:\/\/guialimeira.com.br\/news\/wp-json\/wp\/v2\/types\/post"}],"author":[{"embeddable":true,"href":"https:\/\/guialimeira.com.br\/news\/wp-json\/wp\/v2\/users\/1"}],"replies":[{"embeddable":true,"href":"https:\/\/guialimeira.com.br\/news\/wp-json\/wp\/v2\/comments?post=8654"}],"version-history":[{"count":0,"href":"https:\/\/guialimeira.com.br\/news\/wp-json\/wp\/v2\/posts\/8654\/revisions"}],"wp:featuredmedia":[{"embeddable":true,"href":"https:\/\/guialimeira.com.br\/news\/wp-json\/wp\/v2\/media\/8655"}],"wp:attachment":[{"href":"https:\/\/guialimeira.com.br\/news\/wp-json\/wp\/v2\/media?parent=8654"}],"wp:term":[{"taxonomy":"category","embeddable":true,"href":"https:\/\/guialimeira.com.br\/news\/wp-json\/wp\/v2\/categories?post=8654"},{"taxonomy":"post_tag","embeddable":true,"href":"https:\/\/guialimeira.com.br\/news\/wp-json\/wp\/v2\/tags?post=8654"}],"curies":[{"name":"wp","href":"https:\/\/api.w.org\/{rel}","templated":true}]}}