{"id":8649,"date":"2024-06-19T16:44:46","date_gmt":"2024-06-19T19:44:46","guid":{"rendered":"https:\/\/guialimeira.com.br\/2024\/06\/19\/vice-prefeita-participa-de-inauguracao-de-sistema-de-energia-solar-na-policia-militar\/"},"modified":"2024-06-19T16:44:46","modified_gmt":"2024-06-19T19:44:46","slug":"vice-prefeita-participa-de-inauguracao-de-sistema-de-energia-solar-na-policia-militar","status":"publish","type":"post","link":"https:\/\/guialimeira.com.br\/news\/vice-prefeita-participa-de-inauguracao-de-sistema-de-energia-solar-na-policia-militar\/","title":{"rendered":"Vice-prefeita participa de inaugura\u00e7\u00e3o de sistema de energia solar na Pol\u00edcia Militar"},"content":{"rendered":"<p> <br \/>\n<br \/><img data-recalc-dims=\"1\" decoding=\"async\" src=\"https:\/\/i0.wp.com\/ecrie.com.br\/sistema\/conteudos\/imagem\/m_137_0_2_19062024163901.jpg?w=696&#038;ssl=1\" \/><\/p>\n<p style=\"text-align: justify\">A vice-prefeita Erika Tank participou, nesta quarta-feira (19), da inaugura&ccedil;&atilde;o do sistema solar fotovoltaico instalado no 36&ordm; Batalh&atilde;o da Pol&iacute;cia Militar de Limeira. A iniciativa &eacute; uma parceria da Pol&iacute;cia Militar com a Neoenergia Elektro, concession&aacute;ria de energia de Limeira. Instalado no batalh&atilde;o desde outubro de 2023, o sistema j&aacute; resultou em 85% de economia no consumo de energia.<\/p>\n<p style=\"text-align: justify\">&ldquo;Parab&eacute;ns &agrave; Pol&iacute;cia Militar e &agrave; Neoenergia Elektro. As parcerias entre as institui&ccedil;&otilde;es p&uacute;blicas e a iniciativa privada s&atilde;o fundamentais pois beneficiam toda a popula&ccedil;&atilde;o. Em especial, nesse caso, com a&ccedil;&otilde;es que buscam o desenvolvimento sustent&aacute;vel, que tamb&eacute;m tem sido uma importante marca da nossa administra&ccedil;&atilde;o. Hoje, oito escolas da rede municipal contam com esse mesmo sistema&rdquo;, afirmou a vice-prefeita.<\/p>\n<p style=\"text-align: justify\">O investimento na tecnologia, que faz parte do Programa de Efici&ecirc;ncia Energ&eacute;tica (PEE), &eacute; de R$ 462 mil. Ele permite que toda a demanda de energia el&eacute;trica seja suprida. J&aacute; o excedente, &eacute; injetado na rede de energia. Segundo a concession&aacute;ria, a tecnologia tamb&eacute;m est&aacute; presente nos campi da Unicamp, em escolas estaduais e municipais e no pr&eacute;dio do Tribunal de Justi&ccedil;a.<\/p>\n<p style=\"text-align: justify\">A cerim&ocirc;nia foi conduzida pelo comandante do Batalh&atilde;o, tenente-coronel Alexandre Luiz Bergamasco Pedro, e contou com a presen&ccedil;a de autoridades de Limeira e da regi&atilde;o. O coronel Rodrigo Eval Arena, respons&aacute;vel pelo Comando do Policiamento do Interior 9 (CPI-9), e o gerente de rela&ccedil;&otilde;es institucionais da Neoenergia, F&aacute;bio Costa, tamb&eacute;m estiveram presentes.<\/p>\n<p style=\"text-align: justify\"><strong>ESCOLAS MUNICIPAIS<\/strong><\/p>\n<p style=\"text-align: justify\">O sistema de energia solar est&aacute; instalado nas escolas municipais Prof&ordf; Hilda Maria Cassarotti Hafliger, Aldo Jos&eacute; K&uuml;hl, Prof&ordf; M&aacute;rcia Ap. Della Colleta Sillmann, Prof&ordf; Benedicta de Toledo, Prof. Jos&eacute; Carvalho Ferreira, Prof&ordf; Maria Paulina Rodrigues Provinciatto, Jos&eacute; Justino Castilho e Prof&ordf; Mariana Seleghin Pereira. A estimativa &eacute; de uma economia de 60% no consumo de energia.<\/p>\n<p><br \/>\n<br \/><a href=\"https:\/\/limeira.sp.gov.br\/vice-prefeita-participa-de-inauguracao-de-sistema-de-energia-solar-na-policia-militar\" rel=\"noopener\">Informa\u00e7\u00f5es da PML <\/a><\/p>\n","protected":false},"excerpt":{"rendered":"<p>A vice-prefeita Erika Tank participou, nesta quarta-feira (19), da inaugura&ccedil;&atilde;o do sistema solar fotovoltaico instalado no 36&ordm; Batalh&atilde;o da Pol&iacute;cia Militar de Limeira. A iniciativa &eacute; uma parceria da Pol&iacute;cia Militar com a Neoenergia Elektro, concession&aacute;ria de energia de Limeira. Instalado no batalh&atilde;o desde outubro de 2023, o sistema j&aacute; resultou em 85% de economia [&hellip;]<\/p>\n","protected":false},"author":1,"featured_media":8650,"comment_status":"open","ping_status":"open","sticky":false,"template":"","format":"standard","meta":{"_jetpack_newsletter_access":"","_jetpack_dont_email_post_to_subs":false,"_jetpack_newsletter_tier_id":0,"_jetpack_memberships_contains_paywalled_content":false,"_mbp_banners":[],"_jetpack_feature_clip_id":0,"_jetpack_memberships_contains_paid_content":false,"footnotes":"","jetpack_publicize_message":"","jetpack_publicize_feature_enabled":true,"jetpack_social_post_already_shared":true,"jetpack_social_options":{"image_generator_settings":{"template":"highway","default_image_id":0,"font":"","enabled":false},"version":2},"jetpack_post_was_ever_published":false},"categories":[16],"tags":[],"class_list":["post-8649","post","type-post","status-publish","format-standard","has-post-thumbnail","category-local"],"jetpack_publicize_connections":[],"jetpack-related-posts":[],"jetpack_shortlink":"https:\/\/wp.me\/p7Eq1F-2fv","jetpack_sharing_enabled":true,"jetpack_featured_media_url":"https:\/\/i0.wp.com\/guialimeira.com.br\/news\/wp-content\/uploads\/2024\/06\/m_137_0_2_19062024163901.jpg?fit=1280%2C852&ssl=1","_links":{"self":[{"href":"https:\/\/guialimeira.com.br\/news\/wp-json\/wp\/v2\/posts\/8649","targetHints":{"allow":["GET"]}}],"collection":[{"href":"https:\/\/guialimeira.com.br\/news\/wp-json\/wp\/v2\/posts"}],"about":[{"href":"https:\/\/guialimeira.com.br\/news\/wp-json\/wp\/v2\/types\/post"}],"author":[{"embeddable":true,"href":"https:\/\/guialimeira.com.br\/news\/wp-json\/wp\/v2\/users\/1"}],"replies":[{"embeddable":true,"href":"https:\/\/guialimeira.com.br\/news\/wp-json\/wp\/v2\/comments?post=8649"}],"version-history":[{"count":0,"href":"https:\/\/guialimeira.com.br\/news\/wp-json\/wp\/v2\/posts\/8649\/revisions"}],"wp:featuredmedia":[{"embeddable":true,"href":"https:\/\/guialimeira.com.br\/news\/wp-json\/wp\/v2\/media\/8650"}],"wp:attachment":[{"href":"https:\/\/guialimeira.com.br\/news\/wp-json\/wp\/v2\/media?parent=8649"}],"wp:term":[{"taxonomy":"category","embeddable":true,"href":"https:\/\/guialimeira.com.br\/news\/wp-json\/wp\/v2\/categories?post=8649"},{"taxonomy":"post_tag","embeddable":true,"href":"https:\/\/guialimeira.com.br\/news\/wp-json\/wp\/v2\/tags?post=8649"}],"curies":[{"name":"wp","href":"https:\/\/api.w.org\/{rel}","templated":true}]}}