{"id":8627,"date":"2024-06-19T11:39:36","date_gmt":"2024-06-19T14:39:36","guid":{"rendered":"https:\/\/guialimeira.com.br\/2024\/06\/19\/exibicao-de-video-arte-mais-de-meio-caminho-andado-acontece-nesta-sexta-21\/"},"modified":"2024-06-19T11:39:36","modified_gmt":"2024-06-19T14:39:36","slug":"exibicao-de-video-arte-mais-de-meio-caminho-andado-acontece-nesta-sexta-21","status":"publish","type":"post","link":"https:\/\/guialimeira.com.br\/news\/exibicao-de-video-arte-mais-de-meio-caminho-andado-acontece-nesta-sexta-21\/","title":{"rendered":"Exibi\u00e7\u00e3o de v\u00eddeo-arte \u201cMais de Meio Caminho Andado\u201d acontece nesta sexta (21)"},"content":{"rendered":"<p> <br \/>\n<br \/><img data-recalc-dims=\"1\" decoding=\"async\" src=\"https:\/\/i0.wp.com\/ecrie.com.br\/sistema\/conteudos\/imagem\/m_137_0_1_19062024112511.jpeg?w=696&#038;ssl=1\" \/><\/p>\n<p dir=\"ltr\" style=\"text-align: justify\">Nesta sexta-feira (21), acontece a exibi&ccedil;&atilde;o do v&iacute;deo-arte &ldquo;Mais de Meio Caminho Andado&rdquo;, na Faculdade de Adm e Artes de Limeira (FAAL), &agrave;s 19h. O v&iacute;deo apresenta mulheres que foram se encontrando pelos caminhos da vida. Ap&oacute;s a exibi&ccedil;&atilde;o haver&aacute; uma palestra com a psic&oacute;loga Tamara Soares. O projeto &eacute; contemplado pela Lei Paulo Gustavo&nbsp;do Minist&eacute;rio da Cultura e Prefeitura de Limeira,&nbsp;atrav&eacute;s da Secretaria de Cultura.<\/p>\n<p dir=\"ltr\" style=\"text-align: justify\">O document&aacute;rio traz uma proposta po&eacute;tica, mostrando mulheres que trazem suas pr&oacute;prias bagagens, leituras de mundos, valores e sentimentos, desbravando estradas&nbsp;que h&aacute; pouco&nbsp;tempo n&atilde;o era lugar de mulher. O projeto, experimental e h&iacute;brido, apresenta um ensaio onde as imagens, depoimentos e sons criam uma malha fina e delicada sobre sobre o caminhar pela terra vermelha do nosso interior.<\/p>\n<p dir=\"ltr\" style=\"text-align: justify\">A psic&oacute;loga Tamara Soares contar&aacute; relatos do surgimento da ideia a partir da reflex&atilde;o sobre a necessidade de, fisicamente e metaforicamente, nos colocarmos em movimento e continuarmos caminhando em meio &agrave; dor.<\/p>\n<p dir=\"ltr\" style=\"text-align: justify\">A &nbsp;FAAL fica na Aveninda Antonio Lucato, 2515 &#8211; Vila Camargo.<\/p>\n<p><br \/>\n<br \/><a href=\"https:\/\/limeira.sp.gov.br\/exibicao-de-video-arte-mais-de-meio-caminho-andado-acontece-nesta-sexta-21\" rel=\"noopener\">Informa\u00e7\u00f5es da PML <\/a><\/p>\n","protected":false},"excerpt":{"rendered":"<p>Nesta sexta-feira (21), acontece a exibi&ccedil;&atilde;o do v&iacute;deo-arte &ldquo;Mais de Meio Caminho Andado&rdquo;, na Faculdade de Adm e Artes de Limeira (FAAL), &agrave;s 19h. O v&iacute;deo apresenta mulheres que foram se encontrando pelos caminhos da vida. Ap&oacute;s a exibi&ccedil;&atilde;o haver&aacute; uma palestra com a psic&oacute;loga Tamara Soares. O projeto &eacute; contemplado pela Lei Paulo Gustavo&nbsp;do [&hellip;]<\/p>\n","protected":false},"author":1,"featured_media":8628,"comment_status":"open","ping_status":"open","sticky":false,"template":"","format":"standard","meta":{"_jetpack_newsletter_access":"","_jetpack_dont_email_post_to_subs":false,"_jetpack_newsletter_tier_id":0,"_jetpack_memberships_contains_paywalled_content":false,"_mbp_banners":[],"_jetpack_feature_clip_id":0,"_jetpack_memberships_contains_paid_content":false,"footnotes":"","jetpack_publicize_message":"","jetpack_publicize_feature_enabled":true,"jetpack_social_post_already_shared":true,"jetpack_social_options":{"image_generator_settings":{"template":"highway","default_image_id":0,"font":"","enabled":false},"version":2},"jetpack_post_was_ever_published":false},"categories":[16],"tags":[],"class_list":["post-8627","post","type-post","status-publish","format-standard","has-post-thumbnail","category-local"],"jetpack_publicize_connections":[],"jetpack-related-posts":[],"jetpack_shortlink":"https:\/\/wp.me\/p7Eq1F-2f9","jetpack_sharing_enabled":true,"jetpack_featured_media_url":"https:\/\/i0.wp.com\/guialimeira.com.br\/news\/wp-content\/uploads\/2024\/06\/m_137_0_1_19062024112511.jpeg?fit=900%2C900&ssl=1","_links":{"self":[{"href":"https:\/\/guialimeira.com.br\/news\/wp-json\/wp\/v2\/posts\/8627","targetHints":{"allow":["GET"]}}],"collection":[{"href":"https:\/\/guialimeira.com.br\/news\/wp-json\/wp\/v2\/posts"}],"about":[{"href":"https:\/\/guialimeira.com.br\/news\/wp-json\/wp\/v2\/types\/post"}],"author":[{"embeddable":true,"href":"https:\/\/guialimeira.com.br\/news\/wp-json\/wp\/v2\/users\/1"}],"replies":[{"embeddable":true,"href":"https:\/\/guialimeira.com.br\/news\/wp-json\/wp\/v2\/comments?post=8627"}],"version-history":[{"count":0,"href":"https:\/\/guialimeira.com.br\/news\/wp-json\/wp\/v2\/posts\/8627\/revisions"}],"wp:featuredmedia":[{"embeddable":true,"href":"https:\/\/guialimeira.com.br\/news\/wp-json\/wp\/v2\/media\/8628"}],"wp:attachment":[{"href":"https:\/\/guialimeira.com.br\/news\/wp-json\/wp\/v2\/media?parent=8627"}],"wp:term":[{"taxonomy":"category","embeddable":true,"href":"https:\/\/guialimeira.com.br\/news\/wp-json\/wp\/v2\/categories?post=8627"},{"taxonomy":"post_tag","embeddable":true,"href":"https:\/\/guialimeira.com.br\/news\/wp-json\/wp\/v2\/tags?post=8627"}],"curies":[{"name":"wp","href":"https:\/\/api.w.org\/{rel}","templated":true}]}}