{"id":8623,"date":"2024-06-19T10:36:36","date_gmt":"2024-06-19T13:36:36","guid":{"rendered":"https:\/\/guialimeira.com.br\/2024\/06\/19\/selo-verde-ajudara-a-neoindustrializacao-do-brasil-diz-alckmin\/"},"modified":"2024-06-19T10:36:36","modified_gmt":"2024-06-19T13:36:36","slug":"selo-verde-ajudara-a-neoindustrializacao-do-brasil-diz-alckmin","status":"publish","type":"post","link":"https:\/\/guialimeira.com.br\/news\/selo-verde-ajudara-a-neoindustrializacao-do-brasil-diz-alckmin\/","title":{"rendered":"Selo Verde ajudar\u00e1 a neoindustrializa\u00e7\u00e3o do Brasil, diz Alckmin"},"content":{"rendered":"<p> <br \/>\n<\/p>\n<div>\n<p>O Programa Selo Verde Brasil, institu\u00eddo pelo decreto 12.063 publicado ontem (18) no <em>Di\u00e1rio Oficial da Uni\u00e3o<\/em>, que prev\u00ea a identifica\u00e7\u00e3o de produtos e servi\u00e7os com os princ\u00edpios de sustentabilidade, vai contribuir para a promo\u00e7\u00e3o da neoindustrializa\u00e7\u00e3o nacional, estimulando o crescimento da economia verde, do mercado de produtos sustent\u00e1veis e ainda, promovendo a inova\u00e7\u00e3o e a economia circular no pa\u00eds, disse o ministro do Desenvolvimento, Ind\u00fastria e Com\u00e9rcio Exterior (MDIC) e vice-presidente Geraldo Alckmin.\u00a0<img data-recalc-dims=\"1\" decoding=\"async\" src=\"https:\/\/i0.wp.com\/agenciabrasil.ebc.com.br\/ebc.png?w=696&#038;ssl=1\" style=\"width:1px; height:1px; display:inline;\"\/><img data-recalc-dims=\"1\" decoding=\"async\" src=\"https:\/\/i0.wp.com\/agenciabrasil.ebc.com.br\/ebc.gif?w=696&#038;ssl=1\" style=\"width:1px; height:1px; display:inline;\"\/><\/p>\n<p>Segundo ele, o programa ser\u00e1 coordenado pelo MDIC e o Selo Verde ser\u00e1 volunt\u00e1rio e poder\u00e1 ser obtido para produtos que atendam aos crit\u00e9rios de sustentabilidade socioambiental a serem definidos em norma t\u00e9cnica elaborada pela Associa\u00e7\u00e3o Brasileira de Normas T\u00e9cnicas (ABNT). Poder\u00e3o ser inclu\u00eddos, por exemplo, crit\u00e9rios relacionados \u00e0 rastreabilidade da produ\u00e7\u00e3o, pegadas de carbono, res\u00edduos s\u00f3lidos e efici\u00eancia energ\u00e9tica. O Selo Verde Brasil ser\u00e1 concedido por certificadoras que ser\u00e3o acreditadas pelo Inmetro \u00a0ao Instituto Nacional de Metrologia, Qualidade e Tecnologia (Inmetro). A iniciativa contribuir\u00e1 ainda com a redu\u00e7\u00e3o de custos do processo produtivo e diminui\u00e7\u00e3o ou at\u00e9 mesmo elimina\u00e7\u00e3o de m\u00faltiplas certifica\u00e7\u00f5es.<\/p>\n<p>\u201cEssa \u00e9 uma iniciativa que acompanha a tend\u00eancia mundial de qualifica\u00e7\u00e3o de produtos e servi\u00e7os atendendo a crit\u00e9rios sociais e ambientais.\u00a0 \u00a0Estamos refor\u00e7ando nosso compromisso com o fomento \u00e0 economia verde, um dos pilares da Nova Ind\u00fastria Brasil\u201d, afirma o vice-presidente e ministro do MDIC, Geraldo Alckmin. \u201cPrecisamos preparar nosso mercado, nacional e internacionalmente, para as exig\u00eancias da transforma\u00e7\u00e3o ecol\u00f3gica, trabalhando na consolida\u00e7\u00e3o da cultura de consumo de produtos e servi\u00e7os sustent\u00e1veis\u201d, concluiu.<\/p>\n<p>De acordo com o secret\u00e1rio de Economia Verde, Descarboniza\u00e7\u00e3o e Bioind\u00fastria do MDIC, Rodrigo Rollemberg, n\u00e3o se trata apenas de um programa de rotulagem. \u201c\u00c9 uma estrat\u00e9gia nacional para o desenvolvimento e o crescimento do setor produtivo de maneira sustent\u00e1vel\u201d, afirmou.\u00a0\u00a0 Para o secret\u00e1rio, com a certifica\u00e7\u00e3o dos produtos, o pa\u00eds ter\u00e1 uma condi\u00e7\u00e3o competitiva que elevar\u00e1 o pa\u00eds ao papel de lideran\u00e7a mundial do ponto de vista da economia verde.<\/p>\n<p>O Selo Verde Brasil ser\u00e1 confeccionado em conson\u00e2ncia com os padr\u00f5es nacionais e internacionais, assegurando a reciprocidade, a coopera\u00e7\u00e3o regulat\u00f3ria e o reconhecimento m\u00fatuo com os demais pa\u00edses, al\u00e9m de ser compat\u00edvel com os demais instrumentos de fomento \u00e0 transi\u00e7\u00e3o energ\u00e9tica, ecol\u00f3gica e economia sustent\u00e1vel nacionais, como a Nova Ind\u00fastria Brasil (NIB), o Plano de Transforma\u00e7\u00e3o Ecol\u00f3gica, entre outros.<\/p>\n<p>O Programa contemplar\u00e1 assist\u00eancia t\u00e9cnica e capacita\u00e7\u00e3o para as empresas participantes adaptarem o seu processo produtivo aos novos crit\u00e9rios. A Ag\u00eancia Brasileira de Desenvolvimento Industrial (ABDI) e o Servi\u00e7o Brasileiro de Apoio \u00e0s Micro e Pequenas Empresas (Sebrae) ser\u00e3o os principais parceiros para essa a\u00e7\u00e3o. As pequenas e microempresas ser\u00e3o contempladas pelo Programa.<\/p>\n<p>Uma portaria do MDIC ir\u00e1 criar os Comit\u00eas Gestor e Consultivo do Programa. O Comit\u00ea Gestor ser\u00e1 respons\u00e1vel pela operacionaliza\u00e7\u00e3o do Programa, enquanto o Consultivo ser\u00e1 o espa\u00e7o de di\u00e1logo entre o setor p\u00fablico e o privado para constru\u00e7\u00e3o conjunta das iniciativas. Os comit\u00eas ir\u00e3o elaborar\u00a0as diretrizes, assim como estabelecer os produtos e servi\u00e7os priorit\u00e1rios do Programa, e encaminh\u00e1-los para a ABNT. A previs\u00e3o \u00e9 que as primeiras normas sejam publicadas at\u00e9 o primeiro semestre de 2025.<\/p>\n<\/p><\/div>\n<p><br \/>\n<br \/><a href=\"https:\/\/agenciabrasil.ebc.com.br\/economia\/noticia\/2024-06\/selo-verde-vai-ajudar-promover-neoindustrializacao-do-brasil\" rel=\"noopener\">Ag\u00eancia Brasil<\/a><\/p>\n","protected":false},"excerpt":{"rendered":"<p>O Programa Selo Verde Brasil, institu\u00eddo pelo decreto 12.063 publicado ontem (18) no Di\u00e1rio Oficial da Uni\u00e3o, que prev\u00ea a identifica\u00e7\u00e3o de produtos e servi\u00e7os com os princ\u00edpios de sustentabilidade, vai contribuir para a promo\u00e7\u00e3o da neoindustrializa\u00e7\u00e3o nacional, estimulando o crescimento da economia verde, do mercado de produtos sustent\u00e1veis e ainda, promovendo a inova\u00e7\u00e3o e [&hellip;]<\/p>\n","protected":false},"author":1,"featured_media":8624,"comment_status":"open","ping_status":"open","sticky":false,"template":"","format":"standard","meta":{"_jetpack_newsletter_access":"","_jetpack_dont_email_post_to_subs":false,"_jetpack_newsletter_tier_id":0,"_jetpack_memberships_contains_paywalled_content":false,"_mbp_banners":[],"_jetpack_feature_clip_id":0,"_jetpack_memberships_contains_paid_content":false,"footnotes":"","jetpack_publicize_message":"","jetpack_publicize_feature_enabled":true,"jetpack_social_post_already_shared":true,"jetpack_social_options":{"image_generator_settings":{"template":"highway","default_image_id":0,"font":"","enabled":false},"version":2},"jetpack_post_was_ever_published":false},"categories":[24],"tags":[],"class_list":["post-8623","post","type-post","status-publish","format-standard","has-post-thumbnail","category-economia"],"jetpack_publicize_connections":[],"jetpack-related-posts":[],"jetpack_shortlink":"https:\/\/wp.me\/p7Eq1F-2f5","jetpack_sharing_enabled":true,"jetpack_featured_media_url":"https:\/\/i0.wp.com\/guialimeira.com.br\/news\/wp-content\/uploads\/2024\/06\/vac_abr2304246517.jpg?fit=1600%2C800&ssl=1","_links":{"self":[{"href":"https:\/\/guialimeira.com.br\/news\/wp-json\/wp\/v2\/posts\/8623","targetHints":{"allow":["GET"]}}],"collection":[{"href":"https:\/\/guialimeira.com.br\/news\/wp-json\/wp\/v2\/posts"}],"about":[{"href":"https:\/\/guialimeira.com.br\/news\/wp-json\/wp\/v2\/types\/post"}],"author":[{"embeddable":true,"href":"https:\/\/guialimeira.com.br\/news\/wp-json\/wp\/v2\/users\/1"}],"replies":[{"embeddable":true,"href":"https:\/\/guialimeira.com.br\/news\/wp-json\/wp\/v2\/comments?post=8623"}],"version-history":[{"count":0,"href":"https:\/\/guialimeira.com.br\/news\/wp-json\/wp\/v2\/posts\/8623\/revisions"}],"wp:featuredmedia":[{"embeddable":true,"href":"https:\/\/guialimeira.com.br\/news\/wp-json\/wp\/v2\/media\/8624"}],"wp:attachment":[{"href":"https:\/\/guialimeira.com.br\/news\/wp-json\/wp\/v2\/media?parent=8623"}],"wp:term":[{"taxonomy":"category","embeddable":true,"href":"https:\/\/guialimeira.com.br\/news\/wp-json\/wp\/v2\/categories?post=8623"},{"taxonomy":"post_tag","embeddable":true,"href":"https:\/\/guialimeira.com.br\/news\/wp-json\/wp\/v2\/tags?post=8623"}],"curies":[{"name":"wp","href":"https:\/\/api.w.org\/{rel}","templated":true}]}}