{"id":862,"date":"2024-04-03T20:35:44","date_gmt":"2024-04-03T23:35:44","guid":{"rendered":"https:\/\/guialimeira.com.br\/2024\/04\/03\/programa-do-governo-visa-aumentar-a-diversidade-na-aviacao-civil\/"},"modified":"2024-04-03T20:35:44","modified_gmt":"2024-04-03T23:35:44","slug":"programa-do-governo-visa-aumentar-a-diversidade-na-aviacao-civil","status":"publish","type":"post","link":"https:\/\/guialimeira.com.br\/news\/programa-do-governo-visa-aumentar-a-diversidade-na-aviacao-civil\/","title":{"rendered":"Programa do governo visa aumentar a diversidade na avia\u00e7\u00e3o civil"},"content":{"rendered":"<p> <br \/>\n<\/p>\n<div>\n<p>Ag\u00eancia Nacional de Avia\u00e7\u00e3o Civil (Anac) e o Minist\u00e9rio de Portos e Aeroportos lan\u00e7aram nesta quarta-feira (3)\u00a0o programa Asas para Todos, com o objetivo de aumentar a diversidade e a inclus\u00e3o no setor a\u00e9reo brasileiro. O programa prev\u00ea 16 projetos, como a parceria com universidades para capacita\u00e7\u00e3o de profissionais e a oferta de bolsas para forma\u00e7\u00e3o de pilotos e mec\u00e2nicos de manuten\u00e7\u00e3o, com prioridade para pessoas com baixa renda e mulheres.\u00a0\u00a0<img data-recalc-dims=\"1\" decoding=\"async\" src=\"https:\/\/i0.wp.com\/agenciabrasil.ebc.com.br\/ebc.png?w=696&#038;ssl=1\" style=\"width:1px; height:1px; display:inline;\"\/><img data-recalc-dims=\"1\" decoding=\"async\" src=\"https:\/\/i0.wp.com\/agenciabrasil.ebc.com.br\/ebc.gif?w=696&#038;ssl=1\" style=\"width:1px; height:1px; display:inline;\"\/><\/p>\n<p>Segundo a Anac, o custo de forma\u00e7\u00e3o de um piloto privado \u00e9 de R$ 45 mil e de um piloto comercial \u00e9 de R$ 120 mil. \u201cComparando isso com a renda per capita, a gente v\u00ea que, infelizmente, a forma\u00e7\u00e3o no setor a\u00e9reo \u00e9\u00a0um entrave para mais de 80% dos brasileiros, e isso se reflete na composi\u00e7\u00e3o dos nosso profissionais\u201d, disse o diretor-presidente substituto da Anac, Tiago Pereira<\/p>\n<div class=\"dnd-widget-wrapper context-cheio_8colunas type-image\">\n<div class=\"dnd-atom-rendered\"><!-- scald=379191:cheio_8colunas --><\/p>\n<div class=\"shadow overflow-hidden rounded-lg d-block w-100\">\n            <img data-recalc-dims=\"1\" decoding=\"async\" src=\"https:\/\/i0.wp.com\/agenciabrasil.ebc.com.br\/sites\/default\/files\/thumbnails\/image\/loading_v2.gif?w=696&#038;ssl=1\" data-echo=\"https:\/\/imagens.ebc.com.br\/OzBc800FgdIJW2BwZLR0292gXSU=\/754x0\/smart\/https:\/\/agenciabrasil.ebc.com.br\/sites\/default\/files\/thumbnails\/image\/2024\/04\/03\/vac_abr0304246397.jpg?itok=F-h8Wq4x\" alt=\"Bras\u00edlia, (DF) \u2013 03\/04\/2024 - \u00a0Presidente da ANAC, Tiago Pereira, participa do lan\u00e7amento do programa Asas para Todos. Foto Valter Campanato\/Ag\u00eancia Brasil.\" title=\"Valter Campanato\/Ag\u00eancia Brasil\" class=\"flex-fill img-cover\"\/><br \/>\n        <img data-recalc-dims=\"1\" decoding=\"async\" src=\"https:\/\/i0.wp.com\/imagens.ebc.com.br\/OzBc800FgdIJW2BwZLR0292gXSU%3D\/754x0\/smart\/https%3A\/\/agenciabrasil.ebc.com.br\/sites\/default\/files\/thumbnails\/image\/2024\/04\/03\/vac_abr0304246397.jpg?w=696&#038;ssl=1\" alt=\"Bras\u00edlia, (DF) \u2013 03\/04\/2024 - \u00a0Presidente da ANAC, Tiago Pereira, participa do lan\u00e7amento do programa Asas para Todos. Foto Valter Campanato\/Ag\u00eancia Brasil.\" title=\"Valter Campanato\/Ag\u00eancia Brasil\" class=\"flex-fill img-cover\"\/>\n    <\/div>\n<p><!-- END scald=379191 --><\/div>\n<p><h6 class=\"meta\">\u00a0Tiago Pereira ressalta que o valor da forma\u00e7\u00e3o no setor a\u00e9reo \u00e9 alto para a maioria dos brasileiros &#8211; <strong>Valter Campanato\/Ag\u00eancia Brasil<\/strong><!--END copyright=379191--><\/h6>\n<\/p>\n<\/div>\n<p>Em rela\u00e7\u00e3o \u00e0 diversidade de g\u00eanero, apenas 3,2% dos pilotos de avi\u00e3o e de helic\u00f3ptero s\u00e3o mulheres, e no caso de mec\u00e2nicos de manuten\u00e7\u00e3o aeron\u00e1utica, o percentual de profissionais femininos \u00e9 de 2,4%. \u201cAl\u00e9m de ser muita injusti\u00e7a, \u00e9 ineficiente a gente prescindir de metade da m\u00e3o de obra poss\u00edvel nesse setor, que \u00e9 t\u00e3o intensivo em capacita\u00e7\u00e3o e m\u00e3o de obra\u201d, avalia Pereira.\u00a0\u00a0<\/p>\n<p>Para o ministro de Portos e Aeroportos, Silvio Costa Filho, o programa ir\u00e1 levar cidadania aos aeroportos brasileiros. Ele pontuou que \u00e9 fundamental que as concession\u00e1rias possam se envolver no projeto, j\u00e1 que 95% dos aeroportos do pa\u00eds s\u00e3o geridos por elas.\u00a0<\/p>\n<div class=\"dnd-widget-wrapper context-cheio_8colunas type-image\">\n<div class=\"dnd-atom-rendered\"><!-- scald=379202:cheio_8colunas --><\/p>\n<div class=\"shadow overflow-hidden rounded-lg d-block w-100\">\n            <img data-recalc-dims=\"1\" decoding=\"async\" src=\"https:\/\/i0.wp.com\/agenciabrasil.ebc.com.br\/sites\/default\/files\/thumbnails\/image\/loading_v2.gif?w=696&#038;ssl=1\" data-echo=\"https:\/\/imagens.ebc.com.br\/6b9AM_k7BPLC-SXz1bqi9OeC65A=\/754x0\/smart\/https:\/\/agenciabrasil.ebc.com.br\/sites\/default\/files\/thumbnails\/image\/2024\/04\/03\/vac_abr0304246408.jpg?itok=Hs4Z2baA\" alt=\"Bras\u00edlia, (DF) \u2013 03\/04\/2024 -  O ministro\u00a0de\u00a0Portos e Aeroportos, Silvio Costa Filho, participa do lan\u00e7amento do\u00a0programa Asas para Todos. Foto Valter Campanato\/Ag\u00eancia Brasil.\" title=\"Valter Campanato\/Ag\u00eancia Brasil\" class=\"flex-fill img-cover\"\/><br \/>\n        <img data-recalc-dims=\"1\" decoding=\"async\" src=\"https:\/\/i0.wp.com\/imagens.ebc.com.br\/6b9AM_k7BPLC-SXz1bqi9OeC65A%3D\/754x0\/smart\/https%3A\/\/agenciabrasil.ebc.com.br\/sites\/default\/files\/thumbnails\/image\/2024\/04\/03\/vac_abr0304246408.jpg?w=696&#038;ssl=1\" alt=\"Bras\u00edlia, (DF) \u2013 03\/04\/2024 -  O ministro\u00a0de\u00a0Portos e Aeroportos, Silvio Costa Filho, participa do lan\u00e7amento do\u00a0programa Asas para Todos. Foto Valter Campanato\/Ag\u00eancia Brasil.\" title=\"Valter Campanato\/Ag\u00eancia Brasil\" class=\"flex-fill img-cover\"\/>\n    <\/div>\n<p><!-- END scald=379202 --><\/div>\n<p><h6 class=\"meta\">Para o ministro Silvio Costa Filho, programa vai levar cidadania para os aeroportos &#8211;\u00a0Valter Campanato\/Ag\u00eancia Brasil<!--END copyright=379202--><\/h6>\n<\/p>\n<\/div>\n<p>No evento de hoje tamb\u00e9m foram assinados acordos de coopera\u00e7\u00e3o t\u00e9cnica entre a Anac e os minist\u00e9rios de Portos e Aeroportos, do Turismo, das Mulheres, da Igualdade Racial e dos Direitos Humanos e da Cidadania.\u00a0<\/p>\n<h2>Inclus\u00e3o<\/h2>\n<p>O presidente da Ag\u00eancia Brasileira de Promo\u00e7\u00e3o Internacional do Turismo (Embratur), Marcelo Freixo, lembrou o caso da porta-bandeira da escola de samba Portela, Vilma Nascimento, de 85 anos, que foi <a href=\"https:\/\/agenciabrasil.ebc.com.br\/geral\/noticia\/2023-11\/tenho-orgulho-de-ser-negra-diz-porta-bandeira-que-denunciou-racismo\" target=\"_blank\" rel=\"noopener\">v\u00edtima de racismo<\/a> no aeroporto de Bras\u00edlia em novembro do ano passado.<\/p>\n<blockquote>\n<p>\u201cN\u00e3o \u00e9 natural que a avia\u00e7\u00e3o seja um lugar hegemonicamente de homens brancos. Isso \u00e9 social e hist\u00f3rico e precisa ser enfrentado com pol\u00edtica p\u00fablica\u201d, disse.\u00a0<\/p>\n<\/blockquote>\n<p>A ministra da Igualdade Racial, Anielle Franco, disse que o caso da porta-bandeira n\u00e3o foi isolado, mas prontamente o governo decidiu pensar em solu\u00e7\u00f5es para a melhoria desses espa\u00e7os. &#8220;Muitas pessoas negras n\u00e3o t\u00eam oportunidade de viajar de avi\u00e3o, e quando viajam sentem medo de ser destratadas&#8221;.\u00a0<\/p>\n<div class=\"dnd-widget-wrapper context-cheio_8colunas type-image\">\n<div class=\"dnd-atom-rendered\"><!-- scald=379199:cheio_8colunas --><\/p>\n<div class=\"shadow overflow-hidden rounded-lg d-block w-100\">\n            <img data-recalc-dims=\"1\" decoding=\"async\" src=\"https:\/\/i0.wp.com\/agenciabrasil.ebc.com.br\/sites\/default\/files\/thumbnails\/image\/loading_v2.gif?w=696&#038;ssl=1\" data-echo=\"https:\/\/imagens.ebc.com.br\/HcDIlMwsIu81YndQoQq71gbRzM0=\/754x0\/smart\/https:\/\/agenciabrasil.ebc.com.br\/sites\/default\/files\/thumbnails\/image\/2024\/04\/03\/vac_abr0304246405.jpg?itok=Ljo76MWW\" alt=\"Bras\u00edlia, (DF) \u2013 03\/04\/2024 - A ministra da Igualdade Racial do Brasil, Anielle Franco, participa do llan\u00e7amento do programa Asas para Todos. Foto Valter Campanato\/Ag\u00eancia Brasil.\" title=\"Valter Campanato\/Ag\u00eancia Brasil\" class=\"flex-fill img-cover\"\/><br \/>\n        <img data-recalc-dims=\"1\" decoding=\"async\" src=\"https:\/\/i0.wp.com\/imagens.ebc.com.br\/HcDIlMwsIu81YndQoQq71gbRzM0%3D\/754x0\/smart\/https%3A\/\/agenciabrasil.ebc.com.br\/sites\/default\/files\/thumbnails\/image\/2024\/04\/03\/vac_abr0304246405.jpg?w=696&#038;ssl=1\" alt=\"Bras\u00edlia, (DF) \u2013 03\/04\/2024 - A ministra da Igualdade Racial do Brasil, Anielle Franco, participa do llan\u00e7amento do programa Asas para Todos. Foto Valter Campanato\/Ag\u00eancia Brasil.\" title=\"Valter Campanato\/Ag\u00eancia Brasil\" class=\"flex-fill img-cover\"\/>\n    <\/div>\n<p><!-- END scald=379199 --><\/div>\n<p><h6 class=\"meta\"><!--copyright=379199-->Anielle Franco garante que caso da porta-bandeira da Portela n\u00e3o \u00e9 isolado &#8211; <strong>Valter Campanato\/Ag\u00eancia Brasil<\/strong><!--END copyright=379199--><\/h6>\n<\/p>\n<\/div>\n<p>O ministro dos Direitos Humanos e da Cidadania, Silvio Almeida, disse que esse tipo de situa\u00e7\u00e3o compromete a economia do pa\u00eds \u201cCom essas atitudes discriminat\u00f3rias, a gente esmaga aquilo que o pa\u00eds pode produzir de melhor\u201d, destacou.<\/p>\n<\/p><\/div>\n<p><br \/>\n<br \/><a href=\"https:\/\/agenciabrasil.ebc.com.br\/geral\/noticia\/2024-04\/programa-do-governo-visa-aumentar-diversidade-na-aviacao-civil\" rel=\"noopener\">Ag\u00eancia Brasil<\/a><\/p>\n","protected":false},"excerpt":{"rendered":"<p>Ag\u00eancia Nacional de Avia\u00e7\u00e3o Civil (Anac) e o Minist\u00e9rio de Portos e Aeroportos lan\u00e7aram nesta quarta-feira (3)\u00a0o programa Asas para Todos, com o objetivo de aumentar a diversidade e a inclus\u00e3o no setor a\u00e9reo brasileiro. O programa prev\u00ea 16 projetos, como a parceria com universidades para capacita\u00e7\u00e3o de profissionais e a oferta de bolsas para [&hellip;]<\/p>\n","protected":false},"author":1,"featured_media":863,"comment_status":"open","ping_status":"open","sticky":false,"template":"","format":"standard","meta":{"_jetpack_newsletter_access":"","_jetpack_dont_email_post_to_subs":false,"_jetpack_newsletter_tier_id":0,"_jetpack_memberships_contains_paywalled_content":false,"_mbp_banners":[],"_jetpack_feature_clip_id":0,"_jetpack_memberships_contains_paid_content":false,"footnotes":"","jetpack_publicize_message":"","jetpack_publicize_feature_enabled":true,"jetpack_social_post_already_shared":true,"jetpack_social_options":{"image_generator_settings":{"template":"highway","default_image_id":0,"font":"","enabled":false},"version":2},"jetpack_post_was_ever_published":false},"categories":[1],"tags":[],"class_list":["post-862","post","type-post","status-publish","format-standard","has-post-thumbnail","category-geral"],"jetpack_publicize_connections":[],"jetpack-related-posts":[],"jetpack_shortlink":"https:\/\/wp.me\/p7Eq1F-dU","jetpack_sharing_enabled":true,"jetpack_featured_media_url":"https:\/\/i0.wp.com\/guialimeira.com.br\/news\/wp-content\/uploads\/2024\/04\/vac_abr0304246403.jpg?fit=1600%2C800&ssl=1","_links":{"self":[{"href":"https:\/\/guialimeira.com.br\/news\/wp-json\/wp\/v2\/posts\/862","targetHints":{"allow":["GET"]}}],"collection":[{"href":"https:\/\/guialimeira.com.br\/news\/wp-json\/wp\/v2\/posts"}],"about":[{"href":"https:\/\/guialimeira.com.br\/news\/wp-json\/wp\/v2\/types\/post"}],"author":[{"embeddable":true,"href":"https:\/\/guialimeira.com.br\/news\/wp-json\/wp\/v2\/users\/1"}],"replies":[{"embeddable":true,"href":"https:\/\/guialimeira.com.br\/news\/wp-json\/wp\/v2\/comments?post=862"}],"version-history":[{"count":0,"href":"https:\/\/guialimeira.com.br\/news\/wp-json\/wp\/v2\/posts\/862\/revisions"}],"wp:featuredmedia":[{"embeddable":true,"href":"https:\/\/guialimeira.com.br\/news\/wp-json\/wp\/v2\/media\/863"}],"wp:attachment":[{"href":"https:\/\/guialimeira.com.br\/news\/wp-json\/wp\/v2\/media?parent=862"}],"wp:term":[{"taxonomy":"category","embeddable":true,"href":"https:\/\/guialimeira.com.br\/news\/wp-json\/wp\/v2\/categories?post=862"},{"taxonomy":"post_tag","embeddable":true,"href":"https:\/\/guialimeira.com.br\/news\/wp-json\/wp\/v2\/tags?post=862"}],"curies":[{"name":"wp","href":"https:\/\/api.w.org\/{rel}","templated":true}]}}