{"id":8616,"date":"2024-06-19T08:34:36","date_gmt":"2024-06-19T11:34:36","guid":{"rendered":"https:\/\/guialimeira.com.br\/2024\/06\/19\/copom-decide-nesta-quarta-se-corta-ou-mantem-juros-basicos-da-economia\/"},"modified":"2024-06-19T08:34:36","modified_gmt":"2024-06-19T11:34:36","slug":"copom-decide-nesta-quarta-se-corta-ou-mantem-juros-basicos-da-economia","status":"publish","type":"post","link":"https:\/\/guialimeira.com.br\/news\/copom-decide-nesta-quarta-se-corta-ou-mantem-juros-basicos-da-economia\/","title":{"rendered":"Copom decide nesta quarta se corta ou mant\u00e9m juros b\u00e1sicos da economia"},"content":{"rendered":"<p> <br \/>\n<\/p>\n<div>\n<p>Com a possibilidade de divis\u00e3o entre os membros, o Comit\u00ea de Pol\u00edtica Monet\u00e1ria (Copom) do Banco Central (BC) decide nesta quarta-feira (19) se corta ou mant\u00e9m a taxa b\u00e1sica de juros, a Selic. A recente alta do d\u00f3lar e da infla\u00e7\u00e3o e os juros altos nos Estados Unidos trouxeram a indefini\u00e7\u00e3o se o colegiado encerrar\u00e1 o ciclo de cortes, que come\u00e7ou em agosto do ano passado, ou se far\u00e1 uma \u00faltima redu\u00e7\u00e3o de 0,25 ponto percentual.<img data-recalc-dims=\"1\" decoding=\"async\" src=\"https:\/\/i0.wp.com\/agenciabrasil.ebc.com.br\/ebc.png?w=696&#038;ssl=1\" style=\"width:1px; height:1px; display:inline;\"\/><img data-recalc-dims=\"1\" decoding=\"async\" src=\"https:\/\/i0.wp.com\/agenciabrasil.ebc.com.br\/ebc.gif?w=696&#038;ssl=1\" style=\"width:1px; height:1px; display:inline;\"\/><\/p>\n<p>Nos comunicados da \u00faltima reuni\u00e3o, em maio, o Copom deixou de informar o que faria nos encontros seguintes. Segundo a edi\u00e7\u00e3o mais recente do boletim Focus, pesquisa semanal com analistas de mercado, a taxa b\u00e1sica deve <a href=\"https:\/\/agenciabrasil.ebc.com.br\/economia\/noticia\/2024-06\/mercado-financeiro-espera-por-manutencao-da-taxa-de-juros-nesta-semana\" target=\"_blank\" rel=\"noopener\">continuar em 10,5% ao ano<\/a>\u00a0at\u00e9 o fim de 2024.\u00a0H\u00e1 um m\u00eas, a estimativa era de que a Selic encerrasse o ano em 10%.<\/p>\n<p>Nesta quarta-feira, ao fim do dia, o Copom anunciar\u00e1 a decis\u00e3o. Nas \u00faltimas sete reuni\u00f5es, a autoridade monet\u00e1ria reduziu a Taxa Selic, com seis cortes de 0,5 ponto e um corte de 0,25 ponto, na \u00faltima reuni\u00e3o, em maio.<\/p>\n<h2>Infla\u00e7\u00e3o<\/h2>\n<p>Na ata da reuni\u00e3o mais recente, o Copom informou que via alta nas <a href=\"https:\/\/agenciabrasil.ebc.com.br\/economia\/noticia\/2024-05\/bc-ve-alta-de-expectativas-de-inflacao-e-nao-indica-corte-de-juros\" target=\"_blank\" rel=\"noopener\">expectativas de infla\u00e7\u00e3o<\/a>. O documento informou que a divis\u00e3o entre os diretores do Banco Central n\u00e3o se deveu a motiva\u00e7\u00f5es pol\u00edticas, mas sobre o comprometimento com as indica\u00e7\u00f5es das reuni\u00f5es anteriores. At\u00e9 mar\u00e7o, o BC indicava que pretendia cortar a Selic em 0,5 ponto percentual em maio.<\/p>\n<p>Na \u00faltima reuni\u00e3o, os diretores Carolina de Assis Barros, Diogo Abry Guillen, Ot\u00e1vio Ribeiro Damaso e Renato Dias de Brito Gomes, indicados pelo governo anterior, votaram por uma redu\u00e7\u00e3o de 0,25 ponto percentual. Votaram por uma redu\u00e7\u00e3o de 0,50 ponto percentual os seguintes membros: Ailton de Aquino Santos, Gabriel Muricca Gal\u00edpolo, Paulo Picchetti e Rodrigo Alves Teixeira, indicados pelo atual governo. Coube ao presidente do BC, Roberto Campos Neto, tamb\u00e9m indicado pelo governo anterior, desempatar a vota\u00e7\u00e3o e decidir pelo corte de 0,25 ponto.<\/p>\n<p>Segundo o \u00faltimo boletim Focus, pesquisa semanal com institui\u00e7\u00f5es financeiras feita pelo BC, a estimativa de infla\u00e7\u00e3o para 2024 subiu bastante, de 3,8% h\u00e1 quatro semanas para 3,96%. Isso representa infla\u00e7\u00e3o cada vez mais pr\u00f3xima do teto da meta estabelecida pelo Conselho Monet\u00e1rio Nacional (CMN), de 3% para este ano, podendo chegar a 4,5% por causa do intervalo de toler\u00e2ncia de 1,5 ponto.<\/p>\n<p>Em maio, o \u00cdndice Nacional de Pre\u00e7os ao Consumidor Amplo (IPCA), considerado a<a href=\"https:\/\/agenciabrasil.ebc.com.br\/economia\/noticia\/2024-06\/inflacao-de-maio-sobe-para-046-influenciada-pelos-alimentos\" target=\"_blank\" rel=\"noopener\"> infla\u00e7\u00e3o oficial<\/a>, subiu para 0,46%. Segundo o Instituto Brasileiro de Geografia e Estat\u00edstica (IBGE), os alimentos puxaram o indicador ap\u00f3s as enchentes no Rio Grande do Sul. Com o resultado, o indicador acumula alta de 3,93% em 12 meses, dentro da meta para 2024.<\/p>\n<h2>Taxa Selic<\/h2>\n<p>A taxa b\u00e1sica de juros \u00e9 usada nas negocia\u00e7\u00f5es de t\u00edtulos p\u00fablicos emitidos pelo Tesouro Nacional no Sistema Especial de Liquida\u00e7\u00e3o e Cust\u00f3dia (Selic) e serve de refer\u00eancia para as demais taxas da economia. Ela \u00e9 o principal instrumento do Banco Central para manter a infla\u00e7\u00e3o sob controle. O BC atua diariamente por meio de opera\u00e7\u00f5es de mercado aberto \u2013 comprando e vendendo t\u00edtulos p\u00fablicos federais \u2013 para manter a taxa de juros pr\u00f3xima do valor definido na reuni\u00e3o.<\/p>\n<p>Quando o Copom aumenta a taxa b\u00e1sica de juros, a finalidade \u00e9 conter a demanda aquecida, e isso causa reflexos nos pre\u00e7os porque os juros mais altos encarecem o cr\u00e9dito e estimulam a poupan\u00e7a. Desse modo, taxas mais altas tamb\u00e9m podem dificultar a expans\u00e3o da economia. Mas, al\u00e9m da Selic, os bancos consideram outros fatores na hora de definir os juros cobrados dos consumidores, como risco de inadimpl\u00eancia, lucro e despesas administrativas.<\/p>\n<p>Ao reduzir a Selic, a tend\u00eancia \u00e9 de que o cr\u00e9dito fique mais barato, com incentivo \u00e0 produ\u00e7\u00e3o e ao consumo, reduzindo o controle da infla\u00e7\u00e3o e estimulando a atividade econ\u00f4mica.<\/p>\n<p>O Copom re\u00fane-se a cada 45 dias. No primeiro dia do encontro, s\u00e3o feitas apresenta\u00e7\u00f5es t\u00e9cnicas sobre a evolu\u00e7\u00e3o e as perspectivas das economias brasileira e mundial e o comportamento do mercado financeiro. No segundo dia, os membros do Copom, formado pela diretoria do BC, analisam as possibilidades e definem a Selic.<\/p>\n<h2>Meta<\/h2>\n<p>Para 2024, a meta de infla\u00e7\u00e3o que deve ser perseguida pelo BC, definida pelo Conselho Monet\u00e1rio Nacional, \u00e9 de 3%, com intervalo de toler\u00e2ncia de 1,5 ponto percentual para cima ou para baixo. Ou seja, o limite inferior \u00e9 1,5% e o superior \u00e9 4,5%. Para 2025 e 2026, as metas tamb\u00e9m s\u00e3o de 3% para os dois anos, com o mesmo intervalo de toler\u00e2ncia.<\/p>\n<p>No \u00faltimo Relat\u00f3rio de Infla\u00e7\u00e3o, divulgado no fim de mar\u00e7o pelo Banco Central, a autoridade monet\u00e1ria manteve a <a href=\"https:\/\/agenciabrasil.ebc.com.br\/economia\/noticia\/2024-03\/banco-central-revisa-previsao-de-crescimento-da-economia-para-19\" target=\"_blank\" rel=\"noopener\">previs\u00e3o<\/a> de que o IPCA termine 2024 em 3,5%, mas a estimativa foi divulgada antes da alta do d\u00f3lar e das enchentes no Rio Grande do Sul. O pr\u00f3ximo relat\u00f3rio ser\u00e1 divulgado no fim de junho.<\/p>\n<\/p><\/div>\n<p><br \/>\n<br \/><a href=\"https:\/\/agenciabrasil.ebc.com.br\/economia\/noticia\/2024-06\/copom-decide-nesta-quarta-se-corta-ou-mantem-juros-basicos-da-economia\" rel=\"noopener\">Ag\u00eancia Brasil<\/a><\/p>\n","protected":false},"excerpt":{"rendered":"<p>Com a possibilidade de divis\u00e3o entre os membros, o Comit\u00ea de Pol\u00edtica Monet\u00e1ria (Copom) do Banco Central (BC) decide nesta quarta-feira (19) se corta ou mant\u00e9m a taxa b\u00e1sica de juros, a Selic. A recente alta do d\u00f3lar e da infla\u00e7\u00e3o e os juros altos nos Estados Unidos trouxeram a indefini\u00e7\u00e3o se o colegiado encerrar\u00e1 [&hellip;]<\/p>\n","protected":false},"author":1,"featured_media":3452,"comment_status":"open","ping_status":"open","sticky":false,"template":"","format":"standard","meta":{"_jetpack_newsletter_access":"","_jetpack_dont_email_post_to_subs":false,"_jetpack_newsletter_tier_id":0,"_jetpack_memberships_contains_paywalled_content":false,"_mbp_banners":[],"_jetpack_feature_clip_id":0,"_jetpack_memberships_contains_paid_content":false,"footnotes":"","jetpack_publicize_message":"","jetpack_publicize_feature_enabled":true,"jetpack_social_post_already_shared":true,"jetpack_social_options":{"image_generator_settings":{"template":"highway","default_image_id":0,"font":"","enabled":false},"version":2},"jetpack_post_was_ever_published":false},"categories":[24],"tags":[],"class_list":["post-8616","post","type-post","status-publish","format-standard","has-post-thumbnail","category-economia"],"jetpack_publicize_connections":[],"jetpack-related-posts":[],"jetpack_shortlink":"https:\/\/wp.me\/p7Eq1F-2eY","jetpack_sharing_enabled":true,"jetpack_featured_media_url":"https:\/\/i0.wp.com\/guialimeira.com.br\/news\/wp-content\/uploads\/2024\/05\/banco_central_mcajr_abr_0104222276.jpg?fit=1600%2C800&ssl=1","_links":{"self":[{"href":"https:\/\/guialimeira.com.br\/news\/wp-json\/wp\/v2\/posts\/8616","targetHints":{"allow":["GET"]}}],"collection":[{"href":"https:\/\/guialimeira.com.br\/news\/wp-json\/wp\/v2\/posts"}],"about":[{"href":"https:\/\/guialimeira.com.br\/news\/wp-json\/wp\/v2\/types\/post"}],"author":[{"embeddable":true,"href":"https:\/\/guialimeira.com.br\/news\/wp-json\/wp\/v2\/users\/1"}],"replies":[{"embeddable":true,"href":"https:\/\/guialimeira.com.br\/news\/wp-json\/wp\/v2\/comments?post=8616"}],"version-history":[{"count":0,"href":"https:\/\/guialimeira.com.br\/news\/wp-json\/wp\/v2\/posts\/8616\/revisions"}],"wp:featuredmedia":[{"embeddable":true,"href":"https:\/\/guialimeira.com.br\/news\/wp-json\/wp\/v2\/media\/3452"}],"wp:attachment":[{"href":"https:\/\/guialimeira.com.br\/news\/wp-json\/wp\/v2\/media?parent=8616"}],"wp:term":[{"taxonomy":"category","embeddable":true,"href":"https:\/\/guialimeira.com.br\/news\/wp-json\/wp\/v2\/categories?post=8616"},{"taxonomy":"post_tag","embeddable":true,"href":"https:\/\/guialimeira.com.br\/news\/wp-json\/wp\/v2\/tags?post=8616"}],"curies":[{"name":"wp","href":"https:\/\/api.w.org\/{rel}","templated":true}]}}