{"id":8591,"date":"2024-06-18T23:20:32","date_gmt":"2024-06-19T02:20:32","guid":{"rendered":"https:\/\/guialimeira.com.br\/2024\/06\/18\/auxilio-para-pessoas-com-transtorno-mental-e-reajustado-para-r-755\/"},"modified":"2024-06-18T23:20:32","modified_gmt":"2024-06-19T02:20:32","slug":"auxilio-para-pessoas-com-transtorno-mental-e-reajustado-para-r-755","status":"publish","type":"post","link":"https:\/\/guialimeira.com.br\/news\/auxilio-para-pessoas-com-transtorno-mental-e-reajustado-para-r-755\/","title":{"rendered":"Aux\u00edlio para pessoas com transtorno mental \u00e9 reajustado para R$ 755"},"content":{"rendered":"<p> <br \/>\n<\/p>\n<div>\n<p>O Minist\u00e9rio da Sa\u00fade aumentou de R$ 500 para R$ 755, o equivalente a 51%,\u00a0o valor do aux\u00edlio concedido a pessoas com transtorno mental que ficaram internadas por longo tempo em hospitais psiqui\u00e1tricos e de cust\u00f3dia.<img data-recalc-dims=\"1\" decoding=\"async\" src=\"https:\/\/i0.wp.com\/agenciabrasil.ebc.com.br\/ebc.png?w=696&#038;ssl=1\" style=\"width:1px; height:1px; display:inline;\"\/><img data-recalc-dims=\"1\" decoding=\"async\" src=\"https:\/\/i0.wp.com\/agenciabrasil.ebc.com.br\/ebc.gif?w=696&#038;ssl=1\" style=\"width:1px; height:1px; display:inline;\"\/><\/p>\n<p>&#8220;A estrat\u00e9gia busca favorecer a amplia\u00e7\u00e3o da rede de rela\u00e7\u00f5es destas pessoas e o seu bem-estar, al\u00e9m de estimular o exerc\u00edcio pleno dos seus direitos civis, pol\u00edticos e de cidadania, fora da unidade hospitalar&#8221;, diz nota do minist\u00e9rio.\u00a0<\/p>\n<p>O benef\u00edcio visa estimular a reinser\u00e7\u00e3o social e bem-estar de pessoas que ficaram dois ou mais anos internadas de forma ininterrupta. O aux\u00edlio faz parte do programa De Volta para Casa, que j\u00e1 atendeu cerca de 8 mil pessoas em 20 anos, segundo dados do minist\u00e9rio em agosto de 2023.\u00a0<\/p>\n<p>No ano passado, o minist\u00e9rio criou\u00a0um departamento para tratar sobre a sa\u00fade mental, focado em retomar\u00a0habilita\u00e7\u00e3o de novos servi\u00e7os e\u00a0recompor\u00a0Centros de Aten\u00e7\u00e3o Psicossocial (CAPS) e dos Servi\u00e7os Residenciais Terap\u00eauticos (SRT).<\/p>\n<p>Outra estrat\u00e9gia para ampliar o acesso \u00e0 sa\u00fade mental \u00e9 a constru\u00e7\u00e3o de unidades de atendimento. O novo Programa de Acelera\u00e7\u00e3o do Crescimento (Novo PAC) prev\u00ea\u00a0150 novos Centros de Aten\u00e7\u00e3o Psicossocial (Caps) em todas as regi\u00f5es do pa\u00eds, o que permitir\u00e1 atendimento de\u00a013,4 milh\u00f5es de pessoas.<\/p>\n<p>\u00a0<\/p>\n<\/p><\/div>\n<p><br \/>\n<br \/><a href=\"https:\/\/agenciabrasil.ebc.com.br\/saude\/noticia\/2024-06\/auxilio-para-pessoas-com-transtorno-mental-e-reajustado-para-r-755\" rel=\"noopener\">Ag\u00eancia Brasil <\/a><\/p>\n","protected":false},"excerpt":{"rendered":"<p>O Minist\u00e9rio da Sa\u00fade aumentou de R$ 500 para R$ 755, o equivalente a 51%,\u00a0o valor do aux\u00edlio concedido a pessoas com transtorno mental que ficaram internadas por longo tempo em hospitais psiqui\u00e1tricos e de cust\u00f3dia. &#8220;A estrat\u00e9gia busca favorecer a amplia\u00e7\u00e3o da rede de rela\u00e7\u00f5es destas pessoas e o seu bem-estar, al\u00e9m de estimular [&hellip;]<\/p>\n","protected":false},"author":1,"featured_media":8592,"comment_status":"open","ping_status":"open","sticky":false,"template":"","format":"standard","meta":{"_jetpack_newsletter_access":"","_jetpack_dont_email_post_to_subs":false,"_jetpack_newsletter_tier_id":0,"_jetpack_memberships_contains_paywalled_content":false,"_mbp_banners":[],"_jetpack_feature_clip_id":0,"_jetpack_memberships_contains_paid_content":false,"footnotes":"","jetpack_publicize_message":"","jetpack_publicize_feature_enabled":true,"jetpack_social_post_already_shared":true,"jetpack_social_options":{"image_generator_settings":{"template":"highway","default_image_id":0,"font":"","enabled":false},"version":2},"jetpack_post_was_ever_published":false},"categories":[15],"tags":[],"class_list":["post-8591","post","type-post","status-publish","format-standard","has-post-thumbnail","category-saude"],"jetpack_publicize_connections":[],"jetpack-related-posts":[],"jetpack_shortlink":"https:\/\/wp.me\/p7Eq1F-2ez","jetpack_sharing_enabled":true,"jetpack_featured_media_url":"https:\/\/i0.wp.com\/guialimeira.com.br\/news\/wp-content\/uploads\/2024\/06\/mcmgo_abr_070820180690.jpg?fit=1600%2C800&ssl=1","_links":{"self":[{"href":"https:\/\/guialimeira.com.br\/news\/wp-json\/wp\/v2\/posts\/8591","targetHints":{"allow":["GET"]}}],"collection":[{"href":"https:\/\/guialimeira.com.br\/news\/wp-json\/wp\/v2\/posts"}],"about":[{"href":"https:\/\/guialimeira.com.br\/news\/wp-json\/wp\/v2\/types\/post"}],"author":[{"embeddable":true,"href":"https:\/\/guialimeira.com.br\/news\/wp-json\/wp\/v2\/users\/1"}],"replies":[{"embeddable":true,"href":"https:\/\/guialimeira.com.br\/news\/wp-json\/wp\/v2\/comments?post=8591"}],"version-history":[{"count":0,"href":"https:\/\/guialimeira.com.br\/news\/wp-json\/wp\/v2\/posts\/8591\/revisions"}],"wp:featuredmedia":[{"embeddable":true,"href":"https:\/\/guialimeira.com.br\/news\/wp-json\/wp\/v2\/media\/8592"}],"wp:attachment":[{"href":"https:\/\/guialimeira.com.br\/news\/wp-json\/wp\/v2\/media?parent=8591"}],"wp:term":[{"taxonomy":"category","embeddable":true,"href":"https:\/\/guialimeira.com.br\/news\/wp-json\/wp\/v2\/categories?post=8591"},{"taxonomy":"post_tag","embeddable":true,"href":"https:\/\/guialimeira.com.br\/news\/wp-json\/wp\/v2\/tags?post=8591"}],"curies":[{"name":"wp","href":"https:\/\/api.w.org\/{rel}","templated":true}]}}