{"id":8589,"date":"2024-06-18T22:18:38","date_gmt":"2024-06-19T01:18:38","guid":{"rendered":"https:\/\/guialimeira.com.br\/2024\/06\/18\/governo-federal-assina-acordos-com-mais-duas-categorias-de-servidores\/"},"modified":"2024-06-18T22:18:38","modified_gmt":"2024-06-19T01:18:38","slug":"governo-federal-assina-acordos-com-mais-duas-categorias-de-servidores","status":"publish","type":"post","link":"https:\/\/guialimeira.com.br\/news\/governo-federal-assina-acordos-com-mais-duas-categorias-de-servidores\/","title":{"rendered":"Governo federal assina acordos com mais duas categorias de servidores"},"content":{"rendered":"<p> <br \/>\n<\/p>\n<div>\n<p>Representantes do Minist\u00e9rio da Gest\u00e3o e Inova\u00e7\u00e3o em Servi\u00e7os P\u00fablicos (MGI) anunciaram acordos com entidades de servidores p\u00fablicos ligadas ao Plano Geral de Cargos do Poder Executivo (PGPE) e Planos Correlatos e da Previd\u00eancia Sa\u00fade e Trabalho (PST), que representam cerca de 345 mil servidores p\u00fablicos ativos e inativos.<img data-recalc-dims=\"1\" decoding=\"async\" src=\"https:\/\/i0.wp.com\/agenciabrasil.ebc.com.br\/ebc.png?w=696&#038;ssl=1\" style=\"width:1px; height:1px; display:inline;\"\/><img data-recalc-dims=\"1\" decoding=\"async\" src=\"https:\/\/i0.wp.com\/agenciabrasil.ebc.com.br\/ebc.gif?w=696&#038;ssl=1\" style=\"width:1px; height:1px; display:inline;\"\/><\/p>\n<p>Os acordos, que preveem reestrutura\u00e7\u00e3o das carreiras e reajustes salariais de 9% em janeiro de 2025 e de 5% em abril de 2026, foram assinados na tarde de segunda-feira (17), e tamb\u00e9m abrangem agentes de endemias e servidores do Departamento Nacional de Auditoria do Sistema \u00danico de Sa\u00fade (Denasus).\u00a0\u00a0<\/p>\n<p>Com as propostas aceitas, o governo federal informou ter chegado ao n\u00famero de 16 acordos fechados com entidades representativas de servidores p\u00fablicos, negociados em mesas espec\u00edficas e tempor\u00e1rias de negocia\u00e7\u00e3o.<\/p>\n<\/p><\/div>\n<p><br \/>\n<br \/><a href=\"https:\/\/agenciabrasil.ebc.com.br\/economia\/noticia\/2024-06\/governo-federal-assina-acordos-com-mais-duas-categorias-de-servidores\" rel=\"noopener\">Ag\u00eancia Brasil<\/a><\/p>\n","protected":false},"excerpt":{"rendered":"<p>Representantes do Minist\u00e9rio da Gest\u00e3o e Inova\u00e7\u00e3o em Servi\u00e7os P\u00fablicos (MGI) anunciaram acordos com entidades de servidores p\u00fablicos ligadas ao Plano Geral de Cargos do Poder Executivo (PGPE) e Planos Correlatos e da Previd\u00eancia Sa\u00fade e Trabalho (PST), que representam cerca de 345 mil servidores p\u00fablicos ativos e inativos. Os acordos, que preveem reestrutura\u00e7\u00e3o das [&hellip;]<\/p>\n","protected":false},"author":1,"featured_media":269,"comment_status":"open","ping_status":"open","sticky":false,"template":"","format":"standard","meta":{"_jetpack_newsletter_access":"","_jetpack_dont_email_post_to_subs":false,"_jetpack_newsletter_tier_id":0,"_jetpack_memberships_contains_paywalled_content":false,"_mbp_banners":[],"_jetpack_feature_clip_id":0,"_jetpack_memberships_contains_paid_content":false,"footnotes":"","jetpack_publicize_message":"","jetpack_publicize_feature_enabled":true,"jetpack_social_post_already_shared":true,"jetpack_social_options":{"image_generator_settings":{"template":"highway","default_image_id":0,"font":"","enabled":false},"version":2},"jetpack_post_was_ever_published":false},"categories":[24],"tags":[],"class_list":["post-8589","post","type-post","status-publish","format-standard","has-post-thumbnail","category-economia"],"jetpack_publicize_connections":[],"jetpack-related-posts":[],"jetpack_shortlink":"https:\/\/wp.me\/p7Eq1F-2ex","jetpack_sharing_enabled":true,"jetpack_featured_media_url":"https:\/\/i0.wp.com\/guialimeira.com.br\/news\/wp-content\/uploads\/2024\/03\/thumb_1200x600_agbrasil.png?fit=1200%2C600&ssl=1","_links":{"self":[{"href":"https:\/\/guialimeira.com.br\/news\/wp-json\/wp\/v2\/posts\/8589","targetHints":{"allow":["GET"]}}],"collection":[{"href":"https:\/\/guialimeira.com.br\/news\/wp-json\/wp\/v2\/posts"}],"about":[{"href":"https:\/\/guialimeira.com.br\/news\/wp-json\/wp\/v2\/types\/post"}],"author":[{"embeddable":true,"href":"https:\/\/guialimeira.com.br\/news\/wp-json\/wp\/v2\/users\/1"}],"replies":[{"embeddable":true,"href":"https:\/\/guialimeira.com.br\/news\/wp-json\/wp\/v2\/comments?post=8589"}],"version-history":[{"count":0,"href":"https:\/\/guialimeira.com.br\/news\/wp-json\/wp\/v2\/posts\/8589\/revisions"}],"wp:featuredmedia":[{"embeddable":true,"href":"https:\/\/guialimeira.com.br\/news\/wp-json\/wp\/v2\/media\/269"}],"wp:attachment":[{"href":"https:\/\/guialimeira.com.br\/news\/wp-json\/wp\/v2\/media?parent=8589"}],"wp:term":[{"taxonomy":"category","embeddable":true,"href":"https:\/\/guialimeira.com.br\/news\/wp-json\/wp\/v2\/categories?post=8589"},{"taxonomy":"post_tag","embeddable":true,"href":"https:\/\/guialimeira.com.br\/news\/wp-json\/wp\/v2\/tags?post=8589"}],"curies":[{"name":"wp","href":"https:\/\/api.w.org\/{rel}","templated":true}]}}