{"id":8582,"date":"2024-06-18T21:17:44","date_gmt":"2024-06-19T00:17:44","guid":{"rendered":"https:\/\/guialimeira.com.br\/2024\/06\/18\/selo-amplia-presenca-da-agricultura-familiar-na-producao-de-biodiesel\/"},"modified":"2024-06-18T21:17:44","modified_gmt":"2024-06-19T00:17:44","slug":"selo-amplia-presenca-da-agricultura-familiar-na-producao-de-biodiesel","status":"publish","type":"post","link":"https:\/\/guialimeira.com.br\/news\/selo-amplia-presenca-da-agricultura-familiar-na-producao-de-biodiesel\/","title":{"rendered":"Selo amplia presen\u00e7a da agricultura familiar na produ\u00e7\u00e3o de biodiesel"},"content":{"rendered":"<p> <br \/>\n<\/p>\n<div>\n<p>As regras para a concess\u00e3o do Selo Biocombust\u00edvel Social foram atualizadas em uma portaria assinada nesta ter\u00e7a-feira (18) pelos ministros de Minas e Energia, Alexandre Silveira, e do Desenvolvimento Agr\u00e1rio e Agricultura Familiar, Paulo Teixeira. O objetivo \u00e9 impulsionar a participa\u00e7\u00e3o da agricultura familiar, especialmente das regi\u00f5es Norte, Nordeste e Semi\u00e1rido, na produ\u00e7\u00e3o de biodiesel.<img data-recalc-dims=\"1\" decoding=\"async\" src=\"https:\/\/i0.wp.com\/agenciabrasil.ebc.com.br\/ebc.png?w=696&#038;ssl=1\" style=\"width:1px; height:1px; display:inline;\"\/><img data-recalc-dims=\"1\" decoding=\"async\" src=\"https:\/\/i0.wp.com\/agenciabrasil.ebc.com.br\/ebc.gif?w=696&#038;ssl=1\" style=\"width:1px; height:1px; display:inline;\"\/><\/p>\n<p>O Selo Biocombust\u00edvel Social, criado em 2004, concede benef\u00edcios fiscais e comerciais aos produtores de biodiesel que adquirem mat\u00e9ria-prima ou produtos de agricultores familiares. Para ter o selo, as empresas tamb\u00e9m devem firmar contratos antecipados com esses agricultores, garantir pre\u00e7os m\u00ednimos e disponibilizar a assist\u00eancia t\u00e9cnica e extens\u00e3o rural para os produtores contratados.<\/p>\n<p>Al\u00e9m dessas regras, a reestrutura\u00e7\u00e3o do Selo prevista na portaria prev\u00ea o fomento a projetos de pesquisa, de estrutura\u00e7\u00e3o de cadeias produtivas e de fortalecimento das organiza\u00e7\u00f5es da agricultura familiar.\u00a0 A assist\u00eancia t\u00e9cnica e extens\u00e3o rural, que j\u00e1 eram previstas anteriormente, passam a ser cont\u00ednuas e sist\u00eamicas, destinadas a toda a unidade familiar de produ\u00e7\u00e3o.\u00a0<\/p>\n<p>Tamb\u00e9m foram institu\u00eddos comit\u00eas estaduais para acompanhamento do Selo Biocombust\u00edvel Social, compostos por representantes do Minist\u00e9rio do Desenvolvimento Agr\u00e1rio e Agricultura Familiar, dos produtores de biodiesel, da agricultura familiar e dos governos estaduais.<\/p>\n<p>Segundo o governo, mais de 58 mil agricultores ser\u00e3o beneficiados inicialmente, com expectativa de amplia\u00e7\u00e3o para mais 14 mil fam\u00edlias at\u00e9 2025. Este ano, a compra de produtos nessas regi\u00f5es est\u00e1 estimada em R$ 740 milh\u00f5es, alcan\u00e7ando R$ 1,6 bilh\u00e3o a partir do pr\u00f3ximo ano.<\/p>\n<p>Em mar\u00e7o deste ano, o governo antecipou o aumento da da mistura de biodiesel no diesel f\u00f3ssil, que passou de <a href=\"https:\/\/agenciabrasil.ebc.com.br\/geral\/noticia\/2024-03\/mistura-de-biodiesel-no-diesel-sobe-para-14-partir-desta-sexta\" target=\"_blank\" rel=\"noopener\">12% para 14%<\/a> em mar\u00e7o deste ano. A partir de mar\u00e7o de 2025, o percentual passar\u00e1 para 15%. De acordo com o Minist\u00e9rio do Desenvolvimento Agr\u00e1rio, essa vari\u00e1vel influencia de forma direta na determina\u00e7\u00e3o dos volumes de compra da agricultura familiar.<\/p>\n<\/p><\/div>\n<p><br \/>\n<br \/><a href=\"https:\/\/agenciabrasil.ebc.com.br\/economia\/noticia\/2024-06\/selo-amplia-presenca-da-agricultura-familiar-na-producao-de-biodiesel\" rel=\"noopener\">Ag\u00eancia Brasil<\/a><\/p>\n","protected":false},"excerpt":{"rendered":"<p>As regras para a concess\u00e3o do Selo Biocombust\u00edvel Social foram atualizadas em uma portaria assinada nesta ter\u00e7a-feira (18) pelos ministros de Minas e Energia, Alexandre Silveira, e do Desenvolvimento Agr\u00e1rio e Agricultura Familiar, Paulo Teixeira. O objetivo \u00e9 impulsionar a participa\u00e7\u00e3o da agricultura familiar, especialmente das regi\u00f5es Norte, Nordeste e Semi\u00e1rido, na produ\u00e7\u00e3o de biodiesel. [&hellip;]<\/p>\n","protected":false},"author":1,"featured_media":8583,"comment_status":"open","ping_status":"open","sticky":false,"template":"","format":"standard","meta":{"_jetpack_newsletter_access":"","_jetpack_dont_email_post_to_subs":false,"_jetpack_newsletter_tier_id":0,"_jetpack_memberships_contains_paywalled_content":false,"_mbp_banners":[],"_jetpack_feature_clip_id":0,"_jetpack_memberships_contains_paid_content":false,"footnotes":"","jetpack_publicize_message":"","jetpack_publicize_feature_enabled":true,"jetpack_social_post_already_shared":true,"jetpack_social_options":{"image_generator_settings":{"template":"highway","default_image_id":0,"font":"","enabled":false},"version":2},"jetpack_post_was_ever_published":false},"categories":[24],"tags":[],"class_list":["post-8582","post","type-post","status-publish","format-standard","has-post-thumbnail","category-economia"],"jetpack_publicize_connections":[],"jetpack-related-posts":[],"jetpack_shortlink":"https:\/\/wp.me\/p7Eq1F-2eq","jetpack_sharing_enabled":true,"jetpack_featured_media_url":"https:\/\/i0.wp.com\/guialimeira.com.br\/news\/wp-content\/uploads\/2024\/06\/biodiesel_2.jpg?fit=1600%2C800&ssl=1","_links":{"self":[{"href":"https:\/\/guialimeira.com.br\/news\/wp-json\/wp\/v2\/posts\/8582","targetHints":{"allow":["GET"]}}],"collection":[{"href":"https:\/\/guialimeira.com.br\/news\/wp-json\/wp\/v2\/posts"}],"about":[{"href":"https:\/\/guialimeira.com.br\/news\/wp-json\/wp\/v2\/types\/post"}],"author":[{"embeddable":true,"href":"https:\/\/guialimeira.com.br\/news\/wp-json\/wp\/v2\/users\/1"}],"replies":[{"embeddable":true,"href":"https:\/\/guialimeira.com.br\/news\/wp-json\/wp\/v2\/comments?post=8582"}],"version-history":[{"count":0,"href":"https:\/\/guialimeira.com.br\/news\/wp-json\/wp\/v2\/posts\/8582\/revisions"}],"wp:featuredmedia":[{"embeddable":true,"href":"https:\/\/guialimeira.com.br\/news\/wp-json\/wp\/v2\/media\/8583"}],"wp:attachment":[{"href":"https:\/\/guialimeira.com.br\/news\/wp-json\/wp\/v2\/media?parent=8582"}],"wp:term":[{"taxonomy":"category","embeddable":true,"href":"https:\/\/guialimeira.com.br\/news\/wp-json\/wp\/v2\/categories?post=8582"},{"taxonomy":"post_tag","embeddable":true,"href":"https:\/\/guialimeira.com.br\/news\/wp-json\/wp\/v2\/tags?post=8582"}],"curies":[{"name":"wp","href":"https:\/\/api.w.org\/{rel}","templated":true}]}}