{"id":8550,"date":"2024-06-18T16:07:37","date_gmt":"2024-06-18T19:07:37","guid":{"rendered":"https:\/\/guialimeira.com.br\/2024\/06\/18\/plataforma-orienta-profissionais-que-atendem-pacientes-com-malaria\/"},"modified":"2024-06-18T16:07:37","modified_gmt":"2024-06-18T19:07:37","slug":"plataforma-orienta-profissionais-que-atendem-pacientes-com-malaria","status":"publish","type":"post","link":"https:\/\/guialimeira.com.br\/news\/plataforma-orienta-profissionais-que-atendem-pacientes-com-malaria\/","title":{"rendered":"Plataforma orienta profissionais que atendem pacientes com mal\u00e1ria"},"content":{"rendered":"<p> <br \/>\n<\/p>\n<div>\n<p>O Minist\u00e9rio da Sa\u00fade disponibilizou um canal de telessa\u00fade voltado para profissionais que atendem pacientes com mal\u00e1ria. Denominado <a href=\"https:\/\/www.gov.br\/saude\/pt-br\/assuntos\/saude-de-a-a-z\/m\/malaria\/tratamento\/telemal\" target=\"_blank\" rel=\"noopener\">Telemal<\/a>, o servi\u00e7o permite que especialistas compartilhem conhecimentos e ofere\u00e7am suporte para diagn\u00f3stico, tratamento e manejo cl\u00ednico de casos de mal\u00e1ria e outras doen\u00e7as febris agudas a profissionais como m\u00e9dicos, enfermeiros, farmac\u00eauticos, bioqu\u00edmicos, agentes de sa\u00fade, microscopistas e gestores de sa\u00fade.<img data-recalc-dims=\"1\" decoding=\"async\" src=\"https:\/\/i0.wp.com\/agenciabrasil.ebc.com.br\/ebc.png?w=696&#038;ssl=1\" style=\"width:1px; height:1px; display:inline;\"\/><img data-recalc-dims=\"1\" decoding=\"async\" src=\"https:\/\/i0.wp.com\/agenciabrasil.ebc.com.br\/ebc.gif?w=696&#038;ssl=1\" style=\"width:1px; height:1px; display:inline;\"\/><\/p>\n<p>\u201cO lan\u00e7amento da plataforma representa um avan\u00e7o significativo na luta para a elimina\u00e7\u00e3o da mal\u00e1ria no Brasil e outras doen\u00e7as febris agudas com o uso da sa\u00fade digital. Esse tipo de servi\u00e7o busca melhorar a qualidade da assist\u00eancia prestada em localidades remotas, al\u00e9m de reduzir os custos com tratamento fora do domic\u00edlio, facilitar a jornada de atendimento dos usu\u00e1rios do SUS [Sistema \u00danico de Sa\u00fade], reduzir tempo de espera e aumentar a resolutividade dos atendimentos, particularmente para a Amaz\u00f4nia brasileira\u201d, informou o minist\u00e9rio.<\/p>\n<h2>Orienta\u00e7\u00f5es<\/h2>\n<p>O canal permite que profissionais de sa\u00fade envolvidos no manejo cl\u00ednico da mal\u00e1ria e de outras doen\u00e7as febris agudas recebam orienta\u00e7\u00f5es especializadas remotamente.<\/p>\n<p>O servi\u00e7o \u00e9 resultado de colabora\u00e7\u00e3o entre o Minist\u00e9rio da Sa\u00fade e especialistas do Instituto Le\u00f4nidas e Maria Deane (Fiocruz Amaz\u00f4nia), da Funda\u00e7\u00e3o de Medicina Tropical Doutor Heitor Vieira Dourado (FMT-HVD) e da Funda\u00e7\u00e3o de Vigil\u00e2ncia em Sa\u00fade do Amazonas &#8211; Dr\u00aa Rosemary Costa Pinto (FVS-RCP).<\/p>\n<p>\u201cNa rotina cl\u00ednica assistencial, quando o paciente estiver com suspeita ou diagn\u00f3stico confirmado para mal\u00e1ria, [se] o profissional de sa\u00fade apresentar d\u00favidas referentes ao manejo terap\u00eautico indicado e, tanto o Guia de Tratamento da Mal\u00e1ria quanto o aplicativo Malariatrat n\u00e3o as esclarecerem, este profissional poder\u00e1 entrar em contato com o novo canal que fornecer\u00e1 apoio \u00e0s a\u00e7\u00f5es indicadas para cada situa\u00e7\u00e3o\u201d, completou o minist\u00e9rio.<\/p>\n<h2>Servi\u00e7o<\/h2>\n<p>O Telemal est\u00e1 dispon\u00edvel 24 horas por dia via mensagens de WhatsApp pelos n\u00fameros (92) 98853-1392 e (92) 99193-2649. As liga\u00e7\u00f5es podem ser feitas de segunda a sexta-feira em hor\u00e1rio comercial. O contato por e-mail deve ser realizado pelo endere\u00e7o telemalbrasil@gmail.com.<\/p>\n<p>\u00a0<\/p>\n<\/p><\/div>\n<p><br \/>\n<br \/><a href=\"https:\/\/agenciabrasil.ebc.com.br\/saude\/noticia\/2024-06\/plataforma-orienta-profissionais-que-atendem-pacientes-com-malaria\" rel=\"noopener\">Ag\u00eancia Brasil <\/a><\/p>\n","protected":false},"excerpt":{"rendered":"<p>O Minist\u00e9rio da Sa\u00fade disponibilizou um canal de telessa\u00fade voltado para profissionais que atendem pacientes com mal\u00e1ria. Denominado Telemal, o servi\u00e7o permite que especialistas compartilhem conhecimentos e ofere\u00e7am suporte para diagn\u00f3stico, tratamento e manejo cl\u00ednico de casos de mal\u00e1ria e outras doen\u00e7as febris agudas a profissionais como m\u00e9dicos, enfermeiros, farmac\u00eauticos, bioqu\u00edmicos, agentes de sa\u00fade, microscopistas [&hellip;]<\/p>\n","protected":false},"author":1,"featured_media":8551,"comment_status":"open","ping_status":"open","sticky":false,"template":"","format":"standard","meta":{"_jetpack_newsletter_access":"","_jetpack_dont_email_post_to_subs":false,"_jetpack_newsletter_tier_id":0,"_jetpack_memberships_contains_paywalled_content":false,"_mbp_banners":[],"_jetpack_feature_clip_id":0,"_jetpack_memberships_contains_paid_content":false,"footnotes":"","jetpack_publicize_message":"","jetpack_publicize_feature_enabled":true,"jetpack_social_post_already_shared":true,"jetpack_social_options":{"image_generator_settings":{"template":"highway","default_image_id":0,"font":"","enabled":false},"version":2},"jetpack_post_was_ever_published":false},"categories":[15],"tags":[],"class_list":["post-8550","post","type-post","status-publish","format-standard","has-post-thumbnail","category-saude"],"jetpack_publicize_connections":[],"jetpack-related-posts":[],"jetpack_shortlink":"https:\/\/wp.me\/p7Eq1F-2dU","jetpack_sharing_enabled":true,"jetpack_featured_media_url":"https:\/\/i0.wp.com\/guialimeira.com.br\/news\/wp-content\/uploads\/2024\/06\/anopheles.portalbiologia.jpg?fit=1600%2C800&ssl=1","_links":{"self":[{"href":"https:\/\/guialimeira.com.br\/news\/wp-json\/wp\/v2\/posts\/8550","targetHints":{"allow":["GET"]}}],"collection":[{"href":"https:\/\/guialimeira.com.br\/news\/wp-json\/wp\/v2\/posts"}],"about":[{"href":"https:\/\/guialimeira.com.br\/news\/wp-json\/wp\/v2\/types\/post"}],"author":[{"embeddable":true,"href":"https:\/\/guialimeira.com.br\/news\/wp-json\/wp\/v2\/users\/1"}],"replies":[{"embeddable":true,"href":"https:\/\/guialimeira.com.br\/news\/wp-json\/wp\/v2\/comments?post=8550"}],"version-history":[{"count":0,"href":"https:\/\/guialimeira.com.br\/news\/wp-json\/wp\/v2\/posts\/8550\/revisions"}],"wp:featuredmedia":[{"embeddable":true,"href":"https:\/\/guialimeira.com.br\/news\/wp-json\/wp\/v2\/media\/8551"}],"wp:attachment":[{"href":"https:\/\/guialimeira.com.br\/news\/wp-json\/wp\/v2\/media?parent=8550"}],"wp:term":[{"taxonomy":"category","embeddable":true,"href":"https:\/\/guialimeira.com.br\/news\/wp-json\/wp\/v2\/categories?post=8550"},{"taxonomy":"post_tag","embeddable":true,"href":"https:\/\/guialimeira.com.br\/news\/wp-json\/wp\/v2\/tags?post=8550"}],"curies":[{"name":"wp","href":"https:\/\/api.w.org\/{rel}","templated":true}]}}