{"id":8544,"date":"2024-06-18T15:44:18","date_gmt":"2024-06-18T18:44:18","guid":{"rendered":"https:\/\/guialimeira.com.br\/?p=8544"},"modified":"2024-06-18T15:44:21","modified_gmt":"2024-06-18T18:44:21","slug":"suzano-realiza-3a-edicao-da-corrida-e-caminhada-suzano-faz-bem-no-dia-21-de-julho","status":"publish","type":"post","link":"https:\/\/guialimeira.com.br\/news\/suzano-realiza-3a-edicao-da-corrida-e-caminhada-suzano-faz-bem-no-dia-21-de-julho\/","title":{"rendered":"Suzano realiza 3\u00aa edi\u00e7\u00e3o da \u201cCorrida e Caminhada Suzano Faz Bem\u201d no dia 21 de julho"},"content":{"rendered":"\n<h2 class=\"wp-block-heading\"><a><\/a><em>Com o objetivo de incentivar a pr\u00e1tica de atividade f\u00edsica na comunidade, iniciativa ainda ir\u00e1 arrecadar doa\u00e7\u00f5es para institui\u00e7\u00f5es da cidade e para o Rio Grande do Sul; as inscri\u00e7\u00f5es abrem no dia 18 de junho <\/em><em><\/em><\/h2>\n\n\n\n<p class=\"wp-block-paragraph\">A Suzano, maior produtora mundial de celulose e refer\u00eancia global na fabrica\u00e7\u00e3o de bioprodutos desenvolvidos a partir de \u00e1rvores plantadas de eucalipto, realizar\u00e1, no dia 21 de julho, a 3\u00aa edi\u00e7\u00e3o da \u201cCorrida e Caminhada Suzano Faz Bem\u201d, em Americana. Com percursos de 5 km e 10 km para a modalidade corrida e de 5 km para a caminhada, a iniciativa visa estimular a pr\u00e1tica de atividades f\u00edsicas e oferecer momentos de lazer e bem-estar para a comunidade, colaboradores(as) da companhia e seus familiares.<\/p>\n\n\n\n<p class=\"wp-block-paragraph\">O evento esportivo \u00e9 realizado por meio de uma parceria entre a Suzano e a empresa Chelso Sports, com apoio da Prefeitura de Americana. Neste ano, al\u00e9m de beneficiar a Apae (Associa\u00e7\u00e3o de Pais e Amigos dos Excepcionais) de Americana, o Lar dos Velhinhos S\u00e3o Vicente de Paulo e o Fundo Social de Solidariedade de Americana, a iniciativa ainda ir\u00e1 arrecadar \u00e1gua mineral para o Rio Grande do Sul.<\/p>\n\n\n\n<p class=\"wp-block-paragraph\">As inscri\u00e7\u00f5es para participar da Corrida e Caminhada Suzano Faz Bem abrir\u00e3o no dia 18 junho, por meio do <a href=\"http:\/\/www.ticketsports.com.br\/e\/corrida-suzano-2024-49123\" rel=\"noopener\">www.ticketsports.com.br\/e\/corrida-suzano-2024-49123<\/a>. As vagas s\u00e3o limitadas e s\u00e3o esperados cerca de 1.500 participantes.<\/p>\n\n\n\n<p class=\"wp-block-paragraph\">\u201cEstamos felizes por realizar mais essa edi\u00e7\u00e3o da corrida em Americana, um evento que vai proporcionar momentos de lazer e bem-estar para os nossos colaboradores e para a comunidade. A Suzano acredita que s\u00f3 \u00e9 bom para n\u00f3s se for bom para o mundo e a\u00e7\u00f5es&nbsp;como essa&nbsp;refletem&nbsp;diretamente&nbsp;na&nbsp;sa\u00fade&nbsp;e&nbsp;na&nbsp;qualidade&nbsp;de&nbsp;vida&nbsp;de&nbsp;todos(as).&nbsp;Al\u00e9m&nbsp;disso, o evento vai beneficiar institui\u00e7\u00f5es da cidade por meio das doa\u00e7\u00f5es arrecadadas, o que refor\u00e7a nosso compromisso com a responsabilidade social\u201d,&nbsp;comenta Marcelo de Mello, gerente Executivo de Seguran\u00e7a, Sa\u00fade, Qualidade de Vida e Facilities da Suzano.&nbsp;&nbsp;&nbsp;<\/p>\n\n\n\n<p class=\"wp-block-paragraph\">A corrida leva o nome de um programa interno da Suzano \u2013 o Faz Bem -, que atua em cinco pilares da sa\u00fade: preventiva, mental, social, f\u00edsica e ergon\u00f4mica. Por meio desse programa, a empresa desenvolve diversas iniciativas voltadas \u00e0 sa\u00fade, qualidade de vida e bem-estar dos(as) colaboradores(as).&nbsp;<\/p>\n\n\n\n<p class=\"wp-block-paragraph\"><strong>Atra\u00e7\u00f5es <\/strong><strong><\/strong><\/p>\n\n\n\n<p class=\"wp-block-paragraph\">O evento deste ano deve contar com algumas atra\u00e7\u00f5es extras. Entre elas, est\u00e1 a participa\u00e7\u00e3o do maratonista Hugo Farias, que realizar\u00e1 uma din\u00e2mica de prepara\u00e7\u00e3o antes da corrida com os participantes interessados, compartilhando dicas para que tenham uma melhor performance na prova.<\/p>\n\n\n\n<p class=\"wp-block-paragraph\">O americanense Hugo Farias \u00e9 um nome de peso no cen\u00e1rio esportivo. Ele entrou recentemente para o livro de melhores performances do Guiness Book como recordista mundial por correr 366 maratonas em um ano e um dia. Antes disso, j\u00e1 havia se tornado o primeiro atleta das Am\u00e9ricas a concluir o desafio de correr uma maratona por dia em um ano. Ao longo da jornada, o maratonista correu 15.401.175 metros.<\/p>\n\n\n\n<p class=\"wp-block-paragraph\">Al\u00e9m disso, participantes e visitantes do evento esportivo tamb\u00e9m contar\u00e3o com Arena Kids, com monitor para crian\u00e7as acima de 6 anos; e a plataforma de fotos e v\u00eddeos Giro 360\u00b0. A Corrida e Caminhada Suzano Faz Bem ter\u00e1 ainda o Espa\u00e7o Sustentabilidade, onde haver\u00e1 exposi\u00e7\u00e3o e venda de trabalhos artesanais desenvolvidos por projetos sociais apoiados pela empresa, e a participa\u00e7\u00e3o de alguns food trucks.<\/p>\n\n\n\n<p class=\"wp-block-paragraph\"><strong>Inscri\u00e7\u00f5es&nbsp;solid\u00e1rias&nbsp;<\/strong><strong><\/strong><\/p>\n\n\n\n<p class=\"wp-block-paragraph\">Para garantir a participa\u00e7\u00e3o no evento, as pessoas interessadas precisam fazer um pr\u00e9-cadastro pelo site da corrida e depois efetivar a inscri\u00e7\u00e3o por&nbsp;meio&nbsp;da&nbsp;doa\u00e7\u00e3o&nbsp;de&nbsp;um&nbsp;kit&nbsp;com&nbsp;itens&nbsp;de limpeza, higiene ou alimenta\u00e7\u00e3o, \u00e0 escolha de cada participante.<\/p>\n\n\n\n<p class=\"wp-block-paragraph\">S\u00e3o tr\u00eas op\u00e7\u00f5es de kits para doa\u00e7\u00e3o, independentemente da modalidade escolhida: &nbsp;o primeiro kit deve ser composto por dois sab\u00f5es em p\u00f3 de 1,6 kg, dois detergentes e um desinfetante; o segundo kit deve conter tr\u00eas sabonetes, dois cremes dentais, um shampoo, um condicionador e um desodorante; e o terceiro kit deve ser formado por dois quilos de arroz, dois frascos de \u00f3leos e quatro garrafas de \u00e1gua mineral de 1,5 litro.<\/p>\n\n\n\n<p class=\"wp-block-paragraph\">A entrega das doa\u00e7\u00f5es dever\u00e1 ser feita na sede da APAE de Americana no dia anterior \u00e0 prova (20 de julho), das 10h \u00e0s 15h. Na ocasi\u00e3o, os participantes tamb\u00e9m j\u00e1 poder\u00e3o retirar seus kits da corrida e caminhada. Para isso, al\u00e9m de fazer a entrega do kit doa\u00e7\u00e3o, \u00e9 necess\u00e1rio que os inscritos apresentem um documento com foto (CNH ou RG) e o comprovante do pr\u00e9-cadastro.<\/p>\n\n\n\n<p class=\"wp-block-paragraph\">Os itens de limpeza arrecadados ser\u00e3o direcionados para a Apae, os itens de higiene pessoal ser\u00e3o encaminhados para o Lar dos Velhinhos S\u00e3o Vicente de Paulo e o Fundo Social de Solidariedade receber\u00e1 os itens de alimenta\u00e7\u00e3o. J\u00e1 a \u00e1gua ser\u00e1 destinada para o Rio Grande do Sul.<\/p>\n\n\n\n<p class=\"wp-block-paragraph\"><strong>A Corrida<\/strong><\/p>\n\n\n\n<p class=\"wp-block-paragraph\">A Corrida e Caminhada Suzano Faz Bem ter\u00e1 concentra\u00e7\u00e3o na rua Abrahim Abraham, 97, pr\u00f3ximo \u00e0 APAE, a partir das 6h. A largada da prova de 10 km ocorrer\u00e1 \u00e0s 7h15 e a da prova de 5 km ser\u00e1 \u00e0s 7h25.<\/p>\n\n\n\n<p class=\"wp-block-paragraph\">Todos(as)&nbsp;os(as)&nbsp;participantes&nbsp;que&nbsp;completarem&nbsp;o&nbsp;percurso&nbsp;receber\u00e3o&nbsp;uma&nbsp;medalha&nbsp;de&nbsp;participa\u00e7\u00e3o. Al\u00e9m disso, os(as)&nbsp;cinco&nbsp;primeiros(as)&nbsp;colocados(as)&nbsp;no&nbsp;ranking&nbsp;geral&nbsp;da&nbsp;corrida,&nbsp;de&nbsp;5 km ou 10 km,&nbsp;e&nbsp;os&nbsp;tr\u00eas&nbsp;primeiros&nbsp;por&nbsp;cada&nbsp;categoria&nbsp;(masculino,&nbsp;feminino&nbsp;e&nbsp;por&nbsp;faixa&nbsp;et\u00e1ria&nbsp;a&nbsp;cada&nbsp;10&nbsp;anos)&nbsp;tamb\u00e9m&nbsp;receber\u00e3o&nbsp;trof\u00e9us.&nbsp;Haver\u00e1 ainda sorteio de diversos brindes para os participantes ap\u00f3s a realiza\u00e7\u00e3o da prova.<\/p>\n\n\n\n<p class=\"wp-block-paragraph\"><strong><u>Sobre a Suzano<\/u><\/strong><\/p>\n\n\n\n<p class=\"wp-block-paragraph\">A Suzano \u00e9 a maior produtora mundial de celulose, uma das maiores produtoras de pap\u00e9is da Am\u00e9rica Latina, l\u00edder no segmento de papel higi\u00eanico no Brasil e refer\u00eancia no desenvolvimento de solu\u00e7\u00f5es sustent\u00e1veis e inovadoras a partir de mat\u00e9ria-prima de fonte renov\u00e1vel. Nossos produtos e solu\u00e7\u00f5es est\u00e3o presentes na vida de mais de 2 bilh\u00f5es de pessoas, abastecem mais de 100 pa\u00edses e incluem celulose; pap\u00e9is para imprimir e escrever; pap\u00e9is para embalagens, copos e canudos; pap\u00e9is sanit\u00e1rios e produtos absorventes; al\u00e9m de novos bioprodutos desenvolvidos para atender a demanda global. A inova\u00e7\u00e3o e a sustentabilidade orientam nosso prop\u00f3sito de \u201cRenovar a vida a partir da \u00e1rvore\u201d e nosso trabalho no enfrentamento dos desafios da sociedade e do planeta. Com 100 anos de hist\u00f3ria, temos a\u00e7\u00f5es nas bolsas do Brasil (SUZB3) e dos Estados Unidos (SUZ). Saiba mais na p\u00e1gina: <a href=\"https:\/\/www.suzano.com.br\/\" rel=\"noopener\">https:\/\/www.suzano.com.br\/<\/a><strong><\/strong><\/p>\n","protected":false},"excerpt":{"rendered":"<p>Com o objetivo de incentivar a pr\u00e1tica de atividade f\u00edsica na comunidade, iniciativa ainda ir\u00e1 arrecadar doa\u00e7\u00f5es para institui\u00e7\u00f5es da cidade e para o Rio Grande do Sul; as inscri\u00e7\u00f5es abrem no dia 18 de junho A Suzano, maior produtora mundial de celulose e refer\u00eancia global na fabrica\u00e7\u00e3o de bioprodutos desenvolvidos a partir de \u00e1rvores [&hellip;]<\/p>\n","protected":false},"author":2,"featured_media":8546,"comment_status":"open","ping_status":"open","sticky":false,"template":"","format":"standard","meta":{"_jetpack_newsletter_access":"","_jetpack_dont_email_post_to_subs":false,"_jetpack_newsletter_tier_id":0,"_jetpack_memberships_contains_paywalled_content":false,"_mbp_banners":[],"_jetpack_feature_clip_id":0,"_jetpack_memberships_contains_paid_content":false,"footnotes":"","jetpack_publicize_message":"","jetpack_publicize_feature_enabled":true,"jetpack_social_post_already_shared":true,"jetpack_social_options":{"image_generator_settings":{"template":"highway","default_image_id":0,"font":"","enabled":false},"version":2},"jetpack_post_was_ever_published":false},"categories":[23,16],"tags":[],"class_list":["post-8544","post","type-post","status-publish","format-standard","has-post-thumbnail","category-esportes","category-local"],"jetpack_publicize_connections":[],"jetpack-related-posts":[],"jetpack_shortlink":"https:\/\/wp.me\/p7Eq1F-2dO","jetpack_sharing_enabled":true,"jetpack_featured_media_url":"https:\/\/i0.wp.com\/guialimeira.com.br\/news\/wp-content\/uploads\/2024\/06\/Corrida-Suzano-Faz-Bem-1-scaled.jpg?fit=2560%2C1707&ssl=1","_links":{"self":[{"href":"https:\/\/guialimeira.com.br\/news\/wp-json\/wp\/v2\/posts\/8544","targetHints":{"allow":["GET"]}}],"collection":[{"href":"https:\/\/guialimeira.com.br\/news\/wp-json\/wp\/v2\/posts"}],"about":[{"href":"https:\/\/guialimeira.com.br\/news\/wp-json\/wp\/v2\/types\/post"}],"author":[{"embeddable":true,"href":"https:\/\/guialimeira.com.br\/news\/wp-json\/wp\/v2\/users\/2"}],"replies":[{"embeddable":true,"href":"https:\/\/guialimeira.com.br\/news\/wp-json\/wp\/v2\/comments?post=8544"}],"version-history":[{"count":1,"href":"https:\/\/guialimeira.com.br\/news\/wp-json\/wp\/v2\/posts\/8544\/revisions"}],"predecessor-version":[{"id":8547,"href":"https:\/\/guialimeira.com.br\/news\/wp-json\/wp\/v2\/posts\/8544\/revisions\/8547"}],"wp:featuredmedia":[{"embeddable":true,"href":"https:\/\/guialimeira.com.br\/news\/wp-json\/wp\/v2\/media\/8546"}],"wp:attachment":[{"href":"https:\/\/guialimeira.com.br\/news\/wp-json\/wp\/v2\/media?parent=8544"}],"wp:term":[{"taxonomy":"category","embeddable":true,"href":"https:\/\/guialimeira.com.br\/news\/wp-json\/wp\/v2\/categories?post=8544"},{"taxonomy":"post_tag","embeddable":true,"href":"https:\/\/guialimeira.com.br\/news\/wp-json\/wp\/v2\/tags?post=8544"}],"curies":[{"name":"wp","href":"https:\/\/api.w.org\/{rel}","templated":true}]}}