{"id":8543,"date":"2024-06-18T15:11:44","date_gmt":"2024-06-18T18:11:44","guid":{"rendered":"https:\/\/guialimeira.com.br\/2024\/06\/18\/vacinacao-contra-a-polio-e-prorrogada-em-limeira\/"},"modified":"2024-06-18T15:11:44","modified_gmt":"2024-06-18T18:11:44","slug":"vacinacao-contra-a-polio-e-prorrogada-em-limeira","status":"publish","type":"post","link":"https:\/\/guialimeira.com.br\/news\/vacinacao-contra-a-polio-e-prorrogada-em-limeira\/","title":{"rendered":"Vacina\u00e7\u00e3o contra a p\u00f3lio \u00e9 prorrogada em Limeira"},"content":{"rendered":"<p> <br \/>\n<br \/><img data-recalc-dims=\"1\" decoding=\"async\" src=\"https:\/\/i0.wp.com\/ecrie.com.br\/sistema\/conteudos\/imagem\/m_137_0_1_20092023112446.jpg?w=696&#038;ssl=1\" \/><\/p>\n<p style=\"text-align: justify\">A Campanha de Vacina&ccedil;&atilde;o contra a Poliomielite (paralisia infantil) para crian&ccedil;as menores de 5 anos foi prorrogada em Limeira. Agora, a a&ccedil;&atilde;o vai at&eacute; 28 de junho. Segundo a Secretaria de Sa&uacute;de, os pais devem lev&aacute;-las a uma Unidade B&aacute;sica de Sa&uacute;de (UBS) com sala de imuniza&ccedil;&atilde;o com a caderneta de vacina&ccedil;&atilde;o.<\/p>\n<p style=\"text-align: justify\">A poliomielite &eacute; uma doen&ccedil;a infectocontagiosa aguda, caracterizada pela contamina&ccedil;&atilde;o pelo poliov&iacute;rus que pode causar paralisia muscular dos membros inferiores, de forma assim&eacute;trica e irrevers&iacute;vel. Em casos graves podendo evoluir a &oacute;bito, &ldquo;A vacina&ccedil;&atilde;o &eacute; a principal forma de preven&ccedil;&atilde;o&rdquo;, afirma a diretora de Vigil&acirc;ncia em Sa&uacute;de, Renata Martins.<\/p>\n<p style=\"text-align: justify\">A vacina&ccedil;&atilde;o est&aacute; dispon&iacute;vel de segunda a sexta-feira, das 8h &agrave;s 12h e das 13h &agrave;s 16h, nas UBSs: Ab&iacute;lio Pedro, Aeroporto, Campo Belo, Cecap, Morro Azul, Dores 1, Dores 2, Nova Europa, Nova Limeira, Nova Su&iacute;&ccedil;a, Novo Horizonte, Planalto, Hip&oacute;lito 1, Vista Alegre e Graminha, al&eacute;m do Ambulat&oacute;rio de Especialidades do Residencial Rubi.<\/p>\n<p><br \/>\n<br \/><a href=\"https:\/\/limeira.sp.gov.br\/vacinacao-contra-a-polio-e-prorrogada-em-limeira\" rel=\"noopener\">Informa\u00e7\u00f5es da PML <\/a><\/p>\n","protected":false},"excerpt":{"rendered":"<p>A Campanha de Vacina&ccedil;&atilde;o contra a Poliomielite (paralisia infantil) para crian&ccedil;as menores de 5 anos foi prorrogada em Limeira. Agora, a a&ccedil;&atilde;o vai at&eacute; 28 de junho. Segundo a Secretaria de Sa&uacute;de, os pais devem lev&aacute;-las a uma Unidade B&aacute;sica de Sa&uacute;de (UBS) com sala de imuniza&ccedil;&atilde;o com a caderneta de vacina&ccedil;&atilde;o. A poliomielite &eacute; [&hellip;]<\/p>\n","protected":false},"author":1,"featured_media":6320,"comment_status":"open","ping_status":"open","sticky":false,"template":"","format":"standard","meta":{"_jetpack_newsletter_access":"","_jetpack_dont_email_post_to_subs":false,"_jetpack_newsletter_tier_id":0,"_jetpack_memberships_contains_paywalled_content":false,"_mbp_banners":[],"_jetpack_feature_clip_id":0,"_jetpack_memberships_contains_paid_content":false,"footnotes":"","jetpack_publicize_message":"","jetpack_publicize_feature_enabled":true,"jetpack_social_post_already_shared":true,"jetpack_social_options":{"image_generator_settings":{"template":"highway","default_image_id":0,"font":"","enabled":false},"version":2},"jetpack_post_was_ever_published":false},"categories":[16],"tags":[],"class_list":["post-8543","post","type-post","status-publish","format-standard","has-post-thumbnail","category-local"],"jetpack_publicize_connections":[],"jetpack-related-posts":[],"jetpack_shortlink":"https:\/\/wp.me\/p7Eq1F-2dN","jetpack_sharing_enabled":true,"jetpack_featured_media_url":"https:\/\/i0.wp.com\/guialimeira.com.br\/news\/wp-content\/uploads\/2024\/05\/m_137_0_1_20092023112446.jpg?fit=1280%2C852&ssl=1","_links":{"self":[{"href":"https:\/\/guialimeira.com.br\/news\/wp-json\/wp\/v2\/posts\/8543","targetHints":{"allow":["GET"]}}],"collection":[{"href":"https:\/\/guialimeira.com.br\/news\/wp-json\/wp\/v2\/posts"}],"about":[{"href":"https:\/\/guialimeira.com.br\/news\/wp-json\/wp\/v2\/types\/post"}],"author":[{"embeddable":true,"href":"https:\/\/guialimeira.com.br\/news\/wp-json\/wp\/v2\/users\/1"}],"replies":[{"embeddable":true,"href":"https:\/\/guialimeira.com.br\/news\/wp-json\/wp\/v2\/comments?post=8543"}],"version-history":[{"count":0,"href":"https:\/\/guialimeira.com.br\/news\/wp-json\/wp\/v2\/posts\/8543\/revisions"}],"wp:featuredmedia":[{"embeddable":true,"href":"https:\/\/guialimeira.com.br\/news\/wp-json\/wp\/v2\/media\/6320"}],"wp:attachment":[{"href":"https:\/\/guialimeira.com.br\/news\/wp-json\/wp\/v2\/media?parent=8543"}],"wp:term":[{"taxonomy":"category","embeddable":true,"href":"https:\/\/guialimeira.com.br\/news\/wp-json\/wp\/v2\/categories?post=8543"},{"taxonomy":"post_tag","embeddable":true,"href":"https:\/\/guialimeira.com.br\/news\/wp-json\/wp\/v2\/tags?post=8543"}],"curies":[{"name":"wp","href":"https:\/\/api.w.org\/{rel}","templated":true}]}}