{"id":8524,"date":"2024-06-18T12:05:51","date_gmt":"2024-06-18T15:05:51","guid":{"rendered":"https:\/\/guialimeira.com.br\/2024\/06\/18\/combate-ao-aquecimento-global-esta-na-pauta-da-reuniao-do-u20\/"},"modified":"2024-06-18T12:05:51","modified_gmt":"2024-06-18T15:05:51","slug":"combate-ao-aquecimento-global-esta-na-pauta-da-reuniao-do-u20","status":"publish","type":"post","link":"https:\/\/guialimeira.com.br\/news\/combate-ao-aquecimento-global-esta-na-pauta-da-reuniao-do-u20\/","title":{"rendered":"Combate ao aquecimento global est\u00e1 na pauta da reuni\u00e3o do U20"},"content":{"rendered":"<p> <br \/>\n<\/p>\n<div>\n<p>O papel de governos locais como l\u00edderes econ\u00f4micos e pol\u00edticos mundiais ser\u00e1 discutido no encontro de dois dias, que come\u00e7a nesta segunda-feira (17), no Instituto Tomie Ohtake, na capital paulista. Ser\u00e1 o primeiroUrban20 (U20), grupo que concentra cidades do G20 formado pelas principais economias do mundo e co-presidido pelos munici\u0301pios do Rio de Janeiro e de Sa\u0303o Paulo. Estar\u00e3o presentes autoridades de 38 munic\u00edpios e uma das principais pautas ser\u00e1 o combate ao aquecimento global.<img data-recalc-dims=\"1\" decoding=\"async\" src=\"https:\/\/i0.wp.com\/agenciabrasil.ebc.com.br\/ebc.png?w=696&#038;ssl=1\" style=\"width:1px; height:1px; display:inline;\"\/><img data-recalc-dims=\"1\" decoding=\"async\" src=\"https:\/\/i0.wp.com\/agenciabrasil.ebc.com.br\/ebc.gif?w=696&#038;ssl=1\" style=\"width:1px; height:1px; display:inline;\"\/><\/p>\n<p>\u201cO encontro busca promover a diplomacia urbana, discutir as prioridades estabelecidas pela presid\u00eancia do G20 sob a perspectiva urbana. Planejar a\u00e7\u00f5es e favorecer novos neg\u00f3cios e a coopera\u00e7\u00e3o internacional entre os munic\u00edpios do U20\u201d, informou a prefeitura do Rio em nota.<\/p>\n<p>Para o prefeito do Rio, Eduardo Paes, as a\u00e7\u00f5es de enfrentamento \u00e0s mudan\u00e7as clim\u00e1ticas est\u00e3o nas cidades, que s\u00e3o os motores do crescimento econ\u00f4mico e representam mais de 80% do PIB mundial. Paes acrescentou que \u00e9 preciso garantir financiamentos aos munic\u00edpios.<\/p>\n<p>\u201cS\u00e3o necess\u00e1rios mecanismos, dentro da governan\u00e7a global, que garantam acesso ao financiamento internacional \u00e0s cidades. Os munic\u00edpios dos pa\u00edses em desenvolvimento t\u00eam potencial para atrair cerca de US$ 30 bilh\u00f5es em investimentos relacionados ao clima at\u00e9 2030. O G20 \u00e9 uma oportunidade \u00fanica para mostrarmos \u00e0s maiores lideran\u00e7as mundiais a import\u00e2ncia da reforma financeira global\u201d, disse o prefeito, em nota divulgada pela prefeitura.<\/p>\n<p>Na vis\u00e3o do chefe do executivo da cidade de S\u00e3o Paulo, Ricardo Nunes, a c\u00fapula \u00e9 o principal evento do U20. \u201cUma grande oportunidade para debater ideias e elaborar pol\u00edticas p\u00fablicas comprometidas com o desenvolvimento urbano sustent\u00e1vel\u201d, indicou tamb\u00e9m na nota.<br \/>Nunes ainda deu boas-vindas aos participantes: \u201cA cidade de S\u00e3o Paulo tem a honra de sediar t\u00e3o importante encontro e, na nossa tradi\u00e7\u00e3o em receber bem, deseja uma excelente participa\u00e7\u00e3o e experi\u00eancia a todos\u201d.<\/p>\n<div class=\"dnd-widget-wrapper context-grande_6colunas type-image atom-align-left\">\n<div class=\"dnd-atom-rendered\"><!-- scald=340654:grande_6colunas {\"additionalClasses\":\"\"} --><\/p>\n<div class=\"shadow overflow-hidden rounded-lg d-block w-100\">\n            <img data-recalc-dims=\"1\" decoding=\"async\" src=\"https:\/\/i0.wp.com\/agenciabrasil.ebc.com.br\/sites\/default\/files\/thumbnails\/image\/loading_v2.gif?w=696&#038;ssl=1\" data-echo=\"https:\/\/imagens.ebc.com.br\/3otKtHGVhMr0IgXspSguoif5mUM=\/463x0\/smart\/https:\/\/agenciabrasil.ebc.com.br\/sites\/default\/files\/thumbnails\/image\/img_3665.jpg?itok=5iAuncej\" alt=\"S\u00e3o Paulo (SP), 07\/08\/2023 - O prefeito de S\u00e3o Paulo, Ricardo Nunes, fala sobre o contrato da prefeitura com o projeto Smart Sampa, que prev\u00ea a distribui\u00e7\u00e3o de c\u00e2meras de monitoramento na cidade de S\u00e3o Paulo, em coletiva de imprensa na sede da prefeitura . Foto: Rovena Rosa\/Ag\u00eancia Brasil\" title=\"Rovena Rosa\/Ag\u00eancia Brasil\" class=\"flex-fill img-cover\"\/><br \/>\n        <img data-recalc-dims=\"1\" decoding=\"async\" src=\"https:\/\/i0.wp.com\/imagens.ebc.com.br\/3otKtHGVhMr0IgXspSguoif5mUM%3D\/463x0\/smart\/https%3A\/\/agenciabrasil.ebc.com.br\/sites\/default\/files\/thumbnails\/image\/img_3665.jpg?w=696&#038;ssl=1\" alt=\"S\u00e3o Paulo (SP), 07\/08\/2023 - O prefeito de S\u00e3o Paulo, Ricardo Nunes, fala sobre o contrato da prefeitura com o projeto Smart Sampa, que prev\u00ea a distribui\u00e7\u00e3o de c\u00e2meras de monitoramento na cidade de S\u00e3o Paulo, em coletiva de imprensa na sede da prefeitura . Foto: Rovena Rosa\/Ag\u00eancia Brasil\" title=\"Rovena Rosa\/Ag\u00eancia Brasil\" class=\"flex-fill img-cover\"\/>\n    <\/div>\n<p><!-- END scald=340654 --><\/div>\n<div class=\"dnd-caption-wrapper\">\n<p>\u00a0O prefeito de S\u00e3o Paulo, Ricardo Nunes. Foto:\u00a0<strong>Rovena Rosa\/Ag\u00eancia Brasil<\/strong><!--END copyright=340654--><\/p>\n<\/div>\n<\/div>\n<p>Segundo o coordenador de Rela\u00e7\u00f5es Internacionais da capital fluminense, Ant\u00f4nio Mariano, a co-presid\u00eancia com S\u00e3o Paulo \u00e9 fundamental e demonstra a prioridade do a capital fluminense em refor\u00e7ar o desenvolvimento urbano sustent\u00e1vel e a resili\u00eancia nas cidades no Brasil e no mundo.<\/p>\n<p>\u201cS\u00e3o duas das maiores cidades do Sul Global levando a cabo um debate de alto n\u00edvel com outros prefeitos do G20, prontos para reverter o atual quadro de desigualdade global e mitigar os impactos ambientais e sociais das mudan\u00e7as clim\u00e1ticas. Esse esfor\u00e7o conjunto visa produzir um entendimento internacional comum sobre a import\u00e2ncia das pol\u00edticas p\u00fablicas urbanas, de encontrar solu\u00e7\u00f5es inovadoras sustent\u00e1veis e meios de implementa\u00e7\u00e3o delas, construindo um futuro mais justo e equitativo para todos\u201d, apontou.<\/p>\n<p>A segunda reuni\u00e3o do U20, est\u00e1 prevista para novembro, no Rio, e, pela primeira vez, ocorrer\u00e1 na v\u00e9spera do encontro de chefes de Estado e de governo do G20. \u201cComo a estrutura local lida mais diretamente com as crises, desde a desigualdade econ\u00f4mica at\u00e9 as cat\u00e1strofes clim\u00e1ticas, a realiza\u00e7\u00e3o do encontro de prefeitos \u00e0s v\u00e9speras da c\u00fapula do G20 pode promover relevante influ\u00eancia nas discuss\u00f5es de chefes de Estados quanto \u00e0 governan\u00e7a global e entre os diversos n\u00edveis da administra\u00e7\u00e3o p\u00fablica\u201d, informa\u00a0a prefeitura do Rio.<br \/>\u00a0<\/p>\n<\/p><\/div>\n<p><br \/>\n<br \/><a href=\"https:\/\/agenciabrasil.ebc.com.br\/economia\/noticia\/2024-06\/combate-ao-aquecimento-global-esta-na-pauta-da-reuniao-do-u20\" rel=\"noopener\">Ag\u00eancia Brasil<\/a><\/p>\n","protected":false},"excerpt":{"rendered":"<p>O papel de governos locais como l\u00edderes econ\u00f4micos e pol\u00edticos mundiais ser\u00e1 discutido no encontro de dois dias, que come\u00e7a nesta segunda-feira (17), no Instituto Tomie Ohtake, na capital paulista. Ser\u00e1 o primeiroUrban20 (U20), grupo que concentra cidades do G20 formado pelas principais economias do mundo e co-presidido pelos munici\u0301pios do Rio de Janeiro e [&hellip;]<\/p>\n","protected":false},"author":1,"featured_media":8525,"comment_status":"open","ping_status":"open","sticky":false,"template":"","format":"standard","meta":{"_jetpack_newsletter_access":"","_jetpack_dont_email_post_to_subs":false,"_jetpack_newsletter_tier_id":0,"_jetpack_memberships_contains_paywalled_content":false,"_mbp_banners":[],"_jetpack_feature_clip_id":0,"_jetpack_memberships_contains_paid_content":false,"footnotes":"","jetpack_publicize_message":"","jetpack_publicize_feature_enabled":true,"jetpack_social_post_already_shared":true,"jetpack_social_options":{"image_generator_settings":{"template":"highway","default_image_id":0,"font":"","enabled":false},"version":2},"jetpack_post_was_ever_published":false},"categories":[24],"tags":[],"class_list":["post-8524","post","type-post","status-publish","format-standard","has-post-thumbnail","category-economia"],"jetpack_publicize_connections":[],"jetpack-related-posts":[],"jetpack_shortlink":"https:\/\/wp.me\/p7Eq1F-2du","jetpack_sharing_enabled":true,"jetpack_featured_media_url":"https:\/\/i0.wp.com\/guialimeira.com.br\/news\/wp-content\/uploads\/2024\/06\/dsc5803.jpg?fit=1600%2C800&ssl=1","_links":{"self":[{"href":"https:\/\/guialimeira.com.br\/news\/wp-json\/wp\/v2\/posts\/8524","targetHints":{"allow":["GET"]}}],"collection":[{"href":"https:\/\/guialimeira.com.br\/news\/wp-json\/wp\/v2\/posts"}],"about":[{"href":"https:\/\/guialimeira.com.br\/news\/wp-json\/wp\/v2\/types\/post"}],"author":[{"embeddable":true,"href":"https:\/\/guialimeira.com.br\/news\/wp-json\/wp\/v2\/users\/1"}],"replies":[{"embeddable":true,"href":"https:\/\/guialimeira.com.br\/news\/wp-json\/wp\/v2\/comments?post=8524"}],"version-history":[{"count":0,"href":"https:\/\/guialimeira.com.br\/news\/wp-json\/wp\/v2\/posts\/8524\/revisions"}],"wp:featuredmedia":[{"embeddable":true,"href":"https:\/\/guialimeira.com.br\/news\/wp-json\/wp\/v2\/media\/8525"}],"wp:attachment":[{"href":"https:\/\/guialimeira.com.br\/news\/wp-json\/wp\/v2\/media?parent=8524"}],"wp:term":[{"taxonomy":"category","embeddable":true,"href":"https:\/\/guialimeira.com.br\/news\/wp-json\/wp\/v2\/categories?post=8524"},{"taxonomy":"post_tag","embeddable":true,"href":"https:\/\/guialimeira.com.br\/news\/wp-json\/wp\/v2\/tags?post=8524"}],"curies":[{"name":"wp","href":"https:\/\/api.w.org\/{rel}","templated":true}]}}