{"id":8507,"date":"2024-06-18T10:03:38","date_gmt":"2024-06-18T13:03:38","guid":{"rendered":"https:\/\/guialimeira.com.br\/2024\/06\/18\/financiamento-de-veiculos-cresce-154-em-maio-em-relacao-a-2023\/"},"modified":"2024-06-18T10:03:38","modified_gmt":"2024-06-18T13:03:38","slug":"financiamento-de-veiculos-cresce-154-em-maio-em-relacao-a-2023","status":"publish","type":"post","link":"https:\/\/guialimeira.com.br\/news\/financiamento-de-veiculos-cresce-154-em-maio-em-relacao-a-2023\/","title":{"rendered":"Financiamento de ve\u00edculos cresce 15,4% em maio em rela\u00e7\u00e3o a 2023"},"content":{"rendered":"<p> <br \/>\n<\/p>\n<div>\n<p>As vendas financiadas de ve\u00edculos novos e usados aumentaram 15,4% em maio deste ano na compara\u00e7\u00e3o com o mesmo m\u00eas do ano passado. Foram vendidas 577 mil unidades incluindo autos leves, motos e ve\u00edculos pesados em todo o pa\u00eds. J\u00e1 na compara\u00e7\u00e3o com o m\u00eas de abril deste ano, houve queda de 5,6%, de acordo com dados da B3.<img data-recalc-dims=\"1\" decoding=\"async\" src=\"https:\/\/i0.wp.com\/agenciabrasil.ebc.com.br\/ebc.png?w=696&#038;ssl=1\" style=\"width:1px; height:1px; display:inline;\"\/><img data-recalc-dims=\"1\" decoding=\"async\" src=\"https:\/\/i0.wp.com\/agenciabrasil.ebc.com.br\/ebc.gif?w=696&#038;ssl=1\" style=\"width:1px; height:1px; display:inline;\"\/><\/p>\n<p>No acumulado do ano, as vendas financiadas de ve\u00edculos somaram 2,8 milh\u00f5es de unidades. O n\u00famero representa alta de 24,4% em rela\u00e7\u00e3o ao mesmo per\u00edodo de 2023, o que equivale a cerca de 559 mil unidades a mais. Al\u00e9m disso, essa \u00e9 a melhor marca para os cinco primeiros meses do ano desde 2011.<\/p>\n<p>Segundo o balan\u00e7o, no segmento de autos leves, houve\u00a0alta de 14,4% ante maio de 2023 e queda de 6% comparado a abril. J\u00e1 o financiamento de ve\u00edculos pesados cresceu 12,8% na compara\u00e7\u00e3o com o mesmo per\u00edodo do ano anterior, mas caiu 5,1% em rela\u00e7\u00e3o a abril. O n\u00famero de financiamentos de motos no m\u00eas foi 18,1% maior do que em maio de 2023 e 1% menor do que em abril.<\/p>\n<p>\u201cOs resultados de maio seguem a tend\u00eancia de crescimento neste ano em rela\u00e7\u00e3o a 2023. A queda na compara\u00e7\u00e3o com o m\u00eas anterior est\u00e1 relacionada principalmente \u00e0\u00a0trag\u00e9dia ocorrida no Rio Grande do Sul, com impacto direto no varejo local e na opera\u00e7\u00e3o do Detran desse estado\u201d, explicou o gerente de Planejamento e Intelig\u00eancia de Mercado na B3, Gustavo de Oliveira Ferro.<\/p>\n<p>De acordo com ele, devido \u00e0s enchentes no Rio Grande do Sul, o Detran do estado deixou de operar entre os dias 7 e 25 de maio e por isso os apontamentos de gravame deixaram de ocorrer nesse per\u00edodo, ocasionando um represamento das opera\u00e7\u00f5es.<\/p>\n<p>Com as atividades restabelecidas no dia 26,\u00a0parte das opera\u00e7\u00f5es represadas acabou sendo efetivada nos \u00faltimos dias de maio e outra parte, nos primeiros dias de junho. Segundo a B3, os financiamentos de ve\u00edculos no Rio Grande do Sul representavam 5,8% do total do Brasil at\u00e9 abril deste ano. Em maio, essa percentual caiu para 2,6%.<\/p>\n<\/p><\/div>\n<p><br \/>\n<br \/><a href=\"https:\/\/agenciabrasil.ebc.com.br\/economia\/noticia\/2024-06\/financiamento-de-veiculos-cresce-154-em-maio-em-relacao-2023\" rel=\"noopener\">Ag\u00eancia Brasil<\/a><\/p>\n","protected":false},"excerpt":{"rendered":"<p>As vendas financiadas de ve\u00edculos novos e usados aumentaram 15,4% em maio deste ano na compara\u00e7\u00e3o com o mesmo m\u00eas do ano passado. Foram vendidas 577 mil unidades incluindo autos leves, motos e ve\u00edculos pesados em todo o pa\u00eds. J\u00e1 na compara\u00e7\u00e3o com o m\u00eas de abril deste ano, houve queda de 5,6%, de acordo [&hellip;]<\/p>\n","protected":false},"author":1,"featured_media":8508,"comment_status":"open","ping_status":"open","sticky":false,"template":"","format":"standard","meta":{"_jetpack_newsletter_access":"","_jetpack_dont_email_post_to_subs":false,"_jetpack_newsletter_tier_id":0,"_jetpack_memberships_contains_paywalled_content":false,"_mbp_banners":[],"_jetpack_feature_clip_id":0,"_jetpack_memberships_contains_paid_content":false,"footnotes":"","jetpack_publicize_message":"","jetpack_publicize_feature_enabled":true,"jetpack_social_post_already_shared":true,"jetpack_social_options":{"image_generator_settings":{"template":"highway","default_image_id":0,"font":"","enabled":false},"version":2},"jetpack_post_was_ever_published":false},"categories":[24],"tags":[],"class_list":["post-8507","post","type-post","status-publish","format-standard","has-post-thumbnail","category-economia"],"jetpack_publicize_connections":[],"jetpack-related-posts":[],"jetpack_shortlink":"https:\/\/wp.me\/p7Eq1F-2dd","jetpack_sharing_enabled":true,"jetpack_featured_media_url":"https:\/\/i0.wp.com\/guialimeira.com.br\/news\/wp-content\/uploads\/2024\/06\/1500mc_0062.jpg?fit=1600%2C800&ssl=1","_links":{"self":[{"href":"https:\/\/guialimeira.com.br\/news\/wp-json\/wp\/v2\/posts\/8507","targetHints":{"allow":["GET"]}}],"collection":[{"href":"https:\/\/guialimeira.com.br\/news\/wp-json\/wp\/v2\/posts"}],"about":[{"href":"https:\/\/guialimeira.com.br\/news\/wp-json\/wp\/v2\/types\/post"}],"author":[{"embeddable":true,"href":"https:\/\/guialimeira.com.br\/news\/wp-json\/wp\/v2\/users\/1"}],"replies":[{"embeddable":true,"href":"https:\/\/guialimeira.com.br\/news\/wp-json\/wp\/v2\/comments?post=8507"}],"version-history":[{"count":0,"href":"https:\/\/guialimeira.com.br\/news\/wp-json\/wp\/v2\/posts\/8507\/revisions"}],"wp:featuredmedia":[{"embeddable":true,"href":"https:\/\/guialimeira.com.br\/news\/wp-json\/wp\/v2\/media\/8508"}],"wp:attachment":[{"href":"https:\/\/guialimeira.com.br\/news\/wp-json\/wp\/v2\/media?parent=8507"}],"wp:term":[{"taxonomy":"category","embeddable":true,"href":"https:\/\/guialimeira.com.br\/news\/wp-json\/wp\/v2\/categories?post=8507"},{"taxonomy":"post_tag","embeddable":true,"href":"https:\/\/guialimeira.com.br\/news\/wp-json\/wp\/v2\/tags?post=8507"}],"curies":[{"name":"wp","href":"https:\/\/api.w.org\/{rel}","templated":true}]}}