{"id":8500,"date":"2024-06-18T09:03:54","date_gmt":"2024-06-18T12:03:54","guid":{"rendered":"https:\/\/guialimeira.com.br\/2024\/06\/18\/governo-lanca-guia-para-torcedores-sobre-copa-america-de-futebol\/"},"modified":"2024-06-18T09:03:54","modified_gmt":"2024-06-18T12:03:54","slug":"governo-lanca-guia-para-torcedores-sobre-copa-america-de-futebol","status":"publish","type":"post","link":"https:\/\/guialimeira.com.br\/news\/governo-lanca-guia-para-torcedores-sobre-copa-america-de-futebol\/","title":{"rendered":"Governo lan\u00e7a guia para torcedores sobre Copa Am\u00e9rica de Futebol"},"content":{"rendered":"<p> <br \/>\n<\/p>\n<div>\n<p>O Minist\u00e9rio das Rela\u00e7\u00f5es Exteriores (MRE) divulgou, na sexta-feira (14),\u00a0o <a href=\"https:\/\/www.gov.br\/mre\/pt-br\/assuntos\/portal-consular\/alertas%20e%20noticias\/noticias\/guia-consular-dos-torcedores-brasileiros-para-a-copa-america-de-futebol-2024\/GUIADOTORCEDORCOPAAMERICA2024_v.LA13jun24.pdf\" target=\"_blank\" rel=\"noopener\">Guia Consular dos Torcedores Brasileiros para a Copa Am\u00e9rica de Futebol 2024<\/a>. A competi\u00e7\u00e3o\u00a0ser\u00e1 realizada nos Estados Unidos\u00a0(EUA) entre 20 junho e 24 julho, sob organiza\u00e7\u00e3o da Conmebol, em parceria com a Confedera\u00e7\u00e3o de Futebol da Am\u00e9rica do Norte, Central e Caribe (Concacaf). O documento tem o objetivo de ajudar torcedores brasileiros durante os jogos.<img data-recalc-dims=\"1\" decoding=\"async\" src=\"https:\/\/i0.wp.com\/agenciabrasil.ebc.com.br\/ebc.png?w=696&#038;ssl=1\" style=\"width:1px; height:1px; display:inline;\"\/><img data-recalc-dims=\"1\" decoding=\"async\" src=\"https:\/\/i0.wp.com\/agenciabrasil.ebc.com.br\/ebc.gif?w=696&#038;ssl=1\" style=\"width:1px; height:1px; display:inline;\"\/><\/p>\n<p>O documento foi elaborado em parceria com os consulados do Brasil de tr\u00eas localidades no territ\u00f3rio norte-americano: Los Angeles, S\u00e3o Francisco, Washington e Miami.<\/p>\n<h2>O guia<\/h2>\n<p>O novo guia, com 33 p\u00e1ginas, traz informa\u00e7\u00f5es \u00fateis de\u00a0seguran\u00e7a e praticidade dos viajantes para acompanharem os jogos. Ele inclui as datas e localidades dos jogos da Sele\u00e7\u00e3o Brasileira de Futebol e advers\u00e1rios, al\u00e9m de fusos hor\u00e1rios das cidades onde ocorrer\u00e3o as partidas.H\u00e1 tamb\u00e9m\u00a0\u00a0dados gerais, como clima, voltagem, tipo de tomada, sistemas de transporte p\u00fablico, atra\u00e7\u00f5es tur\u00edsticas das cidades.<\/p>\n<p>O leitor\u00a0\u00e9 ainda informado sobre provid\u00eancias de viagens, a come\u00e7ar pelo visto v\u00e1lido exigido a todos os brasileiros que querem entrar nos EUA, a carteira brasileira de motorista, que dispensa a necessidade de ter a Permiss\u00e3o Internacional para Dirigir naquele pa\u00eds, o consumo de bebidas alco\u00f3licas em p\u00fablico, restri\u00e7\u00f5es de bagagens e\u00a0servi\u00e7os banc\u00e1rios.<\/p>\n<p>O documento explica o que fazer em caso de emerg\u00eancias de sa\u00fade e indica\u00a0os principais servi\u00e7os m\u00e9dicos,\u00a0de seguran\u00e7a nas estradas e <em>links<\/em> com as condi\u00e7\u00f5es de tr\u00e2nsito no trecho pretendido.<\/p>\n<p>H\u00e1 tamb\u00e9m conte\u00fado sobre como obter apoio consular ao torcedor naquela cidade, com\u00a0os contatos da representa\u00e7\u00e3o do governo brasileiro na cidade de cada jogo, como <em>links<\/em>, <em>e-mails<\/em> e telefones com WhatsApp.<\/p>\n<p>O MRE aconselha o turista a ficar atento aos seus pertences e n\u00e3o deixar bens vis\u00edveis em ve\u00edculos estacionados.<\/p>\n<h2>Copa Am\u00e9rica<\/h2>\n<p>Esta \u00e9 a segunda edi\u00e7\u00e3o da Copa Am\u00e9rica nos EUA, tendo a primeira ocorrido em 2016.<\/p>\n<p>Na primeira etapa\u00a0da competi\u00e7\u00e3o, chamada Fase de Grupos, os jogos do Brasil ser\u00e3o realizados em cidades localizadas na regi\u00e3o oeste do\u00a0pa\u00eds: Los Angeles (Calif\u00f3rnia), Las Vegas (Nevada) e\u00a0Santa Clara (Calif\u00f3rnia),<\/p>\n<p>Em caso de classifica\u00e7\u00e3o para as fases finais, a sele\u00e7\u00e3o canarinha se deslocar\u00e1 at\u00e9 cidades-sede do sul e do leste, conforme a ordem de classifica\u00e7\u00e3o no grupo e avan\u00e7o na competi\u00e7\u00e3o: Glendale (Arizona), nas Quartas de Final; Charlotte (Carolina Do Norte), se chegar \u00e0 semifinal. As duas sele\u00e7\u00f5es finalistas da Copa Am\u00e9rica de Futebol 2024\u00a0disputar\u00e3o o t\u00edtulo em Miami (Fl\u00f3rida).<\/p>\n<p>O t\u00e9cnico da Sele\u00e7\u00e3o Brasileira de Futebol, Dorival J\u00fanior, completou em maio a\u00a0<a href=\"http:\/\/\u00a0https:\/\/agenciabrasil.ebc.com.br\/esportes\/noticia\/2024-05\/dorival-junior-convoca-selecao-renovada-para-disputa-da-copa-america\" target=\"_blank\" rel=\"noopener\">lista de convocados<\/a> para a Copa Am\u00e9rica. Os veteranos Neymar e Casemiro ficaram\u00a0fora da lista.\u00a0\u00a0<\/p>\n<p>Os convocados (titulares e reservas), de acordo com a CBF, s\u00e3o:<\/p>\n<p>Goleiros<\/p>\n<p>\u00a0 \u00a0 \u00a0 \u00a0Bento &#8211; Athletico-PR<\/p>\n<p>\u00a0 \u00a0 \u00a0 \u00a0Alisson &#8211; Liverpool (ING)<\/p>\n<p>\u00a0 \u00a0 \u00a0 Rafael &#8211; S\u00e3o Paulo<\/p>\n<p>Laterais<\/p>\n<p>\u00b7\u00a0\u00a0\u00a0\u00a0\u00a0\u00a0\u00a0\u00a0 Danilo &#8211; Juventus (ITA)<\/p>\n<p>\u00b7\u00a0\u00a0\u00a0\u00a0\u00a0\u00a0\u00a0\u00a0 Yan Couto &#8211; Girona (ESP)<\/p>\n<p>\u00b7\u00a0\u00a0\u00a0\u00a0\u00a0\u00a0\u00a0\u00a0 Guilherme Arana\u00a0 &#8211; Atl\u00e9tico-MG<\/p>\n<p>\u00b7\u00a0\u00a0\u00a0\u00a0\u00a0\u00a0\u00a0\u00a0 Wendell &#8211; Porto (POR)<\/p>\n<p>Zagueiros<\/p>\n<p>\u00b7\u00a0\u00a0\u00a0\u00a0\u00a0\u00a0\u00a0\u00a0 Beraldo &#8211; PSG (FRA)<\/p>\n<p>\u00b7\u00a0\u00a0\u00a0\u00a0\u00a0\u00a0\u00a0\u00a0 Eder Milit\u00e3o &#8211; Real Madrid (ESP)<\/p>\n<p>\u00b7\u00a0\u00a0\u00a0\u00a0\u00a0\u00a0\u00a0\u00a0 Gabriel Magalh\u00e3es &#8211; Arsenal (ING)<\/p>\n<p>\u00b7\u00a0\u00a0\u00a0\u00a0\u00a0\u00a0\u00a0\u00a0 Marquinhos &#8211; PSG (FRA)<\/p>\n<p>\u00b7\u00a0\u00a0\u00a0\u00a0\u00a0\u00a0\u00a0\u00a0 Bremer &#8211; Juventus (ITA)<\/p>\n<p>Meio-campistas<\/p>\n<p>\u00b7\u00a0\u00a0\u00a0\u00a0\u00a0\u00a0\u00a0\u00a0 Andreas Pereira &#8211; Fulham (ING)<\/p>\n<p>\u00b7\u00a0\u00a0\u00a0\u00a0\u00a0\u00a0\u00a0\u00a0 Jo\u00e3o Gomes &#8211; Wolverhampton (ING)<\/p>\n<p>\u00b7\u00a0\u00a0\u00a0\u00a0\u00a0\u00a0\u00a0\u00a0 \u00c9derson &#8211; Atalanta (ITA)<\/p>\n<p>\u00b7\u00a0\u00a0\u00a0\u00a0\u00a0\u00a0\u00a0\u00a0 Bruno Guimar\u00e3es &#8211; Newcastle (ING)<\/p>\n<p>\u00b7\u00a0\u00a0\u00a0\u00a0\u00a0\u00a0\u00a0\u00a0 Douglas Luiz &#8211; Aston Villa (ING)<\/p>\n<p>\u00b7\u00a0\u00a0\u00a0\u00a0\u00a0\u00a0\u00a0\u00a0 Lucas Paquet\u00e1 &#8211; West Ham (ING)<\/p>\n<p>Atacantes<\/p>\n<p>\u00b7\u00a0\u00a0\u00a0\u00a0\u00a0\u00a0\u00a0\u00a0 Pep\u00ea &#8211; Porto (POR)<\/p>\n<p>\u00b7\u00a0\u00a0\u00a0\u00a0\u00a0\u00a0\u00a0\u00a0 Endrick &#8211; Palmeiras<\/p>\n<p>\u00b7\u00a0\u00a0\u00a0\u00a0\u00a0\u00a0\u00a0\u00a0 Evanilson &#8211; Porto (POR)<\/p>\n<p>\u00b7\u00a0\u00a0\u00a0\u00a0\u00a0\u00a0\u00a0\u00a0 Rodrygo &#8211; Real Madrid (ESP)<\/p>\n<p>\u00b7\u00a0\u00a0\u00a0\u00a0\u00a0\u00a0\u00a0\u00a0 Gabriel Martinelli &#8211; Arsenal (ING)<\/p>\n<p>\u00b7\u00a0\u00a0\u00a0\u00a0\u00a0\u00a0\u00a0\u00a0 Raphinha &#8211; Barcelona (ESP)<\/p>\n<p>\u00b7\u00a0\u00a0\u00a0\u00a0\u00a0\u00a0\u00a0\u00a0 Savinho &#8211; Girona (ESP)<\/p>\n<p>\u00b7\u00a0\u00a0\u00a0\u00a0\u00a0\u00a0\u00a0\u00a0 Vinicius Junior &#8211; Real Madrid (ESP)<\/p>\n<\/p><\/div>\n<p><br \/>\n<br \/><a href=\"https:\/\/agenciabrasil.ebc.com.br\/esportes\/noticia\/2024-06\/governo-lanca-guia-para-torcedores-sobre-copa-america-de-futebol\" rel=\"noopener\">Ag\u00eancia Brasil<\/a><\/p>\n","protected":false},"excerpt":{"rendered":"<p>O Minist\u00e9rio das Rela\u00e7\u00f5es Exteriores (MRE) divulgou, na sexta-feira (14),\u00a0o Guia Consular dos Torcedores Brasileiros para a Copa Am\u00e9rica de Futebol 2024. A competi\u00e7\u00e3o\u00a0ser\u00e1 realizada nos Estados Unidos\u00a0(EUA) entre 20 junho e 24 julho, sob organiza\u00e7\u00e3o da Conmebol, em parceria com a Confedera\u00e7\u00e3o de Futebol da Am\u00e9rica do Norte, Central e Caribe (Concacaf). O documento [&hellip;]<\/p>\n","protected":false},"author":1,"featured_media":8501,"comment_status":"open","ping_status":"open","sticky":false,"template":"","format":"standard","meta":{"_jetpack_newsletter_access":"","_jetpack_dont_email_post_to_subs":false,"_jetpack_newsletter_tier_id":0,"_jetpack_memberships_contains_paywalled_content":false,"_mbp_banners":[],"_jetpack_feature_clip_id":0,"_jetpack_memberships_contains_paid_content":false,"footnotes":"","jetpack_publicize_message":"","jetpack_publicize_feature_enabled":true,"jetpack_social_post_already_shared":true,"jetpack_social_options":{"image_generator_settings":{"template":"highway","default_image_id":0,"font":"","enabled":false},"version":2},"jetpack_post_was_ever_published":false},"categories":[23],"tags":[],"class_list":["post-8500","post","type-post","status-publish","format-standard","has-post-thumbnail","category-esportes"],"jetpack_publicize_connections":[],"jetpack-related-posts":[],"jetpack_shortlink":"https:\/\/wp.me\/p7Eq1F-2d6","jetpack_sharing_enabled":true,"jetpack_featured_media_url":"https:\/\/i0.wp.com\/guialimeira.com.br\/news\/wp-content\/uploads\/2024\/06\/0g0a2375.jpg?fit=1600%2C800&ssl=1","_links":{"self":[{"href":"https:\/\/guialimeira.com.br\/news\/wp-json\/wp\/v2\/posts\/8500","targetHints":{"allow":["GET"]}}],"collection":[{"href":"https:\/\/guialimeira.com.br\/news\/wp-json\/wp\/v2\/posts"}],"about":[{"href":"https:\/\/guialimeira.com.br\/news\/wp-json\/wp\/v2\/types\/post"}],"author":[{"embeddable":true,"href":"https:\/\/guialimeira.com.br\/news\/wp-json\/wp\/v2\/users\/1"}],"replies":[{"embeddable":true,"href":"https:\/\/guialimeira.com.br\/news\/wp-json\/wp\/v2\/comments?post=8500"}],"version-history":[{"count":0,"href":"https:\/\/guialimeira.com.br\/news\/wp-json\/wp\/v2\/posts\/8500\/revisions"}],"wp:featuredmedia":[{"embeddable":true,"href":"https:\/\/guialimeira.com.br\/news\/wp-json\/wp\/v2\/media\/8501"}],"wp:attachment":[{"href":"https:\/\/guialimeira.com.br\/news\/wp-json\/wp\/v2\/media?parent=8500"}],"wp:term":[{"taxonomy":"category","embeddable":true,"href":"https:\/\/guialimeira.com.br\/news\/wp-json\/wp\/v2\/categories?post=8500"},{"taxonomy":"post_tag","embeddable":true,"href":"https:\/\/guialimeira.com.br\/news\/wp-json\/wp\/v2\/tags?post=8500"}],"curies":[{"name":"wp","href":"https:\/\/api.w.org\/{rel}","templated":true}]}}