{"id":8491,"date":"2024-06-18T08:02:31","date_gmt":"2024-06-18T11:02:31","guid":{"rendered":"https:\/\/guialimeira.com.br\/2024\/06\/18\/rumo-a-paris-brasil-e-destaque-no-volei-canoagem-e-tenis-de-mesa\/"},"modified":"2024-06-18T08:02:31","modified_gmt":"2024-06-18T11:02:31","slug":"rumo-a-paris-brasil-e-destaque-no-volei-canoagem-e-tenis-de-mesa","status":"publish","type":"post","link":"https:\/\/guialimeira.com.br\/news\/rumo-a-paris-brasil-e-destaque-no-volei-canoagem-e-tenis-de-mesa\/","title":{"rendered":"Rumo a Paris: Brasil \u00e9 destaque no v\u00f4lei, canoagem e t\u00eanis de mesa"},"content":{"rendered":"<p> <br \/>\n<\/p>\n<div>\n<p>O esporte brasileiro abre a semana ainda em clima de comemora\u00e7\u00e3o pelas v\u00e1rias conquistas do fim de semana, a pouco mais de um m\u00eas para a Olimp\u00edada de Paris. No domingo (16), o mesa-tenista carioca <a href=\"https:\/\/x.com\/CBTM_TM\/status\/1802415850374262799\"><strong>Hugo Calderano,<\/strong><\/a> n\u00famero seis do mundo, foi campe\u00e3o no WTT Contender de Ljubljana (Eslov\u00eania), repetindo o \u00eaxito na etapa do WTT do Rio de Janeiro, no \u00faltimo dia 26. O brasileiro sobrou na final contra o franc\u00eas Felix Lebrun, quinto no ranking mundial, por 4 sets a 0 (parciais de 11\/9, 11\/5, 11\/7 e 11\/9).<img data-recalc-dims=\"1\" decoding=\"async\" src=\"https:\/\/i0.wp.com\/agenciabrasil.ebc.com.br\/ebc.png?w=696&#038;ssl=1\" style=\"width:1px; height:1px; display:inline;\"\/><img data-recalc-dims=\"1\" decoding=\"async\" src=\"https:\/\/i0.wp.com\/agenciabrasil.ebc.com.br\/ebc.gif?w=696&#038;ssl=1\" style=\"width:1px; height:1px; display:inline;\"\/><\/p>\n<p>Tamb\u00e9m com presen\u00e7a assegurada em Paris 2024, a paulista <a href=\"https:\/\/x.com\/CBTM_TM\/status\/1802476680084115622?ref_src=twsrc%5Etfw%7Ctwcamp%5Etweetembed%7Ctwterm%5E1802476680084115622%7Ctwgr%5E2d48bca83d453853e3ba6613340c29d3fd5861bb%7Ctwcon%5Es1_&amp;ref_url=https%3A%2F%2Fwww.cbtm.org.br%2Fnoticia%2Fdetalhe%2F101348%2Fbrasil-brilha-no-campeonato-sul-americano-e-conquista-seis-das-sete-medalhas-de-ouro-possiveis-no-paraguai\"><strong>Giulia Takahashi roubou a cena no Campeonato Sul-Americano,<\/strong><\/a> em Assun\u00e7\u00e3o (Paraguai) ao conquistar duas das seis\u00a0medalhas de ouro obtidas pelo Brasil na competi\u00e7\u00e3o (no quadro geral foram 10 medalhas). No individual. foi campe\u00e3 ao superar a chilena Daniela Ortega e depois\u00a0tamb\u00e9m faturou o t\u00edtulo nas duplas ao lado de Laura Watanabe, sobre parceria chilena.<\/p>\n<blockquote class=\"twitter-tweet\">\n<p dir=\"ltr\" lang=\"pt\" xml:lang=\"pt\">Nossos atletas s\u00e3o sensacionais! \ud83d\udc4f\ud83c\udde7\ud83c\uddf7 <a href=\"https:\/\/t.co\/0QPYvPR6dc\">pic.twitter.com\/0QPYvPR6dc<\/a><\/p>\n<p>\u2014 Time Brasil (@timebrasil) <a href=\"https:\/\/twitter.com\/timebrasil\/status\/1802706970186555892?ref_src=twsrc%5Etfw\" rel=\"noopener\">June 17, 2024<\/a><\/p><\/blockquote>\n<p>Na Liga das Na\u00e7\u00f5es de V\u00f4lei Feminino (LNV), a sele\u00e7\u00e3o brasileira derrotou a Turquia, atual campe\u00e3, por 3 sets a 0 (parciais de 25\/14, 25\/14 e 25\/19), em Hong Kong (China). De quebra, al\u00e9m de manter a invencibilidade &#8211; 12 triunfos seguidos \u2013 a equipe comandada por Jos\u00e9 Roberto Guimar\u00e3es assumiu a lideran\u00e7a do ranking mundial e derrubou a Turquia para a segunda coloca\u00e7\u00e3o na lista. \u00a0As brasileiras buscam o t\u00edtulo in\u00e9dito na LNV e voltam \u00e0 quadra na pr\u00f3xima quinta (20), \u00e0s 10h30 (hor\u00e1rio de Bras\u00edlia), para o duelo de quartas de final\u00a0 contra as tailandesas, em Bangcoc, casa das advers\u00e1rias.<\/p>\n<p>No t\u00eanis, a nova parceria do mineiro Marcelo Melo com o ga\u00facho Rafael Matos faturou seu primeiro t\u00edtulo na grama. Eles venceram de virada a final de duplas do ATP 250 de Stuttgart (Alemanha), por 2 sets a 1 (\u00a03\/6, 6\/3 e 10\/8). O torneio \u00e9 preparat\u00f3rio para o Grand Slam de Wimbledon, em Londres.<\/p>\n<blockquote>\n<p>&#8220;Muito feliz com a vit\u00f3ria. Primeiro torneio de grama jogando juntos, conseguimos o t\u00edtulo. Fizemos belos jogos durante a semana toda. Jogamos muito confiantes nos momentos importantes do primeiro jogo \u00e0 final. Acho que \u00e9 uma fra\u00e7\u00e3o de um belo caminho que temos pela frente. Eu e o Rafa estamos realmente\u00a0muito contentes com esse titulo aqui em Stuttgart&#8221;, comemorou Marcelo Melo, ap\u00f3s a vit\u00f3ria em Stuttgart.\u00a0<\/p>\n<\/blockquote>\n<h2>Prata do Brasil na canoagem slalom<\/h2>\n<p>No s\u00e1bado (15), a mineira Ana S\u00e1tila foi medalha de prata na canoa individual (C1), na etapa da Copa do Mundo de Crac\u00f3via (Pol\u00f4nia), a \u00faltima antes de Paris 2024. J\u00e1 com vaga ol\u00edmpica assegurada nas categorias K1,\u00a0C1 e\u00a0Cross, S\u00e1tila completou o percurso em 105s99, ficando atr\u00e1s apenas da campe\u00e3 ol\u00edmpica: a australiana J\u00e9ssica Fox (102s71), \u00a0A tcheca Martina Satkova (110s35) completou o p\u00f3dio com o bronze.<\/p>\n<p>Na disputa masculina do caiaque-cross, o paulista Pep\u00ea Gon\u00e7alves terminou na quarta coloca\u00e7\u00e3o. Al\u00e9m do Kross, Pep\u00ea tamb\u00e9m competir\u00e1 em Paris na K1 (caiaque individual).\u00a0<\/p>\n<blockquote class=\"instagram-media\" data-instgrm-captioned=\"\" data-instgrm-permalink=\"https:\/\/www.instagram.com\/p\/C8P2Jm-NARK\/?utm_source=ig_embed&amp;utm_campaign=loading\" data-instgrm-version=\"14\" style=\" background:#FFF; border:0; border-radius:3px; box-shadow:0 0 1px 0 rgba(0,0,0,0.5),0 1px 10px 0 rgba(0,0,0,0.15); margin: 1px; max-width:540px; min-width:326px; padding:0; width:99.375%; width:-webkit-calc(100% - 2px); width:calc(100% - 2px);\">\n<\/blockquote><\/div>\n<p><script async src=\"\/\/platform.twitter.com\/widgets.js\" charset=\"utf-8\"><\/script><script async src=\"\/\/www.instagram.com\/embed.js\"><\/script><br \/>\n<br \/><br \/>\n<br \/><a href=\"https:\/\/agenciabrasil.ebc.com.br\/esportes\/noticia\/2024-06\/rumo-paris-brasil-e-destaque-no-volei-canoagem-e-tenis-de-mesa\" rel=\"noopener\">Ag\u00eancia Brasil<\/a><\/p>\n","protected":false},"excerpt":{"rendered":"<p>O esporte brasileiro abre a semana ainda em clima de comemora\u00e7\u00e3o pelas v\u00e1rias conquistas do fim de semana, a pouco mais de um m\u00eas para a Olimp\u00edada de Paris. No domingo (16), o mesa-tenista carioca Hugo Calderano, n\u00famero seis do mundo, foi campe\u00e3o no WTT Contender de Ljubljana (Eslov\u00eania), repetindo o \u00eaxito na etapa do [&hellip;]<\/p>\n","protected":false},"author":1,"featured_media":8492,"comment_status":"open","ping_status":"open","sticky":false,"template":"","format":"standard","meta":{"_jetpack_newsletter_access":"","_jetpack_dont_email_post_to_subs":false,"_jetpack_newsletter_tier_id":0,"_jetpack_memberships_contains_paywalled_content":false,"_mbp_banners":[],"_jetpack_feature_clip_id":0,"_jetpack_memberships_contains_paid_content":false,"footnotes":"","jetpack_publicize_message":"","jetpack_publicize_feature_enabled":true,"jetpack_social_post_already_shared":true,"jetpack_social_options":{"image_generator_settings":{"template":"highway","default_image_id":0,"font":"","enabled":false},"version":2},"jetpack_post_was_ever_published":false},"categories":[23],"tags":[],"class_list":["post-8491","post","type-post","status-publish","format-standard","has-post-thumbnail","category-esportes"],"jetpack_publicize_connections":[],"jetpack-related-posts":[],"jetpack_shortlink":"https:\/\/wp.me\/p7Eq1F-2cX","jetpack_sharing_enabled":true,"jetpack_featured_media_url":"https:\/\/i0.wp.com\/guialimeira.com.br\/news\/wp-content\/uploads\/2024\/06\/hugo_calderano_titulo_2024.jpg?fit=1600%2C800&ssl=1","_links":{"self":[{"href":"https:\/\/guialimeira.com.br\/news\/wp-json\/wp\/v2\/posts\/8491","targetHints":{"allow":["GET"]}}],"collection":[{"href":"https:\/\/guialimeira.com.br\/news\/wp-json\/wp\/v2\/posts"}],"about":[{"href":"https:\/\/guialimeira.com.br\/news\/wp-json\/wp\/v2\/types\/post"}],"author":[{"embeddable":true,"href":"https:\/\/guialimeira.com.br\/news\/wp-json\/wp\/v2\/users\/1"}],"replies":[{"embeddable":true,"href":"https:\/\/guialimeira.com.br\/news\/wp-json\/wp\/v2\/comments?post=8491"}],"version-history":[{"count":0,"href":"https:\/\/guialimeira.com.br\/news\/wp-json\/wp\/v2\/posts\/8491\/revisions"}],"wp:featuredmedia":[{"embeddable":true,"href":"https:\/\/guialimeira.com.br\/news\/wp-json\/wp\/v2\/media\/8492"}],"wp:attachment":[{"href":"https:\/\/guialimeira.com.br\/news\/wp-json\/wp\/v2\/media?parent=8491"}],"wp:term":[{"taxonomy":"category","embeddable":true,"href":"https:\/\/guialimeira.com.br\/news\/wp-json\/wp\/v2\/categories?post=8491"},{"taxonomy":"post_tag","embeddable":true,"href":"https:\/\/guialimeira.com.br\/news\/wp-json\/wp\/v2\/tags?post=8491"}],"curies":[{"name":"wp","href":"https:\/\/api.w.org\/{rel}","templated":true}]}}