{"id":849,"date":"2024-04-03T18:33:46","date_gmt":"2024-04-03T21:33:46","guid":{"rendered":"https:\/\/guialimeira.com.br\/2024\/04\/03\/brasil-passa-a-exigir-visto-de-turistas-da-australia-canada-e-dos-eua\/"},"modified":"2024-04-03T18:33:46","modified_gmt":"2024-04-03T21:33:46","slug":"brasil-passa-a-exigir-visto-de-turistas-da-australia-canada-e-dos-eua","status":"publish","type":"post","link":"https:\/\/guialimeira.com.br\/news\/brasil-passa-a-exigir-visto-de-turistas-da-australia-canada-e-dos-eua\/","title":{"rendered":"Brasil passa a exigir visto de turistas da Austr\u00e1lia, Canad\u00e1 e dos EUA"},"content":{"rendered":"<p> <br \/>\n<\/p>\n<div>\n<p>Os cidad\u00e3os da Austr\u00e1lia, Canad\u00e1 e Estados Unidos, portadores de passaporte comum, ter\u00e3o de apresentar visto para entrar no Brasil, a partir da pr\u00f3xima quarta-feira (10). O documento ser\u00e1 exigido em portos, aeroportos e fronteiras terrestres.<img data-recalc-dims=\"1\" decoding=\"async\" src=\"https:\/\/i0.wp.com\/agenciabrasil.ebc.com.br\/ebc.png?w=696&#038;ssl=1\" style=\"width:1px; height:1px; display:inline;\"\/><img data-recalc-dims=\"1\" decoding=\"async\" src=\"https:\/\/i0.wp.com\/agenciabrasil.ebc.com.br\/ebc.gif?w=696&#038;ssl=1\" style=\"width:1px; height:1px; display:inline;\"\/><\/p>\n<p>A partir do Decreto n\u00ba 11.875\/2024, o <a href=\"https:\/\/agenciabrasil.ebc.com.br\/geral\/noticia\/2024-01\/australia-canada-e-eua-exigencia-de-visto-pelo-brasil-comeca-dia-10\" target=\"_blank\" rel=\"noopener\">prazo inicial<\/a> para a cobran\u00e7a era\u00a010 de janeiro,\u00a0mas foi adiado para abril. \u00c0 \u00e9poca, em nota, o Minist\u00e9rio de Rela\u00e7\u00f5es Exteriores (MRE) justificou o novo\u00a0prazo como necess\u00e1rio\u00a0para conclus\u00e3o do processo de implementa\u00e7\u00e3o do sistema e para evitar consequ\u00eancias negativas para o turismo brasileiro, no per\u00edodo de alta temporada de viagens, no in\u00edcio deste ano.<\/p>\n<p>A exig\u00eancia do visto derruba a decis\u00e3o do governo do\u00a0ex-presidente Jair Bolsonaro, que em mar\u00e7o de 2019, <a href=\"https:\/\/agenciabrasil.ebc.com.br\/politica\/noticia\/2019-03\/brasil-dispensa-visto-de-entrada-para-canada-eua-japao-e-australia\" target=\"_blank\" rel=\"noopener\">tinha dispensado a obrigatoriedade de apresenta\u00e7\u00e3o de visto<\/a> a\u00a0turistas norte-americanos, canadenses, australianos e japoneses, no territ\u00f3rio brasileiro.\u00a0A medida foi unilateral, porque os brasileiros continuaram precisando de visto para viajar para aqueles pa\u00edses, conforme regras vigentes em cada um deles. Por\u00e9m, o MRE explica que a diplomacia brasileira est\u00e1 baseada na reciprocidade de a\u00e7\u00f5es, como na exig\u00eancia de vistos.<\/p>\n<p>Em maio de 2023, o Jap\u00e3o saiu desta lista, quando o Brasil e o pa\u00eds insular firmaram acordo para liberar a exig\u00eancia de vistos, tanto para os brasileiros que entram na na\u00e7\u00e3o nip\u00f4nica, quanto para os japoneses que chegam ao solo brasileiro. A isen\u00e7\u00e3o rec\u00edproca entrou em vigor em setembro do mesmo ano e vale para viagens\u00a0de at\u00e9 90 dias.<\/p>\n<p>A Embratur (Ag\u00eancia Brasileira de Promo\u00e7\u00e3o Internacional do Turismo), em parceria com operadores de turismo e\u00a0companhias a\u00e9reas\u00a0nesses tr\u00eas pa\u00edses, tem divulgado\u00a0a necessidade do visto para os turistas a partir de 10 de abril.<\/p>\n<p>De acordo com a Embratur, o conte\u00fado produzido ser\u00e1 distribu\u00eddo em multiplataformas, em formatos como v\u00eddeo, pe\u00e7as de redes sociais,\u00a0hotsite, e-mail e\u00a0cartazes\u00a0que ser\u00e3o fixados nos postos diplom\u00e1ticos do Brasil e informes nos sites das embaixadas brasileiras.<\/p>\n<h2>Visto eletr\u00f4nico<\/h2>\n<p>A partir de 10 de abril, os turistas dos tr\u00eas pa\u00edses que desejam conhecer o Brasil devem solicitar o visto eletr\u00f4nico, o chamado\u00a0e-Visa,\u00a0por meio da plataforma:\u00a0https:\/\/brazil.vfsevisa.com,\u00a0com custo de emiss\u00e3o de US$ 80,90.<\/p>\n<p>O visto 100% eletr\u00f4nico dispensa o comparecimento do interessado a consulados brasileiros. Por via digital, o requerente poder\u00e1 apresentar a documenta\u00e7\u00e3o necess\u00e1ria, por exemplo, por uploads de imagens e foto recente, e receber\u00e1 o visto eletronicamente, via e-mail. Para entrar no Brasil, precisar\u00e1 apresentar apenas o passaporte v\u00e1lido e uma c\u00f3pia impressa do visto\u00a0tempor\u00e1rio.<\/p>\n<p>O site ainda recomenda que o visto eletr\u00f4nico seja solicitado com anteced\u00eancia para evitar interrup\u00e7\u00f5es nas viagens causadas por atrasos ou conex\u00f5es perdidas.\u00a0<\/p>\n<p>O e-Visa permitir\u00e1 m\u00faltiplas entradas e ter\u00e1 o mesmo prazo de validade dos vistos convencionais: dez\u00a0anos para norte-americanos e cinco\u00a0anos para canadenses e australianos.<\/p>\n<p>As novas regras ser\u00e3o aplicadas para quem permanecer em territ\u00f3rio brasileiro por at\u00e9 90 dias, prorrog\u00e1veis pelo mesmo per\u00edodo, desde que n\u00e3o ultrapassem 180 dias a cada 12 meses.<\/p>\n<p>Em caso de d\u00favidas sobre o\u00a0e-Visa, o cidad\u00e3o canadense, australiano ou norte-americano deve enviar e-mail para\u00a0brazilevisa@vfsglobal.com, informando nome completo, pa\u00eds de cidadania e se for o caso, informa\u00e7\u00f5es sobre o problema enfrentado, captura de tela ou foto do erro ocorrido, al\u00e9m de dados sobre o dispositivo eletr\u00f4nico (celular, computador, tablet) usado para acessar o site.<\/p>\n<\/p><\/div>\n<p><br \/>\n<br \/><a href=\"https:\/\/agenciabrasil.ebc.com.br\/geral\/noticia\/2024-04\/brasil-passa-exigir-visto-de-turistas-da-australia-canada-e-dos-eua\" rel=\"noopener\">Ag\u00eancia Brasil<\/a><\/p>\n","protected":false},"excerpt":{"rendered":"<p>Os cidad\u00e3os da Austr\u00e1lia, Canad\u00e1 e Estados Unidos, portadores de passaporte comum, ter\u00e3o de apresentar visto para entrar no Brasil, a partir da pr\u00f3xima quarta-feira (10). O documento ser\u00e1 exigido em portos, aeroportos e fronteiras terrestres. A partir do Decreto n\u00ba 11.875\/2024, o prazo inicial para a cobran\u00e7a era\u00a010 de janeiro,\u00a0mas foi adiado para abril. [&hellip;]<\/p>\n","protected":false},"author":1,"featured_media":850,"comment_status":"open","ping_status":"open","sticky":false,"template":"","format":"standard","meta":{"_jetpack_newsletter_access":"","_jetpack_dont_email_post_to_subs":false,"_jetpack_newsletter_tier_id":0,"_jetpack_memberships_contains_paywalled_content":false,"_mbp_banners":[],"_jetpack_feature_clip_id":0,"_jetpack_memberships_contains_paid_content":false,"footnotes":"","jetpack_publicize_message":"","jetpack_publicize_feature_enabled":true,"jetpack_social_post_already_shared":true,"jetpack_social_options":{"image_generator_settings":{"template":"highway","default_image_id":0,"font":"","enabled":false},"version":2},"jetpack_post_was_ever_published":false},"categories":[1],"tags":[],"class_list":["post-849","post","type-post","status-publish","format-standard","has-post-thumbnail","category-geral"],"jetpack_publicize_connections":[],"jetpack-related-posts":[],"jetpack_shortlink":"https:\/\/wp.me\/p7Eq1F-dH","jetpack_sharing_enabled":true,"jetpack_featured_media_url":"https:\/\/i0.wp.com\/guialimeira.com.br\/news\/wp-content\/uploads\/2024\/04\/img_3663.jpg?fit=1600%2C800&ssl=1","_links":{"self":[{"href":"https:\/\/guialimeira.com.br\/news\/wp-json\/wp\/v2\/posts\/849","targetHints":{"allow":["GET"]}}],"collection":[{"href":"https:\/\/guialimeira.com.br\/news\/wp-json\/wp\/v2\/posts"}],"about":[{"href":"https:\/\/guialimeira.com.br\/news\/wp-json\/wp\/v2\/types\/post"}],"author":[{"embeddable":true,"href":"https:\/\/guialimeira.com.br\/news\/wp-json\/wp\/v2\/users\/1"}],"replies":[{"embeddable":true,"href":"https:\/\/guialimeira.com.br\/news\/wp-json\/wp\/v2\/comments?post=849"}],"version-history":[{"count":0,"href":"https:\/\/guialimeira.com.br\/news\/wp-json\/wp\/v2\/posts\/849\/revisions"}],"wp:featuredmedia":[{"embeddable":true,"href":"https:\/\/guialimeira.com.br\/news\/wp-json\/wp\/v2\/media\/850"}],"wp:attachment":[{"href":"https:\/\/guialimeira.com.br\/news\/wp-json\/wp\/v2\/media?parent=849"}],"wp:term":[{"taxonomy":"category","embeddable":true,"href":"https:\/\/guialimeira.com.br\/news\/wp-json\/wp\/v2\/categories?post=849"},{"taxonomy":"post_tag","embeddable":true,"href":"https:\/\/guialimeira.com.br\/news\/wp-json\/wp\/v2\/tags?post=849"}],"curies":[{"name":"wp","href":"https:\/\/api.w.org\/{rel}","templated":true}]}}