{"id":8480,"date":"2024-06-18T06:59:50","date_gmt":"2024-06-18T09:59:50","guid":{"rendered":"https:\/\/guialimeira.com.br\/2024\/06\/18\/dolar-sobe-para-r-542-as-vesperas-do-copom\/"},"modified":"2024-06-18T06:59:50","modified_gmt":"2024-06-18T09:59:50","slug":"dolar-sobe-para-r-542-as-vesperas-do-copom","status":"publish","type":"post","link":"https:\/\/guialimeira.com.br\/news\/dolar-sobe-para-r-542-as-vesperas-do-copom\/","title":{"rendered":"D\u00f3lar sobe para R$ 5,42 \u00e0s v\u00e9speras do Copom"},"content":{"rendered":"<p> <br \/>\n<\/p>\n<div>\n<p>Em meio a tens\u00f5es no mercado interno e externo, o d\u00f3lar voltou a superar os R$ 5,40 \u00e0s v\u00e9speras da reuni\u00e3o do Comit\u00ea de Pol\u00edtica Monet\u00e1ria (Copom) do Banco Central. A bolsa de valores caiu e continua no menor patamar em sete meses.<img data-recalc-dims=\"1\" decoding=\"async\" src=\"https:\/\/i0.wp.com\/agenciabrasil.ebc.com.br\/ebc.png?w=696&#038;ssl=1\" style=\"width:1px; height:1px; display:inline;\"\/><img data-recalc-dims=\"1\" decoding=\"async\" src=\"https:\/\/i0.wp.com\/agenciabrasil.ebc.com.br\/ebc.gif?w=696&#038;ssl=1\" style=\"width:1px; height:1px; display:inline;\"\/><\/p>\n<p>O d\u00f3lar comercial encerrou esta segunda-feira (17) vendido a R$ 5,421, com alta de R$ 0,039 (+0,73%). A divisa operou em alta durante toda a sess\u00e3o. Na m\u00e1xima do dia, por volta das 15h30, a cota\u00e7\u00e3o chegou a R$ 5,43.<\/p>\n<p>A moeda norte-americana est\u00e1 no maior n\u00edvel desde 4 de janeiro do ano passado, quando era vendida a R$ 5,452. O d\u00f3lar acumula alta de 3,28% em junho e de 11,7% em 2024.<\/p>\n<p>O mercado de a\u00e7\u00f5es teve um novo dia de perdas. Ap\u00f3s ter subido levemente na sexta-feira (14), o \u00edndice Ibovespa, da B3, fechou aos 119.138 pontos, com queda de 0,44%. O indicador est\u00e1 no menor n\u00edvel desde 9 de novembro do ano passado.<\/p>\n<p>Em rela\u00e7\u00e3o ao c\u00e2mbio, o d\u00f3lar foi pressionado tanto por fatores dom\u00e9sticos como externos. No plano interno, os investidores esperam detalhes do plano de <a href=\"https:\/\/agenciabrasil.ebc.com.br\/economia\/noticia\/2024-06\/haddad-e-tebet-relatam-preocupacao-de-lula-com-alta-de-subsidios\" rel=\"noopener\">corte de gastos em estudo<\/a> pela equipe econ\u00f4mica\u00a0e a defini\u00e7\u00e3o se o Comit\u00ea de Pol\u00edtica Monet\u00e1ria (Copom) encerrar\u00e1 o ciclo de cortes da Taxa Selic (juros b\u00e1sicos da economia) na reuni\u00e3o de quarta-feira (19) ou se far\u00e1 mais um corte de 0,25 ponto percentual.<\/p>\n<p>No plano internacional, as taxas dos t\u00edtulos do Tesouro norte-americano, considerados os investimentos mais seguros do mundo, voltaram a subir nesta segunda. Juros altos em economias avan\u00e7adas estimulam a fuga de capitais de pa\u00edses emergentes, como o Brasil.<\/p>\n<p>A bolsa brasileira, no entanto, seguiu na contram\u00e3o da norte-americana. Com a expectativa de que o Copom <a href=\"https:\/\/agenciabrasil.ebc.com.br\/economia\/noticia\/2024-06\/mercado-financeiro-espera-por-manutencao-da-taxa-de-juros-nesta-semana\" rel=\"noopener\">mantenha a Taxa Selic<\/a> em 10,5% ao ano, os investidores saem do mercado de a\u00e7\u00f5es e procuram investimentos em renda fixa, menos arriscados.<\/p>\n<p><em>* com informa\u00e7\u00f5es da Reuters<\/em><\/p>\n<\/p><\/div>\n<p><br \/>\n<br \/><a href=\"https:\/\/agenciabrasil.ebc.com.br\/economia\/noticia\/2024-06\/dolar-sobe-para-r-542-vesperas-do-copom\" rel=\"noopener\">Ag\u00eancia Brasil<\/a><\/p>\n","protected":false},"excerpt":{"rendered":"<p>Em meio a tens\u00f5es no mercado interno e externo, o d\u00f3lar voltou a superar os R$ 5,40 \u00e0s v\u00e9speras da reuni\u00e3o do Comit\u00ea de Pol\u00edtica Monet\u00e1ria (Copom) do Banco Central. A bolsa de valores caiu e continua no menor patamar em sete meses. O d\u00f3lar comercial encerrou esta segunda-feira (17) vendido a R$ 5,421, com [&hellip;]<\/p>\n","protected":false},"author":1,"featured_media":8481,"comment_status":"open","ping_status":"open","sticky":false,"template":"","format":"standard","meta":{"_jetpack_newsletter_access":"","_jetpack_dont_email_post_to_subs":false,"_jetpack_newsletter_tier_id":0,"_jetpack_memberships_contains_paywalled_content":false,"_mbp_banners":[],"_jetpack_feature_clip_id":0,"_jetpack_memberships_contains_paid_content":false,"footnotes":"","jetpack_publicize_message":"","jetpack_publicize_feature_enabled":true,"jetpack_social_post_already_shared":true,"jetpack_social_options":{"image_generator_settings":{"template":"highway","default_image_id":0,"font":"","enabled":false},"version":2},"jetpack_post_was_ever_published":false},"categories":[24],"tags":[],"class_list":["post-8480","post","type-post","status-publish","format-standard","has-post-thumbnail","category-economia"],"jetpack_publicize_connections":[],"jetpack-related-posts":[],"jetpack_shortlink":"https:\/\/wp.me\/p7Eq1F-2cM","jetpack_sharing_enabled":true,"jetpack_featured_media_url":"https:\/\/i0.wp.com\/guialimeira.com.br\/news\/wp-content\/uploads\/2024\/06\/30092020dolar1377.jpg?fit=1600%2C800&ssl=1","_links":{"self":[{"href":"https:\/\/guialimeira.com.br\/news\/wp-json\/wp\/v2\/posts\/8480","targetHints":{"allow":["GET"]}}],"collection":[{"href":"https:\/\/guialimeira.com.br\/news\/wp-json\/wp\/v2\/posts"}],"about":[{"href":"https:\/\/guialimeira.com.br\/news\/wp-json\/wp\/v2\/types\/post"}],"author":[{"embeddable":true,"href":"https:\/\/guialimeira.com.br\/news\/wp-json\/wp\/v2\/users\/1"}],"replies":[{"embeddable":true,"href":"https:\/\/guialimeira.com.br\/news\/wp-json\/wp\/v2\/comments?post=8480"}],"version-history":[{"count":0,"href":"https:\/\/guialimeira.com.br\/news\/wp-json\/wp\/v2\/posts\/8480\/revisions"}],"wp:featuredmedia":[{"embeddable":true,"href":"https:\/\/guialimeira.com.br\/news\/wp-json\/wp\/v2\/media\/8481"}],"wp:attachment":[{"href":"https:\/\/guialimeira.com.br\/news\/wp-json\/wp\/v2\/media?parent=8480"}],"wp:term":[{"taxonomy":"category","embeddable":true,"href":"https:\/\/guialimeira.com.br\/news\/wp-json\/wp\/v2\/categories?post=8480"},{"taxonomy":"post_tag","embeddable":true,"href":"https:\/\/guialimeira.com.br\/news\/wp-json\/wp\/v2\/tags?post=8480"}],"curies":[{"name":"wp","href":"https:\/\/api.w.org\/{rel}","templated":true}]}}