{"id":8448,"date":"2024-06-15T13:53:44","date_gmt":"2024-06-15T16:53:44","guid":{"rendered":"https:\/\/guialimeira.com.br\/2024\/06\/15\/limeira-recebe-vacinas-contra-a-dengue-e-aplicacao-comeca-na-segunda-17\/"},"modified":"2024-06-15T13:53:44","modified_gmt":"2024-06-15T16:53:44","slug":"limeira-recebe-vacinas-contra-a-dengue-e-aplicacao-comeca-na-segunda-17","status":"publish","type":"post","link":"https:\/\/guialimeira.com.br\/news\/limeira-recebe-vacinas-contra-a-dengue-e-aplicacao-comeca-na-segunda-17\/","title":{"rendered":"Limeira recebe vacinas contra a dengue e aplica\u00e7\u00e3o come\u00e7a na segunda (17)"},"content":{"rendered":"<p> <br \/>\n<br \/><img data-recalc-dims=\"1\" decoding=\"async\" src=\"https:\/\/i0.wp.com\/ecrie.com.br\/sistema\/conteudos\/imagem\/m_137_0_1_15062024124507.jpg?w=696&#038;ssl=1\" \/><\/p>\n<p style=\"text-align: justify\">A vacina&ccedil;&atilde;o contra a dengue come&ccedil;a na segunda-feira (17) em Limeira. O munic&iacute;pio recebeu 4.216 imunizantes voltados &agrave; primeira dose. Conforme crit&eacute;rios do Minist&eacute;rio da Sa&uacute;de e da Secretaria Estadual da Sa&uacute;de, ser&atilde;o vacinadas as pessoas entre 10 e 14 anos. O esquema vacinal &eacute; de duas doses, com intervalo de 90 dias entre elas.<\/p>\n<p style=\"text-align: justify\">A Secretaria de Sa&uacute;de vai disponibilizar seis Unidades B&aacute;sicas de Sa&uacute;de (UBSs) para vacinar contra a dengue: Graminha, Ab&iacute;lio Pedro, Hip&oacute;lito 1, Aeroporto, Cecap e Campo Belo. A vacina&ccedil;&atilde;o ocorre de segunda a sexta-feira, das 8h &agrave;s 12h e das 13h &agrave;s 16h. &Eacute; necess&aacute;rio apresentar carteira de vacina&ccedil;&atilde;o e documento com foto.<\/p>\n<p style=\"text-align: justify\">Quem estiver doente com quadro febril deve aguardar o t&eacute;rmino dos sintomas para tomar a vacina. Al&eacute;m disso, &eacute; necess&aacute;rio esperar 30 dias entre a aplica&ccedil;&atilde;o da vacina da dengue e outra do calend&aacute;rio, incluindo contra Covid-19 e gripe. Outra recomenda&ccedil;&atilde;o &eacute; que se a pessoa tiver confirma&ccedil;&atilde;o de dengue, s&oacute; poder&aacute; tomar o imunizante ap&oacute;s seis meses.<\/p>\n<p style=\"text-align: justify\">&ldquo;A vacina&ccedil;&atilde;o &eacute; uma importante forma de preven&ccedil;&atilde;o contra as doen&ccedil;as, especialmente, neste momento, a dengue. Toda nossa estrutura est&aacute; preparada para imunizar a popula&ccedil;&atilde;o&rdquo;, afirma o prefeito Mario Botion. &ldquo;Vacina&ccedil;&atilde;o &eacute; sin&ocirc;nimo de sa&uacute;de e os pais devem levar seus filhos para proteg&ecirc;-los&rdquo;, enfatiza a vice-prefeita Erika Tank.<\/p>\n<p><br \/>\n<br \/><a href=\"https:\/\/limeira.sp.gov.br\/limeira-recebe-vacinas-contra-a-dengue-e-aplicacao-comeca-na-segunda-17\" rel=\"noopener\">Informa\u00e7\u00f5es da PML <\/a><\/p>\n","protected":false},"excerpt":{"rendered":"<p>A vacina&ccedil;&atilde;o contra a dengue come&ccedil;a na segunda-feira (17) em Limeira. O munic&iacute;pio recebeu 4.216 imunizantes voltados &agrave; primeira dose. Conforme crit&eacute;rios do Minist&eacute;rio da Sa&uacute;de e da Secretaria Estadual da Sa&uacute;de, ser&atilde;o vacinadas as pessoas entre 10 e 14 anos. O esquema vacinal &eacute; de duas doses, com intervalo de 90 dias entre elas. [&hellip;]<\/p>\n","protected":false},"author":1,"featured_media":8449,"comment_status":"open","ping_status":"open","sticky":false,"template":"","format":"standard","meta":{"_jetpack_newsletter_access":"","_jetpack_dont_email_post_to_subs":false,"_jetpack_newsletter_tier_id":0,"_jetpack_memberships_contains_paywalled_content":false,"_mbp_banners":[],"_jetpack_feature_clip_id":0,"_jetpack_memberships_contains_paid_content":false,"footnotes":"","jetpack_publicize_message":"","jetpack_publicize_feature_enabled":true,"jetpack_social_post_already_shared":true,"jetpack_social_options":{"image_generator_settings":{"template":"highway","default_image_id":0,"font":"","enabled":false},"version":2},"jetpack_post_was_ever_published":false},"categories":[16],"tags":[],"class_list":["post-8448","post","type-post","status-publish","format-standard","has-post-thumbnail","category-local"],"jetpack_publicize_connections":[],"jetpack-related-posts":[],"jetpack_shortlink":"https:\/\/wp.me\/p7Eq1F-2cg","jetpack_sharing_enabled":true,"jetpack_featured_media_url":"https:\/\/i0.wp.com\/guialimeira.com.br\/news\/wp-content\/uploads\/2024\/06\/m_137_0_1_15062024124507.jpg?fit=900%2C599&ssl=1","_links":{"self":[{"href":"https:\/\/guialimeira.com.br\/news\/wp-json\/wp\/v2\/posts\/8448","targetHints":{"allow":["GET"]}}],"collection":[{"href":"https:\/\/guialimeira.com.br\/news\/wp-json\/wp\/v2\/posts"}],"about":[{"href":"https:\/\/guialimeira.com.br\/news\/wp-json\/wp\/v2\/types\/post"}],"author":[{"embeddable":true,"href":"https:\/\/guialimeira.com.br\/news\/wp-json\/wp\/v2\/users\/1"}],"replies":[{"embeddable":true,"href":"https:\/\/guialimeira.com.br\/news\/wp-json\/wp\/v2\/comments?post=8448"}],"version-history":[{"count":0,"href":"https:\/\/guialimeira.com.br\/news\/wp-json\/wp\/v2\/posts\/8448\/revisions"}],"wp:featuredmedia":[{"embeddable":true,"href":"https:\/\/guialimeira.com.br\/news\/wp-json\/wp\/v2\/media\/8449"}],"wp:attachment":[{"href":"https:\/\/guialimeira.com.br\/news\/wp-json\/wp\/v2\/media?parent=8448"}],"wp:term":[{"taxonomy":"category","embeddable":true,"href":"https:\/\/guialimeira.com.br\/news\/wp-json\/wp\/v2\/categories?post=8448"},{"taxonomy":"post_tag","embeddable":true,"href":"https:\/\/guialimeira.com.br\/news\/wp-json\/wp\/v2\/tags?post=8448"}],"curies":[{"name":"wp","href":"https:\/\/api.w.org\/{rel}","templated":true}]}}