{"id":8430,"date":"2024-06-15T07:36:53","date_gmt":"2024-06-15T10:36:53","guid":{"rendered":"https:\/\/guialimeira.com.br\/2024\/06\/15\/flu-e-atletico-go-jogam-para-se-afastar-da-zona-do-rebaixamento\/"},"modified":"2024-06-15T07:36:53","modified_gmt":"2024-06-15T10:36:53","slug":"flu-e-atletico-go-jogam-para-se-afastar-da-zona-do-rebaixamento","status":"publish","type":"post","link":"https:\/\/guialimeira.com.br\/news\/flu-e-atletico-go-jogam-para-se-afastar-da-zona-do-rebaixamento\/","title":{"rendered":"Flu e Atl\u00e9tico-GO jogam para se afastar da zona do rebaixamento"},"content":{"rendered":"<p> <br \/>\n<\/p>\n<div>\n<p>Fluminense e Atl\u00e9tico-GO entram no Maracan\u00e3, a partir das 21h (hor\u00e1rio de Bras\u00edlia) deste s\u00e1bado (15), em busca de um resultado que lhes permita ficar distante da zona do rebaixamento do Campeonato Brasileiro. A <strong>R\u00e1dio Nacional<\/strong> transmite o confronto v\u00e1lido pela 9\u00aa rodada da competi\u00e7\u00e3o.<img data-recalc-dims=\"1\" decoding=\"async\" src=\"https:\/\/i0.wp.com\/agenciabrasil.ebc.com.br\/ebc.png?w=696&#038;ssl=1\" style=\"width:1px; height:1px; display:inline;\"\/><img data-recalc-dims=\"1\" decoding=\"async\" src=\"https:\/\/i0.wp.com\/agenciabrasil.ebc.com.br\/ebc.gif?w=696&#038;ssl=1\" style=\"width:1px; height:1px; display:inline;\"\/><\/p>\n<p>O Tricolor das Laranjeiras, que ocupa a 16\u00aa posi\u00e7\u00e3o da classifica\u00e7\u00e3o com seis pontos, vem de uma derrota de 1 a 0 para o Botafogo. O placar n\u00e3o retratou o fraco desempenho da equipe comandada pelo t\u00e9cnico Fernando Diniz diante do Alvinegro de General Severiano, mais um diante de outras apresenta\u00e7\u00f5es abaixo da m\u00e9dia do Fluminense.<\/p>\n<blockquote class=\"twitter-tweet\">\n<p dir=\"ltr\" lang=\"pt\" xml:lang=\"pt\">Prepara\u00e7\u00e3o para o pr\u00f3ximo desafio. S\u00e1bado tem <a href=\"https:\/\/twitter.com\/Brasileirao?ref_src=twsrc%5Etfw\" rel=\"noopener\">@Brasileirao<\/a>!<\/p>\n<p>\ud83d\udcf8: Lucas Mer\u00e7on\/FFC <a href=\"https:\/\/t.co\/AU597tGm2X\">pic.twitter.com\/AU597tGm2X<\/a><\/p>\n<p>\u2014 Fluminense F.C. (@FluminenseFC) <a href=\"https:\/\/twitter.com\/FluminenseFC\/status\/1801283194265698725?ref_src=twsrc%5Etfw\" rel=\"noopener\">June 13, 2024<\/a><\/p><\/blockquote>\n<p>\u201cObviamente os outros times nos estudam, mas o que mais me preocupa hoje \u00e9 a falta de condi\u00e7\u00e3o que estamos demonstrando em fazer o melhor que podemos\u201d, declarou o comandante do Tricolor em entrevista coletiva ap\u00f3s a derrota no Nilton Santos.<\/p>\n<p>Suspenso por ac\u00famulo de cart\u00f5es, o polivalente volante Martinelli n\u00e3o vai a campo, dando lugar a Alexsander. J\u00e1 a defesa do Fluminense, uma das piores do Brasileir\u00e3o com 14 gols sofridos em 8 jogos, ter\u00e1 o retornou do experiente Felipe Melo. O ataque tamb\u00e9m deve ter a volta de outro jogador veterano, o atacante Keno, que foi poupado no \u00faltimo jogo. Assim, o Tricolor deve entrar em campo com: F\u00e1bio; Samuel Xavier, Marlon, Felipe Melo e Marcelo; Lima, Alexsander e Ganso; Keno, Marquinhos e Cano.<\/p>\n<p>J\u00e1 o Atl\u00e9tico-GO, que ocupa a 18\u00aa coloca\u00e7\u00e3o com cinco pontos, vem de um empate de 2 a 2 com o Corinthians, que garantiu mesmo ap\u00f3s estar perdendo por dois gols no est\u00e1dio Ant\u00f4nio Accioly. Na opini\u00e3o do t\u00e9cnico Jair Ventura, o resultado, nas circunst\u00e2ncias em que foi alcan\u00e7ado, sinaliza um crescimento do Drag\u00e3o: \u201cQuando tivermos mais tranquilidade, mais frieza no ter\u00e7o final, melhores resultados v\u00e3o acontecer. Como comiss\u00e3o t\u00e9cnica, vemos que estamos no caminho certo, pois o time cria, tem oportunidade\u201d.<\/p>\n<blockquote class=\"twitter-tweet\">\n<p dir=\"ltr\" lang=\"pt\" xml:lang=\"pt\">Imagens do treino rubro-negro!!! \ud83c\uddf9\ud83c\uddf9\ud83c\uddf9\ud83c\uddf9\ud83c\uddf9\ud83c\uddf9 <a href=\"https:\/\/twitter.com\/hashtag\/Drag%C3%A3oDoBrasil?src=hash&amp;ref_src=twsrc%5Etfw\" rel=\"noopener\">#Drag\u00e3oDoBrasil<\/a> <a href=\"https:\/\/twitter.com\/OClubedeTodos?ref_src=twsrc%5Etfw\" rel=\"noopener\">@OClubeDeTodos<\/a> <a href=\"https:\/\/t.co\/av6Mq93K3c\">pic.twitter.com\/av6Mq93K3c<\/a><\/p>\n<p>\u2014 \ud83c\udd70\ufe0ftl\u00e9tico Goianiense (@ACGOficial) <a href=\"https:\/\/twitter.com\/ACGOficial\/status\/1801735558558810327?ref_src=twsrc%5Etfw\" rel=\"noopener\">June 14, 2024<\/a><\/p><\/blockquote>\n<p>Por quest\u00f5es contratuais, o atacante colombiano Yony Gonz\u00e1lez e o meio-campista Daniel, que pertencem ao Fluminense, n\u00e3o poder\u00e3o jogar. Quem tamb\u00e9m est\u00e1 fora da partida \u00e9 o lateral-esquerdo Guilherme Rom\u00e3o. O atacante Alejo Cruz deve jogar improvisado na posi\u00e7\u00e3o. Assim, a prov\u00e1vel escala\u00e7\u00e3o do Drag\u00e3o \u00e9: Ronaldo Strada; Maguinho, Adriano Martins, Alix Vinicius e Alejo Cruz; Lucas Kal, Max, Baralhas e Rhaldney; Shaylon, Rodallega e Vagner Love.<\/p>\n<h2>Transmiss\u00e3o da R\u00e1dio Nacional:<\/h2>\n<p>As emo\u00e7\u00f5es de Fluminense e Atl\u00e9tico-GO ser\u00e3o narradas na <strong>R\u00e1dio Nacional<\/strong> por Andr\u00e9 Marques. Os coment\u00e1rios ser\u00e3o de Waldir Luiz, a reportagem de Brenda Balbi e o plant\u00e3o de not\u00edcias esportivas de Carlos Molinari. Voc\u00ea acompanha o Show de Bola Nacional aqui:<\/p>\n<p><iframe loading=\"lazy\" allowfullscreen=\"\" frameborder=\"0\" height=\"115\" src=\"https:\/\/aovivo.ebc.com.br\/embed-audio.html?emissora=radio-nacional-do-rio-de-janeiro\" width=\"340\"><\/iframe><\/p>\n<\/p><\/div>\n<p><script async src=\"\/\/platform.twitter.com\/widgets.js\" charset=\"utf-8\"><\/script><br \/>\n<br \/><br \/>\n<br \/><a href=\"https:\/\/agenciabrasil.ebc.com.br\/esportes\/noticia\/2024-06\/flu-e-atletico-go-jogam-para-se-afastar-da-zona-do-rebaixamento\" rel=\"noopener\">Ag\u00eancia Brasil<\/a><\/p>\n","protected":false},"excerpt":{"rendered":"<p>Fluminense e Atl\u00e9tico-GO entram no Maracan\u00e3, a partir das 21h (hor\u00e1rio de Bras\u00edlia) deste s\u00e1bado (15), em busca de um resultado que lhes permita ficar distante da zona do rebaixamento do Campeonato Brasileiro. A R\u00e1dio Nacional transmite o confronto v\u00e1lido pela 9\u00aa rodada da competi\u00e7\u00e3o. O Tricolor das Laranjeiras, que ocupa a 16\u00aa posi\u00e7\u00e3o da [&hellip;]<\/p>\n","protected":false},"author":1,"featured_media":8431,"comment_status":"open","ping_status":"open","sticky":false,"template":"","format":"standard","meta":{"_jetpack_newsletter_access":"","_jetpack_dont_email_post_to_subs":false,"_jetpack_newsletter_tier_id":0,"_jetpack_memberships_contains_paywalled_content":false,"_mbp_banners":[],"_jetpack_feature_clip_id":0,"_jetpack_memberships_contains_paid_content":false,"footnotes":"","jetpack_publicize_message":"","jetpack_publicize_feature_enabled":true,"jetpack_social_post_already_shared":true,"jetpack_social_options":{"image_generator_settings":{"template":"highway","default_image_id":0,"font":"","enabled":false},"version":2},"jetpack_post_was_ever_published":false},"categories":[23],"tags":[],"class_list":["post-8430","post","type-post","status-publish","format-standard","has-post-thumbnail","category-esportes"],"jetpack_publicize_connections":[],"jetpack-related-posts":[],"jetpack_shortlink":"https:\/\/wp.me\/p7Eq1F-2bY","jetpack_sharing_enabled":true,"jetpack_featured_media_url":"https:\/\/i0.wp.com\/guialimeira.com.br\/news\/wp-content\/uploads\/2024\/06\/52409070280_05e1fe3aa9_o.jpg?fit=1600%2C800&ssl=1","_links":{"self":[{"href":"https:\/\/guialimeira.com.br\/news\/wp-json\/wp\/v2\/posts\/8430","targetHints":{"allow":["GET"]}}],"collection":[{"href":"https:\/\/guialimeira.com.br\/news\/wp-json\/wp\/v2\/posts"}],"about":[{"href":"https:\/\/guialimeira.com.br\/news\/wp-json\/wp\/v2\/types\/post"}],"author":[{"embeddable":true,"href":"https:\/\/guialimeira.com.br\/news\/wp-json\/wp\/v2\/users\/1"}],"replies":[{"embeddable":true,"href":"https:\/\/guialimeira.com.br\/news\/wp-json\/wp\/v2\/comments?post=8430"}],"version-history":[{"count":0,"href":"https:\/\/guialimeira.com.br\/news\/wp-json\/wp\/v2\/posts\/8430\/revisions"}],"wp:featuredmedia":[{"embeddable":true,"href":"https:\/\/guialimeira.com.br\/news\/wp-json\/wp\/v2\/media\/8431"}],"wp:attachment":[{"href":"https:\/\/guialimeira.com.br\/news\/wp-json\/wp\/v2\/media?parent=8430"}],"wp:term":[{"taxonomy":"category","embeddable":true,"href":"https:\/\/guialimeira.com.br\/news\/wp-json\/wp\/v2\/categories?post=8430"},{"taxonomy":"post_tag","embeddable":true,"href":"https:\/\/guialimeira.com.br\/news\/wp-json\/wp\/v2\/tags?post=8430"}],"curies":[{"name":"wp","href":"https:\/\/api.w.org\/{rel}","templated":true}]}}