{"id":8427,"date":"2024-06-15T00:29:49","date_gmt":"2024-06-15T03:29:49","guid":{"rendered":"https:\/\/guialimeira.com.br\/2024\/06\/15\/avai-mostra-forca-para-derrotar-guarani-e-virar-lider-da-serie-b\/"},"modified":"2024-06-15T00:29:49","modified_gmt":"2024-06-15T03:29:49","slug":"avai-mostra-forca-para-derrotar-guarani-e-virar-lider-da-serie-b","status":"publish","type":"post","link":"https:\/\/guialimeira.com.br\/news\/avai-mostra-forca-para-derrotar-guarani-e-virar-lider-da-serie-b\/","title":{"rendered":"Ava\u00ed mostra for\u00e7a para derrotar Guarani e virar l\u00edder da S\u00e9rie B"},"content":{"rendered":"<p> <br \/>\n<\/p>\n<div>\n<p>O Ava\u00ed assumiu a lideran\u00e7a da S\u00e9rie B do Campeonato Brasileiro ap\u00f3s derrotar o Guarani por 3 a 2, na noite desta sexta-feira (14) no est\u00e1dio da Ressacada, em Florian\u00f3polis (Santa Catarina). A partida contou com a transmiss\u00e3o ao vivo da <strong>TV Brasil<\/strong>.<img data-recalc-dims=\"1\" decoding=\"async\" src=\"https:\/\/i0.wp.com\/agenciabrasil.ebc.com.br\/ebc.png?w=696&#038;ssl=1\" style=\"width:1px; height:1px; display:inline;\"\/><img data-recalc-dims=\"1\" decoding=\"async\" src=\"https:\/\/i0.wp.com\/agenciabrasil.ebc.com.br\/ebc.gif?w=696&#038;ssl=1\" style=\"width:1px; height:1px; display:inline;\"\/><\/p>\n<blockquote class=\"twitter-tweet\">\n<p dir=\"ltr\" lang=\"pt\" xml:lang=\"pt\">ACAAAAAAAABOOOOOOOOOU!<br \/>VIT\u00d3RIA DE VIRADA E NA RA\u00c7A!<a href=\"https:\/\/twitter.com\/AvaiFC?ref_src=twsrc%5Etfw\" rel=\"noopener\">@AvaiFC<\/a> 3&#215;2 <a href=\"https:\/\/twitter.com\/guaranifc?ref_src=twsrc%5Etfw\" rel=\"noopener\">@guaranifc<\/a><\/p>\n<p>COMEMORE MUITO,<br \/>NA\u00c7\u00c3O AVAIANA!<a href=\"https:\/\/twitter.com\/hashtag\/DaIlha%C3%89sOLe%C3%A3o?src=hash&amp;ref_src=twsrc%5Etfw\" rel=\"noopener\">#DaIlha\u00c9sOLe\u00e3o<\/a><a href=\"https:\/\/twitter.com\/hashtag\/PraCimaComARacaToda?src=hash&amp;ref_src=twsrc%5Etfw\" rel=\"noopener\">#PraCimaComARacaToda<\/a><a href=\"https:\/\/twitter.com\/hashtag\/SejaSocio?src=hash&amp;ref_src=twsrc%5Etfw\" rel=\"noopener\">#SejaSocio<\/a><a href=\"https:\/\/t.co\/PVDYRAr991\">https:\/\/t.co\/PVDYRAr991<\/a> <a href=\"https:\/\/t.co\/tmiznqg3OY\">pic.twitter.com\/tmiznqg3OY<\/a><\/p>\n<p>\u2014 Ava\u00ed Futebol Clube (@AvaiFC) <a href=\"https:\/\/twitter.com\/AvaiFC\/status\/1801798267375693849?ref_src=twsrc%5Etfw\" rel=\"noopener\">June 15, 2024<\/a><\/p><\/blockquote>\n<p>Gra\u00e7as aos tr\u00eas pontos alcan\u00e7ados na 9\u00aa rodada da competi\u00e7\u00e3o, o Le\u00e3o da Ilha chegou ao total de 20. Mas para permanecer na ponta da classifica\u00e7\u00e3o at\u00e9 o final da rodada, a equipe catarinense ter\u00e1 que torcer contra o vice-l\u00edder Am\u00e9rica-MG (que tem 18 pontos e ainda enfrenta o CRB), contra o Goi\u00e1s (que tem 17 pontos e ainda joga com o Coritiba) e o Mirassol (que tamb\u00e9m tem 17 pontos e mede for\u00e7as com o Sport). J\u00e1 para o Bugre o rev\u00e9s representou a perman\u00eancia na lanterna com quatro pontos.<\/p>\n<p>Apesar de atuar em casa, o Ava\u00ed viu o Guarani abrir o placar logo aos 9 minutos do primeiro tempo, quando Airton aproveitou rebote dado pelo goleiro C\u00e9sar em chute de Jo\u00e3o Victor para mandar para o fundo das redes. Por\u00e9m, dez minutos depois Hygor igualou o placar. O confronto continuou aberto e, ainda antes do intervalo, o Bugre voltou a ficar em vantagem, gra\u00e7as a gol em cobran\u00e7a de p\u00eanalti de Caio Dantas aos 27 minutos.<\/p>\n<p>Ap\u00f3s o intervalo o Ava\u00ed conseguiu se impor ao advers\u00e1rio e marcou duas vezes para garantir a vit\u00f3ria final, gra\u00e7as a gols de Hygor, logo aos dois minutos, e de Jo\u00e3o Paulo, aos 16. O Le\u00e3o ainda ficou com um homem a menos nos minutos finais, ap\u00f3s a expuls\u00e3o de William Pottker. Mas a equipe catarinense mostrou for\u00e7a para segurar o resultado e a lideran\u00e7a da S\u00e9rie B.<\/p>\n<h2>Derrota do Peixe<\/h2>\n<p>Quem teve uma jornada para esquecer foi o Santos, que perdeu de 1 a 0 para o Oper\u00e1rio-PR no est\u00e1dio Germano Kr\u00fcger, em Ponta Grossa (Paran\u00e1). Este \u00e9 o quarto rev\u00e9s consecutivo na competi\u00e7\u00e3o do Peixe, que agora ocupa a 6\u00aa posi\u00e7\u00e3o com 15 pontos. J\u00e1 o Fantasma ocupa a 3\u00aa posi\u00e7\u00e3o com 18 pontos. O \u00fanico gol da partida disputada nesta sexta saiu dos p\u00e9s do zagueiro William Machado.<\/p>\n<blockquote class=\"twitter-tweet\">\n<p dir=\"ltr\" lang=\"pt\" xml:lang=\"pt\">Vit\u00f3ria na VILA OFICINAS \ud83d\udc7b\u26bd\ufe0f\ud83d\udd25<a href=\"https:\/\/twitter.com\/hashtag\/MaiorDoInterior?src=hash&amp;ref_src=twsrc%5Etfw\" rel=\"noopener\">#MaiorDoInterior<\/a><\/p>\n<p>\u270d\ufe0f <a href=\"https:\/\/twitter.com\/enzobinotto?ref_src=twsrc%5Etfw\" rel=\"noopener\">@enzobinotto<\/a> OFEC <a href=\"https:\/\/t.co\/obiOO1IqJH\">pic.twitter.com\/obiOO1IqJH<\/a><\/p>\n<p>\u2014 Oper\u00e1rio Ferrovi\u00e1rio (@OFECoficial) <a href=\"https:\/\/twitter.com\/OFECoficial\/status\/1801773584831889507?ref_src=twsrc%5Etfw\" rel=\"noopener\">June 15, 2024<\/a><\/p><\/blockquote><\/div>\n<p><script async src=\"\/\/platform.twitter.com\/widgets.js\" charset=\"utf-8\"><\/script><br \/>\n<br \/><br \/>\n<br \/><a href=\"https:\/\/agenciabrasil.ebc.com.br\/esportes\/noticia\/2024-06\/avai-mostra-forca-para-derrotar-guarani-e-virar-lider-da-serie-b\" rel=\"noopener\">Ag\u00eancia Brasil<\/a><\/p>\n","protected":false},"excerpt":{"rendered":"<p>O Ava\u00ed assumiu a lideran\u00e7a da S\u00e9rie B do Campeonato Brasileiro ap\u00f3s derrotar o Guarani por 3 a 2, na noite desta sexta-feira (14) no est\u00e1dio da Ressacada, em Florian\u00f3polis (Santa Catarina). A partida contou com a transmiss\u00e3o ao vivo da TV Brasil. ACAAAAAAAABOOOOOOOOOU!VIT\u00d3RIA DE VIRADA E NA RA\u00c7A!@AvaiFC 3&#215;2 @guaranifc COMEMORE MUITO,NA\u00c7\u00c3O AVAIANA!#DaIlha\u00c9sOLe\u00e3o#PraCimaComARacaToda#SejaSociohttps:\/\/t.co\/PVDYRAr991 pic.twitter.com\/tmiznqg3OY [&hellip;]<\/p>\n","protected":false},"author":1,"featured_media":8428,"comment_status":"open","ping_status":"open","sticky":false,"template":"","format":"standard","meta":{"_jetpack_newsletter_access":"","_jetpack_dont_email_post_to_subs":false,"_jetpack_newsletter_tier_id":0,"_jetpack_memberships_contains_paywalled_content":false,"_mbp_banners":[],"_jetpack_feature_clip_id":0,"_jetpack_memberships_contains_paid_content":false,"footnotes":"","jetpack_publicize_message":"","jetpack_publicize_feature_enabled":true,"jetpack_social_post_already_shared":true,"jetpack_social_options":{"image_generator_settings":{"template":"highway","default_image_id":0,"font":"","enabled":false},"version":2},"jetpack_post_was_ever_published":false},"categories":[23],"tags":[],"class_list":["post-8427","post","type-post","status-publish","format-standard","has-post-thumbnail","category-esportes"],"jetpack_publicize_connections":[],"jetpack-related-posts":[],"jetpack_shortlink":"https:\/\/wp.me\/p7Eq1F-2bV","jetpack_sharing_enabled":true,"jetpack_featured_media_url":"https:\/\/i0.wp.com\/guialimeira.com.br\/news\/wp-content\/uploads\/2024\/06\/53755191414_5e302e2188_o.jpg?fit=1600%2C800&ssl=1","_links":{"self":[{"href":"https:\/\/guialimeira.com.br\/news\/wp-json\/wp\/v2\/posts\/8427","targetHints":{"allow":["GET"]}}],"collection":[{"href":"https:\/\/guialimeira.com.br\/news\/wp-json\/wp\/v2\/posts"}],"about":[{"href":"https:\/\/guialimeira.com.br\/news\/wp-json\/wp\/v2\/types\/post"}],"author":[{"embeddable":true,"href":"https:\/\/guialimeira.com.br\/news\/wp-json\/wp\/v2\/users\/1"}],"replies":[{"embeddable":true,"href":"https:\/\/guialimeira.com.br\/news\/wp-json\/wp\/v2\/comments?post=8427"}],"version-history":[{"count":0,"href":"https:\/\/guialimeira.com.br\/news\/wp-json\/wp\/v2\/posts\/8427\/revisions"}],"wp:featuredmedia":[{"embeddable":true,"href":"https:\/\/guialimeira.com.br\/news\/wp-json\/wp\/v2\/media\/8428"}],"wp:attachment":[{"href":"https:\/\/guialimeira.com.br\/news\/wp-json\/wp\/v2\/media?parent=8427"}],"wp:term":[{"taxonomy":"category","embeddable":true,"href":"https:\/\/guialimeira.com.br\/news\/wp-json\/wp\/v2\/categories?post=8427"},{"taxonomy":"post_tag","embeddable":true,"href":"https:\/\/guialimeira.com.br\/news\/wp-json\/wp\/v2\/tags?post=8427"}],"curies":[{"name":"wp","href":"https:\/\/api.w.org\/{rel}","templated":true}]}}