{"id":8405,"date":"2024-06-14T17:33:45","date_gmt":"2024-06-14T20:33:45","guid":{"rendered":"https:\/\/guialimeira.com.br\/2024\/06\/14\/prefeitura-recebe-visita-tecnica-de-auditores-do-ministerio-da-saude\/"},"modified":"2024-06-14T17:33:45","modified_gmt":"2024-06-14T20:33:45","slug":"prefeitura-recebe-visita-tecnica-de-auditores-do-ministerio-da-saude","status":"publish","type":"post","link":"https:\/\/guialimeira.com.br\/news\/prefeitura-recebe-visita-tecnica-de-auditores-do-ministerio-da-saude\/","title":{"rendered":"Prefeitura recebe visita t\u00e9cnica de auditores do Minist\u00e9rio da Sa\u00fade"},"content":{"rendered":"<p> <br \/>\n<br \/><img data-recalc-dims=\"1\" decoding=\"async\" src=\"https:\/\/i0.wp.com\/ecrie.com.br\/sistema\/conteudos\/imagem\/m_137_0_1_14062024145735.jpg?w=696&#038;ssl=1\" \/><\/p>\n<p><span style=\"color: #000000\"><span style=\"font-family: Arial, sans-serif\"><span style=\"font-size: medium\">A Secretaria de Sa&uacute;de de Limeira recebeu quarta-feira (12), no Edif&iacute;cio Prada, representantes do Componente Federal de Auditoria no Sistema &Uacute;nico de Sa&uacute;de (SUS). O grupo reuniu-se com o secret&aacute;rio de Sa&uacute;de, Vitor Santos, o assessor-executivo da pasta, Alexandre Ferrari, e a enfermeira-auditora, Camila Rezende, para troca de informa&ccedil;&otilde;es t&eacute;cnicas e experi&ecirc;ncias relativas ao setor. Por parte do Minist&eacute;rio da Sa&uacute;de, estavam a m&eacute;dica e coordenadora do Servi&ccedil;o Estadual de Auditoria (Seaud), Rosanea Ferreira Rodrigues, e os auditores Norberto Mattos de Oliveira e Neli Silva de Oliveira.<br \/> <\/span><\/span><\/span><span style=\"color: #000000\"><span style=\"font-family: Arial, sans-serif\"><span style=\"font-size: medium\">De acordo com Camila, o SUS mant&eacute;m um conjunto de &oacute;rg&atilde;os e unidades, em todas as esferas de governo, com atribui&ccedil;&atilde;o de realizar auditoria em procedimentos de sa&uacute;de, conv&ecirc;nios e licita&ccedil;&otilde;es. Nesse sentido, ela informou que a Secretaria de Sa&uacute;de pretende certificar o trabalho j&aacute; realizado no munic&iacute;pio no Sistema Nacional de Auditoria (SNA), o que permitir&aacute; mais transpar&ecirc;ncia e facilidade na obten&ccedil;&atilde;o de informa&ccedil;&otilde;es por parte de &oacute;rg&atilde;os como Tribunal de Contas da Uni&atilde;o, Tribunal de Contas do Estado de S&atilde;o Paulo (TCESP) e o pr&oacute;prio Minist&eacute;rio da Sa&uacute;de. &ldquo;Limeira j&aacute; &eacute; refer&ecirc;ncia para o TCESP em termos de efetividade de gest&atilde;o municipal, com a conex&atilde;o ao SNA, iremos aprimorar ainda mais nosso trabalho&rdquo;, destacou. <\/span><\/span><\/span><\/p>\n<p><span style=\"color: #000000\"><span style=\"font-family: Arial, sans-serif\"><span style=\"font-size: medium\">Tamb&eacute;m participaram do encontro, pela Secretaria de Sa&uacute;de, as m&eacute;dicas-auditoras L&iacute;via Coelho e Cassiana Janu&aacute;rio, o chefe de faturamento, Geraldo Vassoler, e o diretor do Fundo Municipal de Sa&uacute;de, Rafael Botteon.<\/span><\/span><\/span><\/p>\n<p>&nbsp;<\/p>\n<p>&nbsp;<\/p>\n<p>&nbsp;<\/p>\n<p><br \/>\n<br \/><a href=\"https:\/\/limeira.sp.gov.br\/prefeitura-recebe-visita-tecnica-de-auditores-do-ministerio-da-saude\" rel=\"noopener\">Informa\u00e7\u00f5es da PML <\/a><\/p>\n","protected":false},"excerpt":{"rendered":"<p>A Secretaria de Sa&uacute;de de Limeira recebeu quarta-feira (12), no Edif&iacute;cio Prada, representantes do Componente Federal de Auditoria no Sistema &Uacute;nico de Sa&uacute;de (SUS). O grupo reuniu-se com o secret&aacute;rio de Sa&uacute;de, Vitor Santos, o assessor-executivo da pasta, Alexandre Ferrari, e a enfermeira-auditora, Camila Rezende, para troca de informa&ccedil;&otilde;es t&eacute;cnicas e experi&ecirc;ncias relativas ao setor. [&hellip;]<\/p>\n","protected":false},"author":1,"featured_media":8406,"comment_status":"open","ping_status":"open","sticky":false,"template":"","format":"standard","meta":{"_jetpack_newsletter_access":"","_jetpack_dont_email_post_to_subs":false,"_jetpack_newsletter_tier_id":0,"_jetpack_memberships_contains_paywalled_content":false,"_mbp_banners":[],"_jetpack_feature_clip_id":0,"_jetpack_memberships_contains_paid_content":false,"footnotes":"","jetpack_publicize_message":"","jetpack_publicize_feature_enabled":true,"jetpack_social_post_already_shared":true,"jetpack_social_options":{"image_generator_settings":{"template":"highway","default_image_id":0,"font":"","enabled":false},"version":2},"jetpack_post_was_ever_published":false},"categories":[16],"tags":[],"class_list":["post-8405","post","type-post","status-publish","format-standard","has-post-thumbnail","category-local"],"jetpack_publicize_connections":[],"jetpack-related-posts":[],"jetpack_shortlink":"https:\/\/wp.me\/p7Eq1F-2bz","jetpack_sharing_enabled":true,"jetpack_featured_media_url":"https:\/\/i0.wp.com\/guialimeira.com.br\/news\/wp-content\/uploads\/2024\/06\/m_137_0_1_14062024145735.jpg?fit=900%2C674&ssl=1","_links":{"self":[{"href":"https:\/\/guialimeira.com.br\/news\/wp-json\/wp\/v2\/posts\/8405","targetHints":{"allow":["GET"]}}],"collection":[{"href":"https:\/\/guialimeira.com.br\/news\/wp-json\/wp\/v2\/posts"}],"about":[{"href":"https:\/\/guialimeira.com.br\/news\/wp-json\/wp\/v2\/types\/post"}],"author":[{"embeddable":true,"href":"https:\/\/guialimeira.com.br\/news\/wp-json\/wp\/v2\/users\/1"}],"replies":[{"embeddable":true,"href":"https:\/\/guialimeira.com.br\/news\/wp-json\/wp\/v2\/comments?post=8405"}],"version-history":[{"count":0,"href":"https:\/\/guialimeira.com.br\/news\/wp-json\/wp\/v2\/posts\/8405\/revisions"}],"wp:featuredmedia":[{"embeddable":true,"href":"https:\/\/guialimeira.com.br\/news\/wp-json\/wp\/v2\/media\/8406"}],"wp:attachment":[{"href":"https:\/\/guialimeira.com.br\/news\/wp-json\/wp\/v2\/media?parent=8405"}],"wp:term":[{"taxonomy":"category","embeddable":true,"href":"https:\/\/guialimeira.com.br\/news\/wp-json\/wp\/v2\/categories?post=8405"},{"taxonomy":"post_tag","embeddable":true,"href":"https:\/\/guialimeira.com.br\/news\/wp-json\/wp\/v2\/tags?post=8405"}],"curies":[{"name":"wp","href":"https:\/\/api.w.org\/{rel}","templated":true}]}}