{"id":8402,"date":"2024-06-14T17:21:45","date_gmt":"2024-06-14T20:21:45","guid":{"rendered":"https:\/\/guialimeira.com.br\/2024\/06\/14\/em-sp-presidente-da-febraban-declara-apoio-institucional-a-haddad\/"},"modified":"2024-06-14T17:21:45","modified_gmt":"2024-06-14T20:21:45","slug":"em-sp-presidente-da-febraban-declara-apoio-institucional-a-haddad","status":"publish","type":"post","link":"https:\/\/guialimeira.com.br\/news\/em-sp-presidente-da-febraban-declara-apoio-institucional-a-haddad\/","title":{"rendered":"Em SP, presidente da Febraban declara \u201capoio institucional\u201d a Haddad"},"content":{"rendered":"<p> <br \/>\n<\/p>\n<div>\n<p>O presidente da Federa\u00e7\u00e3o Brasileira de Bancos (Febraban), Isaac Sidney, anunciou que o setor banc\u00e1rio manifesta \u201capoio institucional\u201d ao ministro da Fazenda, Fernando Haddad. A declara\u00e7\u00e3o foi feita a jornalistas ap\u00f3s uma reuni\u00e3o entre os dois nesta sexta-feira (14), na capital paulista.\u00a0<img data-recalc-dims=\"1\" decoding=\"async\" src=\"https:\/\/i0.wp.com\/agenciabrasil.ebc.com.br\/ebc.png?w=696&#038;ssl=1\" style=\"width:1px; height:1px; display:inline;\"\/><img data-recalc-dims=\"1\" decoding=\"async\" src=\"https:\/\/i0.wp.com\/agenciabrasil.ebc.com.br\/ebc.gif?w=696&#038;ssl=1\" style=\"width:1px; height:1px; display:inline;\"\/><\/p>\n<p>\u201cN\u00f3s aqui estivemos tamb\u00e9m para reafirmar um apoio institucional ao ministro da Fazenda, Fernando Haddad, porque enxergamos nele todo engajamento, toda uma determina\u00e7\u00e3o e uma firmeza na busca do equil\u00edbrio fiscal\u201d, disse Sidney.\u00a0<\/p>\n<p>A jornalistas, o presidente da Febraban\u00a0refor\u00e7ou\u00a0que os bancos v\u00e3o apoiar Haddad mesmo com rumores de\u00a0desconfian\u00e7as\u00a0sobre o cumprimento das metas fiscais. \u201cConsiderando tamb\u00e9m as circunst\u00e2ncias e os \u00faltimos acontecimentos de tensionamentos sobre discuss\u00f5es a respeito do cumprimento das metas fiscais e do arcabou\u00e7o fiscal, n\u00f3s aqui estivemos tamb\u00e9m para reafirmar o apoio do setor banc\u00e1rio ao ministro\u201d.\u00a0<\/p>\n<p>Na semana passada, uma outra reuni\u00e3o do ministro a portas fechadas em S\u00e3o Paulo com representantes do setor banc\u00e1rio trouxe ru\u00eddos para o mercado. Uma vers\u00e3o dada a jornalistas de que o ministro teria indicado que um eventual contigenciamento de gastos dependeria do presidente Luiz In\u00e1cio Lula da Silva e que o arcabou\u00e7o fiscal poderia ser mudado se espalhou pelo mercado antes do fechamento da bolsa, afetando a cota\u00e7\u00e3o do d\u00f3lar.\u00a0<\/p>\n<p>Haddad precisou ent\u00e3o convocar uma entrevista com jornalistas no mesmo dia para explicar que sua fala na reuni\u00e3o foi entendida de forma equivocada. \u201cN\u00e3o teve nada no sentido de que o arcabou\u00e7o poderia ser mudado, foi exatamente o contr\u00e1rio do que eu falei&#8221;, disse, na ocasi\u00e3o. &#8220;Eu falei que, sim, se algumas despesas crescessem al\u00e9m do previsto, poderia haver um contingenciamento de gasto, que \u00e9 absolutamente normal e aderente ao que prev\u00ea o arcabou\u00e7o fiscal\u201d, explicou.\u00a0<\/p>\n<\/p><\/div>\n<p><br \/>\n<br \/><a href=\"https:\/\/agenciabrasil.ebc.com.br\/economia\/noticia\/2024-06\/em-sp-presidente-da-febraban-declara-apoio-institucional-haddad\" rel=\"noopener\">Ag\u00eancia Brasil<\/a><\/p>\n","protected":false},"excerpt":{"rendered":"<p>O presidente da Federa\u00e7\u00e3o Brasileira de Bancos (Febraban), Isaac Sidney, anunciou que o setor banc\u00e1rio manifesta \u201capoio institucional\u201d ao ministro da Fazenda, Fernando Haddad. A declara\u00e7\u00e3o foi feita a jornalistas ap\u00f3s uma reuni\u00e3o entre os dois nesta sexta-feira (14), na capital paulista.\u00a0 \u201cN\u00f3s aqui estivemos tamb\u00e9m para reafirmar um apoio institucional ao ministro da Fazenda, [&hellip;]<\/p>\n","protected":false},"author":1,"featured_media":269,"comment_status":"open","ping_status":"open","sticky":false,"template":"","format":"standard","meta":{"_jetpack_newsletter_access":"","_jetpack_dont_email_post_to_subs":false,"_jetpack_newsletter_tier_id":0,"_jetpack_memberships_contains_paywalled_content":false,"_mbp_banners":[],"_jetpack_feature_clip_id":0,"_jetpack_memberships_contains_paid_content":false,"footnotes":"","jetpack_publicize_message":"","jetpack_publicize_feature_enabled":true,"jetpack_social_post_already_shared":true,"jetpack_social_options":{"image_generator_settings":{"template":"highway","default_image_id":0,"font":"","enabled":false},"version":2},"jetpack_post_was_ever_published":false},"categories":[24],"tags":[],"class_list":["post-8402","post","type-post","status-publish","format-standard","has-post-thumbnail","category-economia"],"jetpack_publicize_connections":[],"jetpack-related-posts":[],"jetpack_shortlink":"https:\/\/wp.me\/p7Eq1F-2bw","jetpack_sharing_enabled":true,"jetpack_featured_media_url":"https:\/\/i0.wp.com\/guialimeira.com.br\/news\/wp-content\/uploads\/2024\/03\/thumb_1200x600_agbrasil.png?fit=1200%2C600&ssl=1","_links":{"self":[{"href":"https:\/\/guialimeira.com.br\/news\/wp-json\/wp\/v2\/posts\/8402","targetHints":{"allow":["GET"]}}],"collection":[{"href":"https:\/\/guialimeira.com.br\/news\/wp-json\/wp\/v2\/posts"}],"about":[{"href":"https:\/\/guialimeira.com.br\/news\/wp-json\/wp\/v2\/types\/post"}],"author":[{"embeddable":true,"href":"https:\/\/guialimeira.com.br\/news\/wp-json\/wp\/v2\/users\/1"}],"replies":[{"embeddable":true,"href":"https:\/\/guialimeira.com.br\/news\/wp-json\/wp\/v2\/comments?post=8402"}],"version-history":[{"count":0,"href":"https:\/\/guialimeira.com.br\/news\/wp-json\/wp\/v2\/posts\/8402\/revisions"}],"wp:featuredmedia":[{"embeddable":true,"href":"https:\/\/guialimeira.com.br\/news\/wp-json\/wp\/v2\/media\/269"}],"wp:attachment":[{"href":"https:\/\/guialimeira.com.br\/news\/wp-json\/wp\/v2\/media?parent=8402"}],"wp:term":[{"taxonomy":"category","embeddable":true,"href":"https:\/\/guialimeira.com.br\/news\/wp-json\/wp\/v2\/categories?post=8402"},{"taxonomy":"post_tag","embeddable":true,"href":"https:\/\/guialimeira.com.br\/news\/wp-json\/wp\/v2\/tags?post=8402"}],"curies":[{"name":"wp","href":"https:\/\/api.w.org\/{rel}","templated":true}]}}