{"id":8400,"date":"2024-06-14T16:32:47","date_gmt":"2024-06-14T19:32:47","guid":{"rendered":"https:\/\/guialimeira.com.br\/2024\/06\/14\/parque-cidade-e-limeirao-terao-feira-livre-noturna-na-proxima-semana\/"},"modified":"2024-06-14T16:32:47","modified_gmt":"2024-06-14T19:32:47","slug":"parque-cidade-e-limeirao-terao-feira-livre-noturna-na-proxima-semana","status":"publish","type":"post","link":"https:\/\/guialimeira.com.br\/news\/parque-cidade-e-limeirao-terao-feira-livre-noturna-na-proxima-semana\/","title":{"rendered":"Parque Cidade e Limeir\u00e3o ter\u00e3o Feira Livre Noturna na pr\u00f3xima semana"},"content":{"rendered":"<p> <br \/>\n<br \/><img data-recalc-dims=\"1\" decoding=\"async\" src=\"https:\/\/i0.wp.com\/ecrie.com.br\/sistema\/conteudos\/imagem\/m_137_0_1_19022024120728.jpg?w=696&#038;ssl=1\" \/><\/p>\n<p>&nbsp;<\/p>\n<p><span style=\"font-family: Arial, sans-serif\"><span style=\"font-size: medium\"><span style=\"color: #000000\">A Feira Livre Noturna <\/span><span style=\"color: #000000\">ter&aacute; mais <\/span><span style=\"color: #000000\">duas<\/span><span style=\"color: #000000\"> edi&ccedil;<\/span><span style=\"color: #000000\">&otilde;es<\/span><span style=\"color: #000000\"> na pr&oacute;xima semana.<\/span><span style=\"color: #000000\"> Na ter&ccedil;a-feira (<\/span><span style=\"color: #000000\">18<\/span><span style=\"color: #000000\">), <\/span><span style=\"color: #000000\">ela<\/span><span style=\"color: #000000\"> ocorre no Parque Cidade, das 17h &agrave;s 2<\/span><span style=\"color: #000000\">2h<\/span><span style=\"color: #000000\">. Na quinta (<\/span><span style=\"color: #000000\">20)<\/span><span style=\"color: #000000\">, as 40 barracas <\/span><span style=\"color: #000000\">estar&atilde;o<\/span><span style=\"color: #000000\"> em frente da entrada principal do Est&aacute;dio do Limeir&atilde;o, no mesmo hor&aacute;rio.<\/span><br \/><span style=\"color: #000000\">Os consumidores ter&atilde;o acesso a produtos frescos e de qualidade, como legumes, verduras e frutas, al&eacute;m de alimentos prontos, como espetinhos, pizzas, lanches, derivados de milho, doces, entre outras op&ccedil;&otilde;es. Tamb&eacute;m ser&atilde;o comercializadas roupas, bijuterias e brinquedos.<\/span><br \/><span style=\"color: #000000\">Lan&ccedil;ada no fim do ano passado, a iniciativa &eacute; da <\/span><span style=\"color: #000000\">Prefeitura de Limeira, em parceria com a <\/span><span style=\"color: #000000\">Associa&ccedil;&atilde;o dos Feirantes (Asfel), <\/span><span style=\"color: #000000\">visando oferecer hor&aacute;rio alternativo aos consumidores e mais uma op&ccedil;&atilde;o de lazer na cidade.<\/span><\/span><\/span><\/p>\n<p>&nbsp;<\/p>\n<p>&nbsp;<\/p>\n<p><br \/>\n<br \/><a href=\"https:\/\/limeira.sp.gov.br\/parque-cidade-e-limeirao-recebem-feira-livre-noturna-na-proxima-semana\" rel=\"noopener\">Informa\u00e7\u00f5es da PML <\/a><\/p>\n","protected":false},"excerpt":{"rendered":"<p>&nbsp; A Feira Livre Noturna ter&aacute; mais duas edi&ccedil;&otilde;es na pr&oacute;xima semana. Na ter&ccedil;a-feira (18), ela ocorre no Parque Cidade, das 17h &agrave;s 22h. Na quinta (20), as 40 barracas estar&atilde;o em frente da entrada principal do Est&aacute;dio do Limeir&atilde;o, no mesmo hor&aacute;rio.Os consumidores ter&atilde;o acesso a produtos frescos e de qualidade, como legumes, verduras [&hellip;]<\/p>\n","protected":false},"author":1,"featured_media":5413,"comment_status":"open","ping_status":"open","sticky":false,"template":"","format":"standard","meta":{"_jetpack_newsletter_access":"","_jetpack_dont_email_post_to_subs":false,"_jetpack_newsletter_tier_id":0,"_jetpack_memberships_contains_paywalled_content":false,"_mbp_banners":[],"_jetpack_feature_clip_id":0,"_jetpack_memberships_contains_paid_content":false,"footnotes":"","jetpack_publicize_message":"","jetpack_publicize_feature_enabled":true,"jetpack_social_post_already_shared":true,"jetpack_social_options":{"image_generator_settings":{"template":"highway","default_image_id":0,"font":"","enabled":false},"version":2},"jetpack_post_was_ever_published":false},"categories":[16],"tags":[],"class_list":["post-8400","post","type-post","status-publish","format-standard","has-post-thumbnail","category-local"],"jetpack_publicize_connections":[],"jetpack-related-posts":[],"jetpack_shortlink":"https:\/\/wp.me\/p7Eq1F-2bu","jetpack_sharing_enabled":true,"jetpack_featured_media_url":"https:\/\/i0.wp.com\/guialimeira.com.br\/news\/wp-content\/uploads\/2024\/05\/m_137_0_1_19022024120728.jpg?fit=1280%2C852&ssl=1","_links":{"self":[{"href":"https:\/\/guialimeira.com.br\/news\/wp-json\/wp\/v2\/posts\/8400","targetHints":{"allow":["GET"]}}],"collection":[{"href":"https:\/\/guialimeira.com.br\/news\/wp-json\/wp\/v2\/posts"}],"about":[{"href":"https:\/\/guialimeira.com.br\/news\/wp-json\/wp\/v2\/types\/post"}],"author":[{"embeddable":true,"href":"https:\/\/guialimeira.com.br\/news\/wp-json\/wp\/v2\/users\/1"}],"replies":[{"embeddable":true,"href":"https:\/\/guialimeira.com.br\/news\/wp-json\/wp\/v2\/comments?post=8400"}],"version-history":[{"count":0,"href":"https:\/\/guialimeira.com.br\/news\/wp-json\/wp\/v2\/posts\/8400\/revisions"}],"wp:featuredmedia":[{"embeddable":true,"href":"https:\/\/guialimeira.com.br\/news\/wp-json\/wp\/v2\/media\/5413"}],"wp:attachment":[{"href":"https:\/\/guialimeira.com.br\/news\/wp-json\/wp\/v2\/media?parent=8400"}],"wp:term":[{"taxonomy":"category","embeddable":true,"href":"https:\/\/guialimeira.com.br\/news\/wp-json\/wp\/v2\/categories?post=8400"},{"taxonomy":"post_tag","embeddable":true,"href":"https:\/\/guialimeira.com.br\/news\/wp-json\/wp\/v2\/tags?post=8400"}],"curies":[{"name":"wp","href":"https:\/\/api.w.org\/{rel}","templated":true}]}}