{"id":8392,"date":"2024-06-14T15:31:45","date_gmt":"2024-06-14T18:31:45","guid":{"rendered":"https:\/\/guialimeira.com.br\/2024\/06\/14\/ceprosom-promove-capacitacao-sobre-marco-regulatorio\/"},"modified":"2024-06-14T15:31:45","modified_gmt":"2024-06-14T18:31:45","slug":"ceprosom-promove-capacitacao-sobre-marco-regulatorio","status":"publish","type":"post","link":"https:\/\/guialimeira.com.br\/news\/ceprosom-promove-capacitacao-sobre-marco-regulatorio\/","title":{"rendered":"Ceprosom promove capacita\u00e7\u00e3o sobre Marco Regulat\u00f3rio"},"content":{"rendered":"<p> <br \/>\n<br \/><img data-recalc-dims=\"1\" decoding=\"async\" src=\"https:\/\/i0.wp.com\/ecrie.com.br\/sistema\/conteudos\/imagem\/m_137_0_1_14062024152434.jpg?w=696&#038;ssl=1\" \/><\/p>\n<p>&nbsp;<\/p>\n<p id=\"isPasted\"><span style=\"font-size: medium\">A vice-prefeita Erika Tank e a presidente do Ceprosom, Maria Auc&eacute;lia Damaceno, acompanharam na manh&atilde; desta quinta-feira (13), no N&uacute;cleo de Atendimento ao Cidad&atilde;o (NAC), o curso &ldquo;Marco Regulat&oacute;rio das Organiza&ccedil;&otilde;es da Sociedade Civil, do Planejamento &agrave; Presta&ccedil;&atilde;o de Contas&rdquo;. A iniciativa &eacute; voltada aos profissionais das 21 organiza&ccedil;&otilde;es que prestam servi&ccedil;os socioassistenciais &agrave; Prefeitura de Limeira, al&eacute;m de servidores do pr&oacute;prio Ceprosom, totalizando 70 participantes.&nbsp;<br \/>Erika Tank deu as boas-vindas aos presentes e agradeceu &agrave;s institui&ccedil;&otilde;es pelo importante trabalho desenvolvido no setor. &ldquo;Com essa forma&ccedil;&atilde;o, espero que voc&ecirc;s possam fortalecer as a&ccedil;&otilde;es e aperfei&ccedil;oar o atendimento oferecido &agrave; popula&ccedil;&atilde;o&rdquo;, frisou.<\/span><\/p>\n<p><span style=\"font-size: medium\">Segundo Maria Auc&eacute;lia, a capacita&ccedil;&atilde;o visa atualizar os profissionais da &aacute;rea sobre as normativas do Marco Regulat&oacute;rio. Aprovado em &acirc;mbito federal em 2014, o Marco Regulat&oacute;rio permitiu o aperfei&ccedil;oamento jur&iacute;dico e institucional das organiza&ccedil;&otilde;es da sociedade civil e suas parcerias com a administra&ccedil;&atilde;o p&uacute;blica. O curso ter&aacute; dura&ccedil;&atilde;o de dois dias.<\/span><\/p>\n<div>&nbsp;<\/div>\n<p><br \/>\n<br \/><a href=\"https:\/\/limeira.sp.gov.br\/ceprosom-promove-capacitacao-sobre-marco-regulatorio\" rel=\"noopener\">Informa\u00e7\u00f5es da PML <\/a><\/p>\n","protected":false},"excerpt":{"rendered":"<p>&nbsp; A vice-prefeita Erika Tank e a presidente do Ceprosom, Maria Auc&eacute;lia Damaceno, acompanharam na manh&atilde; desta quinta-feira (13), no N&uacute;cleo de Atendimento ao Cidad&atilde;o (NAC), o curso &ldquo;Marco Regulat&oacute;rio das Organiza&ccedil;&otilde;es da Sociedade Civil, do Planejamento &agrave; Presta&ccedil;&atilde;o de Contas&rdquo;. A iniciativa &eacute; voltada aos profissionais das 21 organiza&ccedil;&otilde;es que prestam servi&ccedil;os socioassistenciais &agrave; [&hellip;]<\/p>\n","protected":false},"author":1,"featured_media":8393,"comment_status":"open","ping_status":"open","sticky":false,"template":"","format":"standard","meta":{"_jetpack_newsletter_access":"","_jetpack_dont_email_post_to_subs":false,"_jetpack_newsletter_tier_id":0,"_jetpack_memberships_contains_paywalled_content":false,"_mbp_banners":[],"_jetpack_feature_clip_id":0,"_jetpack_memberships_contains_paid_content":false,"footnotes":"","jetpack_publicize_message":"","jetpack_publicize_feature_enabled":true,"jetpack_social_post_already_shared":true,"jetpack_social_options":{"image_generator_settings":{"template":"highway","default_image_id":0,"font":"","enabled":false},"version":2},"jetpack_post_was_ever_published":false},"categories":[16],"tags":[],"class_list":["post-8392","post","type-post","status-publish","format-standard","has-post-thumbnail","category-local"],"jetpack_publicize_connections":[],"jetpack-related-posts":[],"jetpack_shortlink":"https:\/\/wp.me\/p7Eq1F-2bm","jetpack_sharing_enabled":true,"jetpack_featured_media_url":"https:\/\/i0.wp.com\/guialimeira.com.br\/news\/wp-content\/uploads\/2024\/06\/m_137_0_1_14062024152434.jpg?fit=1280%2C852&ssl=1","_links":{"self":[{"href":"https:\/\/guialimeira.com.br\/news\/wp-json\/wp\/v2\/posts\/8392","targetHints":{"allow":["GET"]}}],"collection":[{"href":"https:\/\/guialimeira.com.br\/news\/wp-json\/wp\/v2\/posts"}],"about":[{"href":"https:\/\/guialimeira.com.br\/news\/wp-json\/wp\/v2\/types\/post"}],"author":[{"embeddable":true,"href":"https:\/\/guialimeira.com.br\/news\/wp-json\/wp\/v2\/users\/1"}],"replies":[{"embeddable":true,"href":"https:\/\/guialimeira.com.br\/news\/wp-json\/wp\/v2\/comments?post=8392"}],"version-history":[{"count":0,"href":"https:\/\/guialimeira.com.br\/news\/wp-json\/wp\/v2\/posts\/8392\/revisions"}],"wp:featuredmedia":[{"embeddable":true,"href":"https:\/\/guialimeira.com.br\/news\/wp-json\/wp\/v2\/media\/8393"}],"wp:attachment":[{"href":"https:\/\/guialimeira.com.br\/news\/wp-json\/wp\/v2\/media?parent=8392"}],"wp:term":[{"taxonomy":"category","embeddable":true,"href":"https:\/\/guialimeira.com.br\/news\/wp-json\/wp\/v2\/categories?post=8392"},{"taxonomy":"post_tag","embeddable":true,"href":"https:\/\/guialimeira.com.br\/news\/wp-json\/wp\/v2\/tags?post=8392"}],"curies":[{"name":"wp","href":"https:\/\/api.w.org\/{rel}","templated":true}]}}