{"id":8388,"date":"2024-06-14T15:21:16","date_gmt":"2024-06-14T18:21:16","guid":{"rendered":"https:\/\/guialimeira.com.br\/2024\/06\/14\/ia-apagara-publicacoes-abusivas-contra-atletas-nos-jogos-diz-coi\/"},"modified":"2024-06-14T15:21:16","modified_gmt":"2024-06-14T18:21:16","slug":"ia-apagara-publicacoes-abusivas-contra-atletas-nos-jogos-diz-coi","status":"publish","type":"post","link":"https:\/\/guialimeira.com.br\/news\/ia-apagara-publicacoes-abusivas-contra-atletas-nos-jogos-diz-coi\/","title":{"rendered":"IA apagar\u00e1 publica\u00e7\u00f5es abusivas contra atletas nos Jogos, diz COI"},"content":{"rendered":"<p> <br \/>\n<\/p>\n<div>\n<p>O Comit\u00ea Ol\u00edmpico Internacional implantar\u00e1 intelig\u00eancia artificial para bloquear qualquer insulto nas m\u00eddias sociais direcionado a 15.000 atletas e autoridades nos Jogos Ol\u00edmpicos de Paris no pr\u00f3ximo m\u00eas, disse o presidente Thomas Bach nesta sexta-feira (14).<img data-recalc-dims=\"1\" decoding=\"async\" src=\"https:\/\/i0.wp.com\/agenciabrasil.ebc.com.br\/ebc.png?w=696&#038;ssl=1\" style=\"width:1px; height:1px; display:inline;\"\/><img data-recalc-dims=\"1\" decoding=\"async\" src=\"https:\/\/i0.wp.com\/agenciabrasil.ebc.com.br\/ebc.gif?w=696&#038;ssl=1\" style=\"width:1px; height:1px; display:inline;\"\/><\/p>\n<p>Os Jogos est\u00e3o sendo realizados em meio \u00e0s guerras na Ucr\u00e2nia, ap\u00f3s a invas\u00e3o da R\u00fassia em 2022, e entre o Hamas e Israel em Gaza &#8211; eventos que j\u00e1 levaram a casos de abuso nas redes sociais.<\/p>\n<p>As Olimp\u00edadas come\u00e7am em 26 de julho com mais de 10.500 atletas competindo em 32 esportes, e espera-se que gerem mais de meio bilh\u00e3o de engajamentos nas m\u00eddias sociais durante os 16 dias do evento, de acordo com o COI.<\/p>\n<blockquote>\n<p>&#8220;O COI usar\u00e1 a IA em Paris em diferentes \u00e1reas&#8221;, disse Bach em uma entrevista coletiva.\u00a0&#8220;Uma delas \u00e9 a prote\u00e7\u00e3o, j\u00e1 que esperamos meio bilh\u00e3o de publica\u00e7\u00f5es nas m\u00eddias sociais durante esses Jogos. Se algu\u00e9m levasse apenas um segundo para ler cada postagem, levaria 16 anos para analis\u00e1-las&#8221;, afirmou ele.\u00a0&#8220;Em vez disso, o COI fornecer\u00e1 uma ferramenta proativa de IA para proteger os atletas contra o abuso cibern\u00e9tico. Essa ferramenta de IA oferece monitoramento extensivo, abrangendo 15.000 atletas e dirigentes. Isso apaga automaticamente as publica\u00e7\u00f5es abusivas para proteger os atletas.&#8221;<\/p>\n<\/blockquote>\n<p>Os atletas russos e bielorrussos n\u00e3o competir\u00e3o sob sua bandeira, mas foram autorizados a participar apenas como atletas neutros, o que irritou Moscou.<\/p>\n<p>As medidas abranger\u00e3o todos os tipos de abuso, n\u00e3o apenas ataques pol\u00edticos. O COI n\u00e3o deu detalhes sobre o tipo de acesso que os atletas deveriam dar \u00e0s suas contas.<\/p>\n<p>Bach tamb\u00e9m disse que os desdobramentos pol\u00edticos na Fran\u00e7a e as pr\u00f3ximas elei\u00e7\u00f5es parlamentares antecipadas, apenas algumas semanas antes dos Jogos Ol\u00edmpicos, n\u00e3o prejudicariam os preparativos ou os pr\u00f3prios Jogos.<\/p>\n<blockquote>\n<p>&#8220;N\u00e3o, n\u00e3o estamos preocupados&#8221;, declarou Bach. &#8220;Seja o governo ou a oposi\u00e7\u00e3o, todos eles expressam n\u00e3o apenas seu desejo, mas sua determina\u00e7\u00e3o de que a Fran\u00e7a se apresente em seu melhor momento por ocasi\u00e3o dos Jogos Ol\u00edmpicos.&#8221;<\/p>\n<\/blockquote>\n<p>O presidente franc\u00eas, Emmanuel Macron, convocou no domingo (9) uma elei\u00e7\u00e3o parlamentar antecipada para o final do m\u00eas, depois que o Reuni\u00e3o Nacional, anti-imigra\u00e7\u00e3o e euroc\u00e9tico, ficou em primeiro lugar em uma vota\u00e7\u00e3o para o Parlamento Europeu.<\/p>\n<p><em><strong>* \u00c9 proibida a reprodu\u00e7\u00e3o deste conte\u00fado.\u00a0<\/strong><\/em><\/p>\n<\/p><\/div>\n<p><br \/>\n<br \/><a href=\"https:\/\/agenciabrasil.ebc.com.br\/esportes\/noticia\/2024-06\/ia-apagara-publicacoes-abusivas-contra-atletas-nos-jogos-diz-coi\" rel=\"noopener\">Ag\u00eancia Brasil<\/a><\/p>\n","protected":false},"excerpt":{"rendered":"<p>O Comit\u00ea Ol\u00edmpico Internacional implantar\u00e1 intelig\u00eancia artificial para bloquear qualquer insulto nas m\u00eddias sociais direcionado a 15.000 atletas e autoridades nos Jogos Ol\u00edmpicos de Paris no pr\u00f3ximo m\u00eas, disse o presidente Thomas Bach nesta sexta-feira (14). Os Jogos est\u00e3o sendo realizados em meio \u00e0s guerras na Ucr\u00e2nia, ap\u00f3s a invas\u00e3o da R\u00fassia em 2022, e [&hellip;]<\/p>\n","protected":false},"author":1,"featured_media":8389,"comment_status":"open","ping_status":"open","sticky":false,"template":"","format":"standard","meta":{"_jetpack_newsletter_access":"","_jetpack_dont_email_post_to_subs":false,"_jetpack_newsletter_tier_id":0,"_jetpack_memberships_contains_paywalled_content":false,"_mbp_banners":[],"_jetpack_feature_clip_id":0,"_jetpack_memberships_contains_paid_content":false,"footnotes":"","jetpack_publicize_message":"","jetpack_publicize_feature_enabled":true,"jetpack_social_post_already_shared":true,"jetpack_social_options":{"image_generator_settings":{"template":"highway","default_image_id":0,"font":"","enabled":false},"version":2},"jetpack_post_was_ever_published":false},"categories":[23],"tags":[],"class_list":["post-8388","post","type-post","status-publish","format-standard","has-post-thumbnail","category-esportes"],"jetpack_publicize_connections":[],"jetpack-related-posts":[],"jetpack_shortlink":"https:\/\/wp.me\/p7Eq1F-2bi","jetpack_sharing_enabled":true,"jetpack_featured_media_url":"https:\/\/i0.wp.com\/guialimeira.com.br\/news\/wp-content\/uploads\/2024\/06\/aneis_olimpicos_torre_eiffell.jpg?fit=1600%2C800&ssl=1","_links":{"self":[{"href":"https:\/\/guialimeira.com.br\/news\/wp-json\/wp\/v2\/posts\/8388","targetHints":{"allow":["GET"]}}],"collection":[{"href":"https:\/\/guialimeira.com.br\/news\/wp-json\/wp\/v2\/posts"}],"about":[{"href":"https:\/\/guialimeira.com.br\/news\/wp-json\/wp\/v2\/types\/post"}],"author":[{"embeddable":true,"href":"https:\/\/guialimeira.com.br\/news\/wp-json\/wp\/v2\/users\/1"}],"replies":[{"embeddable":true,"href":"https:\/\/guialimeira.com.br\/news\/wp-json\/wp\/v2\/comments?post=8388"}],"version-history":[{"count":0,"href":"https:\/\/guialimeira.com.br\/news\/wp-json\/wp\/v2\/posts\/8388\/revisions"}],"wp:featuredmedia":[{"embeddable":true,"href":"https:\/\/guialimeira.com.br\/news\/wp-json\/wp\/v2\/media\/8389"}],"wp:attachment":[{"href":"https:\/\/guialimeira.com.br\/news\/wp-json\/wp\/v2\/media?parent=8388"}],"wp:term":[{"taxonomy":"category","embeddable":true,"href":"https:\/\/guialimeira.com.br\/news\/wp-json\/wp\/v2\/categories?post=8388"},{"taxonomy":"post_tag","embeddable":true,"href":"https:\/\/guialimeira.com.br\/news\/wp-json\/wp\/v2\/tags?post=8388"}],"curies":[{"name":"wp","href":"https:\/\/api.w.org\/{rel}","templated":true}]}}