{"id":8386,"date":"2024-06-14T15:01:56","date_gmt":"2024-06-14T18:01:56","guid":{"rendered":"https:\/\/guialimeira.com.br\/2024\/06\/14\/aumenta-no-rio-grande-do-sul-risco-de-doencas-infecciosas\/"},"modified":"2024-06-14T15:01:56","modified_gmt":"2024-06-14T18:01:56","slug":"aumenta-no-rio-grande-do-sul-risco-de-doencas-infecciosas","status":"publish","type":"post","link":"https:\/\/guialimeira.com.br\/news\/aumenta-no-rio-grande-do-sul-risco-de-doencas-infecciosas\/","title":{"rendered":"Aumenta no Rio Grande do Sul risco de doen\u00e7as infecciosas"},"content":{"rendered":"<p> <br \/>\n<\/p>\n<div>\n<p>Pesquisadores do Observat\u00f3rio de Clima e Sa\u00fade\u00a0do Instituto de Comunica\u00e7\u00e3o e Informa\u00e7\u00e3o em Sa\u00fade da Fiocruz (Icict\/Fiocruz) alertam, em nota t\u00e9cnica, para o aumento da incid\u00eancia de doen\u00e7as respirat\u00f3rias (covid-19, gripes e resfriados e tuberculose), doen\u00e7as gastrointestinais (hepatite A e diarreia infecciosa), doen\u00e7as transmitidas por vetores (principalmente a dengue) e leptospirose entre a popula\u00e7\u00e3o do Rio Grande do Sul.<\/p>\n<p>Outro perigo deste momento p\u00f3s-enchentes \u00e9 o maior n\u00famero de acidentes com animais pe\u00e7onhentos, que podem aparecer dentro das casas com a baixa das \u00e1guas. \u00a0<img data-recalc-dims=\"1\" decoding=\"async\" src=\"https:\/\/i0.wp.com\/agenciabrasil.ebc.com.br\/ebc.png?w=696&#038;ssl=1\" style=\"width:1px; height:1px; display:inline;\"\/><img data-recalc-dims=\"1\" decoding=\"async\" src=\"https:\/\/i0.wp.com\/agenciabrasil.ebc.com.br\/ebc.gif?w=696&#038;ssl=1\" style=\"width:1px; height:1px; display:inline;\"\/><\/p>\n<p>&#8220;Historicamente, as regi\u00f5es dos vales (incluindo a regi\u00e3o metropolitana de Porto Alegre), a depress\u00e3o central e litoral norte do estado t\u00eam maior incid\u00eancia de acidentes com animais pe\u00e7onhentos. Com a subida do n\u00edvel das \u00e1guas podem ocorrer mais acidentes com aranhas e serpentes, assim como aumenta o risco da transmiss\u00e3o de doen\u00e7as transmitidas por \u00e1gua contaminada e vetores, como leptospirose, diarreias e dengue. Essas doen\u00e7as est\u00e3o mais concentradas no ver\u00e3o, mas podem se estender nos pr\u00f3ximos meses devido \u00e0s altera\u00e7\u00f5es do ambiente original causadas pelas chuvas intensas e enchentes&#8221;, explica o pesquisador do Observat\u00f3rio de Clima e Sa\u00fade, Diego Xavier.<\/p>\n<p>\u201cA sobreposi\u00e7\u00e3o desses riscos, nas mesmas \u00e1reas e no mesmo per\u00edodo, exige do sistema de sa\u00fade maior capacidade de realizar diagn\u00f3sticos diferenciais e de identificar os casos mais graves, que precisar\u00e3o de interna\u00e7\u00e3o hospitalar ou tratamento especializado\u201d, complementa Christovam Barcellos, tamb\u00e9m pesquisador do Observat\u00f3rio.<\/p>\n<p>Os pesquisadores chamam a aten\u00e7\u00e3o para outra quest\u00e3o importante nessa etapa da trag\u00e9dia: a sa\u00fade mental dos desabrigados, dos profissionais e dos volunt\u00e1rios que est\u00e3o trabalhando na emerg\u00eancia. As perdas materiais e\/ou de parentes e amigos podem causar aumento de casos de transtorno de estresse p\u00f3s-traum\u00e1tico, depress\u00e3o e ansiedade. \u00a0<\/p>\n<p>De acordo com estudo divulgado pelo Observat\u00f3rio de Clima e Sa\u00fade, as doen\u00e7as cr\u00f4nicas, como diabetes, hipertens\u00e3o, doen\u00e7as cardiovasculares e transtornos mentais podem se descompensar devido \u00e0 interrup\u00e7\u00e3o do acesso a medicamentos e cuidados m\u00e9dicos cont\u00ednuos. \u00a0\u00a0<\/p>\n<p>A aglomera\u00e7\u00e3o de pessoas nos abrigos, as obras de recupera\u00e7\u00e3o das cidades atingidas e o contato com \u00e1gua contaminada est\u00e3o entre os motivos que podem causar o aumento da maioria dos problemas relacionados \u00e0 sa\u00fade. Neste momento em que as ruas est\u00e3o cheias de lixo e entulho \u00e0 espera de coleta, les\u00f5es f\u00edsicas, como cortes, fraturas, contus\u00f5es e at\u00e9 queimaduras, tamb\u00e9m se tornam frequentes. \u00a0<\/p>\n<p>A nota t\u00e9cnica ressalta ainda que existem 1.518 estabelecimentos potencialmente poluidores dentro da \u00e1rea que foi inundada. S\u00e3o ind\u00fastrias, terminais de transporte, obras civis, estabelecimentos comerciais e dep\u00f3sitos que, invadidos pelas enchentes, podem expor a popula\u00e7\u00e3o a subst\u00e2ncias t\u00f3xicas nos meses posteriores ao desastre. \u00a0<\/p>\n<p>&#8220;Sabemos que o momento \u00e9 dif\u00edcil e que muitos servi\u00e7os ainda precisam ser restabelecidos, mas, para diminuir os riscos para a popula\u00e7\u00e3o, \u00e9 importante que o sistema de sa\u00fade implemente iniciativas de cuidado coletivas, como campanhas de vacina\u00e7\u00e3o, fornecimento de \u00e1gua pot\u00e1vel e de instala\u00e7\u00f5es sanit\u00e1rias adequadas nos abrigos, o controle de vetores, o acesso cont\u00ednuo a medicamentos e cuidados m\u00e9dicos para os doentes cr\u00f4nicos, al\u00e9m de servi\u00e7os de apoio \u00e0 sa\u00fade mental da popula\u00e7\u00e3o e das pessoas que est\u00e3o trabalhando na emerg\u00eancia&#8221;, afirma Diego Xavier.<\/p>\n<\/p><\/div>\n<p><br \/>\n<br \/><a href=\"https:\/\/agenciabrasil.ebc.com.br\/saude\/noticia\/2024-06\/aumenta-no-rio-grande-do-sul-risco-de-doencas-infecciosas\" rel=\"noopener\">Ag\u00eancia Brasil <\/a><\/p>\n","protected":false},"excerpt":{"rendered":"<p>Pesquisadores do Observat\u00f3rio de Clima e Sa\u00fade\u00a0do Instituto de Comunica\u00e7\u00e3o e Informa\u00e7\u00e3o em Sa\u00fade da Fiocruz (Icict\/Fiocruz) alertam, em nota t\u00e9cnica, para o aumento da incid\u00eancia de doen\u00e7as respirat\u00f3rias (covid-19, gripes e resfriados e tuberculose), doen\u00e7as gastrointestinais (hepatite A e diarreia infecciosa), doen\u00e7as transmitidas por vetores (principalmente a dengue) e leptospirose entre a popula\u00e7\u00e3o do [&hellip;]<\/p>\n","protected":false},"author":1,"featured_media":7660,"comment_status":"open","ping_status":"open","sticky":false,"template":"","format":"standard","meta":{"_jetpack_newsletter_access":"","_jetpack_dont_email_post_to_subs":false,"_jetpack_newsletter_tier_id":0,"_jetpack_memberships_contains_paywalled_content":false,"_mbp_banners":[],"_jetpack_feature_clip_id":0,"_jetpack_memberships_contains_paid_content":false,"footnotes":"","jetpack_publicize_message":"","jetpack_publicize_feature_enabled":true,"jetpack_social_post_already_shared":true,"jetpack_social_options":{"image_generator_settings":{"template":"highway","default_image_id":0,"font":"","enabled":false},"version":2},"jetpack_post_was_ever_published":false},"categories":[15],"tags":[],"class_list":["post-8386","post","type-post","status-publish","format-standard","has-post-thumbnail","category-saude"],"jetpack_publicize_connections":[],"jetpack-related-posts":[],"jetpack_shortlink":"https:\/\/wp.me\/p7Eq1F-2bg","jetpack_sharing_enabled":true,"jetpack_featured_media_url":"https:\/\/i0.wp.com\/guialimeira.com.br\/news\/wp-content\/uploads\/2024\/06\/imagem_do_whatsapp_de_2024-05-23_as_12.38.40_9aa56ea3.jpg?fit=1600%2C800&ssl=1","_links":{"self":[{"href":"https:\/\/guialimeira.com.br\/news\/wp-json\/wp\/v2\/posts\/8386","targetHints":{"allow":["GET"]}}],"collection":[{"href":"https:\/\/guialimeira.com.br\/news\/wp-json\/wp\/v2\/posts"}],"about":[{"href":"https:\/\/guialimeira.com.br\/news\/wp-json\/wp\/v2\/types\/post"}],"author":[{"embeddable":true,"href":"https:\/\/guialimeira.com.br\/news\/wp-json\/wp\/v2\/users\/1"}],"replies":[{"embeddable":true,"href":"https:\/\/guialimeira.com.br\/news\/wp-json\/wp\/v2\/comments?post=8386"}],"version-history":[{"count":0,"href":"https:\/\/guialimeira.com.br\/news\/wp-json\/wp\/v2\/posts\/8386\/revisions"}],"wp:featuredmedia":[{"embeddable":true,"href":"https:\/\/guialimeira.com.br\/news\/wp-json\/wp\/v2\/media\/7660"}],"wp:attachment":[{"href":"https:\/\/guialimeira.com.br\/news\/wp-json\/wp\/v2\/media?parent=8386"}],"wp:term":[{"taxonomy":"category","embeddable":true,"href":"https:\/\/guialimeira.com.br\/news\/wp-json\/wp\/v2\/categories?post=8386"},{"taxonomy":"post_tag","embeddable":true,"href":"https:\/\/guialimeira.com.br\/news\/wp-json\/wp\/v2\/tags?post=8386"}],"curies":[{"name":"wp","href":"https:\/\/api.w.org\/{rel}","templated":true}]}}