{"id":8384,"date":"2024-06-14T14:18:43","date_gmt":"2024-06-14T17:18:43","guid":{"rendered":"https:\/\/guialimeira.com.br\/2024\/06\/14\/enchentes-no-rs-causaram-prejuizos-de-r-332-bilhoes-ao-varejo\/"},"modified":"2024-06-14T14:18:43","modified_gmt":"2024-06-14T17:18:43","slug":"enchentes-no-rs-causaram-prejuizos-de-r-332-bilhoes-ao-varejo","status":"publish","type":"post","link":"https:\/\/guialimeira.com.br\/news\/enchentes-no-rs-causaram-prejuizos-de-r-332-bilhoes-ao-varejo\/","title":{"rendered":"Enchentes no RS causaram preju\u00edzos de R$ 3,32 bilh\u00f5es ao varejo"},"content":{"rendered":"<p> <br \/>\n<\/p>\n<div>\n<p>A Confedera\u00e7\u00e3o Nacional do Com\u00e9rcio de Bens, Servi\u00e7os e Turismo (CNC) estima perda di\u00e1ria de receitas na ordem de R$ 123 milh\u00f5es, acumulando um preju\u00edzo de R$ 3,32 bilh\u00f5es no m\u00eas de maio com as enchentes no Rio Grande do Sul.<img data-recalc-dims=\"1\" decoding=\"async\" src=\"https:\/\/i0.wp.com\/agenciabrasil.ebc.com.br\/ebc.png?w=696&#038;ssl=1\" style=\"width:1px; height:1px; display:inline;\"\/><img data-recalc-dims=\"1\" decoding=\"async\" src=\"https:\/\/i0.wp.com\/agenciabrasil.ebc.com.br\/ebc.gif?w=696&#038;ssl=1\" style=\"width:1px; height:1px; display:inline;\"\/><\/p>\n<p>As consequ\u00eancias afetam tamb\u00e9m a infraestrutura e o abastecimento dos estabelecimentos comerciais, com queda abrupta de 28% no fluxo de ve\u00edculos de carga nas estradas do estado, segundo dados preliminares da Ag\u00eancia Nacional de Transportes Terrestres (ANTT).<\/p>\n<p>\u201cO impacto das enchentes no Rio Grande do Sul \u00e9 devastador, n\u00e3o s\u00f3 em termos de perdas humanas e financeiras, mas tamb\u00e9m no que diz respeito \u00e0 infraestrutura vital para o funcionamento do com\u00e9rcio\u201d, afirma o presidente da CNC, Jos\u00e9 Roberto Tadros. \u201cA confedera\u00e7\u00e3o, n\u00e3o apenas por meio das estruturas do Sesc e do Senac, mas\u00a0as federa\u00e7\u00f5es de\u00a0com\u00e9rcio de todo o pa\u00eds, est\u00e1 dedicando todos os esfor\u00e7os poss\u00edveis para auxiliar o povo ga\u00facho na reconstru\u00e7\u00e3o de suas vidas\u201d, acrescenta Tadros.<\/p>\n<p>O Rio Grande do Sul \u00e9 a quinta unidade da federa\u00e7\u00e3o em termos de movimenta\u00e7\u00e3o financeira anual. Em 2023, o com\u00e9rcio ga\u00facho movimentou R$ 203,3 bilh\u00f5es, representando 7% do total do volume de vendas no varejo brasileiro. Conforme o economista da CNC respons\u00e1vel pelo estudo, Fabio Bentes, as perdas impostas pela trag\u00e9dia clim\u00e1tica dever\u00e3o trazer o volume de vendas local ao n\u00edvel observado no primeiro semestre de 2021, prejudicando a recupera\u00e7\u00e3o econ\u00f4mica da regi\u00e3o.<\/p>\n<p>At\u00e9 o in\u00edcio do segundo trimestre, o restante do Brasil mostrava sinais de recupera\u00e7\u00e3o no com\u00e9rcio varejista. Segundo a Pesquisa Mensal de Com\u00e9rcio (PMC), divulgada nesta quinta-feira (13) pelo Instituto Brasileiro de Geografia e Estat\u00edstica (IBGE), o volume de vendas no com\u00e9rcio varejista brasileiro cresceu 0,9% em abril. O desempenho \u00e9 o quarto avan\u00e7o mensal consecutivo no ano. A \u00faltima vez em que o com\u00e9rcio experimentou quatro meses de crescimento no come\u00e7o do ano foi em 2012.<\/p>\n<p>A redu\u00e7\u00e3o das taxas de juros, que recuaram para 52,95% ao ano em abril de 2024, tem ajudado a aliviar o or\u00e7amento familiar. Com a taxa de desocupa\u00e7\u00e3o no menor n\u00edvel em 10 anos, a continua\u00e7\u00e3o da recupera\u00e7\u00e3o do varejo depender\u00e1 da trajet\u00f3ria dos juros e da infla\u00e7\u00e3o. Assim, a CNC mant\u00e9m a expectativa de crescimento do volume de vendas em 2,1% para este ano.<\/p>\n<\/p><\/div>\n<p><br \/>\n<br \/><a href=\"https:\/\/agenciabrasil.ebc.com.br\/economia\/noticia\/2024-06\/enchentes-no-rs-causaram-prejuizos-de-r-332-bilhoes-ao-varejo\" rel=\"noopener\">Ag\u00eancia Brasil<\/a><\/p>\n","protected":false},"excerpt":{"rendered":"<p>A Confedera\u00e7\u00e3o Nacional do Com\u00e9rcio de Bens, Servi\u00e7os e Turismo (CNC) estima perda di\u00e1ria de receitas na ordem de R$ 123 milh\u00f5es, acumulando um preju\u00edzo de R$ 3,32 bilh\u00f5es no m\u00eas de maio com as enchentes no Rio Grande do Sul. As consequ\u00eancias afetam tamb\u00e9m a infraestrutura e o abastecimento dos estabelecimentos comerciais, com queda [&hellip;]<\/p>\n","protected":false},"author":1,"featured_media":6213,"comment_status":"open","ping_status":"open","sticky":false,"template":"","format":"standard","meta":{"_jetpack_newsletter_access":"","_jetpack_dont_email_post_to_subs":false,"_jetpack_newsletter_tier_id":0,"_jetpack_memberships_contains_paywalled_content":false,"_mbp_banners":[],"_jetpack_feature_clip_id":0,"_jetpack_memberships_contains_paid_content":false,"footnotes":"","jetpack_publicize_message":"","jetpack_publicize_feature_enabled":true,"jetpack_social_post_already_shared":true,"jetpack_social_options":{"image_generator_settings":{"template":"highway","default_image_id":0,"font":"","enabled":false},"version":2},"jetpack_post_was_ever_published":false},"categories":[24],"tags":[],"class_list":["post-8384","post","type-post","status-publish","format-standard","has-post-thumbnail","category-economia"],"jetpack_publicize_connections":[],"jetpack-related-posts":[],"jetpack_shortlink":"https:\/\/wp.me\/p7Eq1F-2be","jetpack_sharing_enabled":true,"jetpack_featured_media_url":"https:\/\/i0.wp.com\/guialimeira.com.br\/news\/wp-content\/uploads\/2024\/05\/img_2976.jpg?fit=1600%2C800&ssl=1","_links":{"self":[{"href":"https:\/\/guialimeira.com.br\/news\/wp-json\/wp\/v2\/posts\/8384","targetHints":{"allow":["GET"]}}],"collection":[{"href":"https:\/\/guialimeira.com.br\/news\/wp-json\/wp\/v2\/posts"}],"about":[{"href":"https:\/\/guialimeira.com.br\/news\/wp-json\/wp\/v2\/types\/post"}],"author":[{"embeddable":true,"href":"https:\/\/guialimeira.com.br\/news\/wp-json\/wp\/v2\/users\/1"}],"replies":[{"embeddable":true,"href":"https:\/\/guialimeira.com.br\/news\/wp-json\/wp\/v2\/comments?post=8384"}],"version-history":[{"count":0,"href":"https:\/\/guialimeira.com.br\/news\/wp-json\/wp\/v2\/posts\/8384\/revisions"}],"wp:featuredmedia":[{"embeddable":true,"href":"https:\/\/guialimeira.com.br\/news\/wp-json\/wp\/v2\/media\/6213"}],"wp:attachment":[{"href":"https:\/\/guialimeira.com.br\/news\/wp-json\/wp\/v2\/media?parent=8384"}],"wp:term":[{"taxonomy":"category","embeddable":true,"href":"https:\/\/guialimeira.com.br\/news\/wp-json\/wp\/v2\/categories?post=8384"},{"taxonomy":"post_tag","embeddable":true,"href":"https:\/\/guialimeira.com.br\/news\/wp-json\/wp\/v2\/tags?post=8384"}],"curies":[{"name":"wp","href":"https:\/\/api.w.org\/{rel}","templated":true}]}}